{"id":402256,"date":"2026-03-18T23:03:16","date_gmt":"2026-03-18T23:03:16","guid":{"rendered":"https:\/\/www.europesays.com\/it\/402256\/"},"modified":"2026-03-18T23:03:16","modified_gmt":"2026-03-18T23:03:16","slug":"oppo-find-n6-presentato-il-nuovo-smartphone-pieghevole-dei-sogni","status":"publish","type":"post","link":"https:\/\/www.europesays.com\/it\/402256\/","title":{"rendered":"OPPO Find N6, presentato il nuovo smartphone pieghevole \u201cdei sogni\u201d"},"content":{"rendered":"<p>\u00c8 leggerissimo e ultra-piatto, ha una piega super resistente e praticamente invisibile, un comparto fotocamere, batteria e processore da vero flagship. Al momento non \u00e8 previsto un lancio in Europa. L\u2019abbiamo provato in anteprima<\/p>\n<p>Non ci sono al momento piani per un lancio in Europa. Ma <a data-intcmp=\"skytg24_foglia articolo_interlink_text\" href=\"https:\/\/tg24.sky.it\/argomenti\/oppo\" rel=\"nofollow noopener\" target=\"_blank\">OPPO<\/a>, in occasione del Mobile World Congress di Barcellona (<a data-intcmp=\"skytg24_foglia articolo_interlink_text\" href=\"https:\/\/tg24.sky.it\/tecnologia\/now\/video\/2026\/03\/12\/now-mobile-world-congress-barcellona-2026-reportage-1081241\" rel=\"nofollow noopener\" target=\"_blank\">qui il nostro speciale<\/a>) ha voluto comunque chiamare a raccolta tutta la stampa europea specializzata per presentare il nuovo smartphone pieghevole di picco dell\u2019azienda, il Find N6. Un telefono pieghevole ultra-piatto, ultra-flessibile e ultra-resistente, definito \u201cl\u2019apice nel mondo dei pieghevoli\u201d, grazie anche alla sua piega praticamente invisibile, e su cui abbiamo avuto modo di mettere le mani in anteprima.<\/p>\n<p>\t        <img decoding=\"async\" crossorigin=\"anonymous\" src=\"https:\/\/www.europesays.com\/it\/wp-content\/uploads\/2026\/03\/oppo-find-n6-skytg24-02.jpg\" class=\"c-inline-image__img j-lazyload\" itemprop=\"contentUrl\" loading=\"lazy\" data-cmp-hook-image=\"image\" alt=\"OPPO Find N6\" title=\"OPPO Find N6\"\/><\/p>\n<p>\t       \tOPPO Find N6  <\/p>\n<p>\t\t\tLe caratteristiche principali<\/p>\n<p>Partiamo dal design: il nuovo N6 ha uno spessore di soli 8,93 millimetri (quasi un record di sottigliezza nel mondo dei pieghevoli) e un peso di 225 grammi, simile a quello di molti telefoni tradizionali. I lati sono piatti, i bordi sagomati, il design ergonomico. Dotato di architettura \u201cArmour Shield\u201d, \u00e8 stato progettato per essere ultra-resistente. La cornice \u00e8 realizzata in alluminio rinforzato di grado aeronautico; la cerniera Flexion in titanio di seconda generazione utilizza una lega di titanio di grado 5 e una stampa 3D avanzata per offrire protezione e resistenza; le strutture portanti all\u2019interno della cerniera sono state rinforzate con acciaio ad altissima resistenza, il che &#8211; spiegano da OPPO &#8211; garantisce un meccanismo di piegatura affidabile e durevole. Inoltre il telefono \u00e8 in grado di resistere ad acqua ad alta pressione e ad alta temperatura e alla polvere (vero tallone d\u2019Achille dei pieghevoli). Sul retro trova invece spazio il modulo fotocamera \u201cCosmos Ring\u201d di OPPO, con quattro fotocamere posteriori ingegnerizzate da Hasselblad (principale da 200 megapixel, ultra-grandangolare da 50, teleobiettivo da 50 e una True Color Camera, un sensore di spettro specializzato che cattura i dati del bilanciamento del bianco per migliorare la resa cromatica) poste in maniera simmetrica. A completare la configurazione anche due fotocamere frontali da 20 megapixel da usare sia sullo schermo esterno che su quell interno. Sul bordo laterale troviamo il tasto multifunzione Snap, che permette di avviare in maniera rapida la fotocamera, la torcia, il silenzioso (ma \u00e8 totalmente configurabile).<\/p>\n<p>\t        <img decoding=\"async\" crossorigin=\"anonymous\" src=\"https:\/\/www.europesays.com\/it\/wp-content\/uploads\/2026\/03\/oppo-find-n6-skytg24-03.jpg\" class=\"c-inline-image__img j-lazyload\" itemprop=\"contentUrl\" loading=\"lazy\" data-cmp-hook-image=\"image\" alt=\"OPPO Find N6\" title=\"OPPO Find N6\"\/><\/p>\n<p>\t       \tOPPO Find N6  <\/p>\n<p>\t\t\tIl display e le altre caratteristiche<\/p>\n<p>Il display esterno misura 6,62 pollici e vanta la cornice pi\u00f9 sottile della sua categoria; quello interno \u00e8 un ampio schermo da 8,12 pollici LTPO con una luminosit\u00e0 di picco di 2.500 nit e una pellicola antiriflesso. A bordo troviamo l\u2019ultimo processore mobile di Qualcomm, lo Snapdragon 8 Elite Gen 5, una mega-batteria da ben 6.000 mAh in silicio-carbonio compatibile con la ricarica veloce SUPERVOOC da 80W. Tra le novit\u00e0 lato software segnaliamo invece un sistema di multitasking che permette di aprire fino a quattro app contemporaneamente regolando liberamente dimensioni e proporzioni. Durante le nostre prove lo smartphone \u00e8 risultato scattante, semplice da usare e dunque un prodotto molto promettente. Dicevamo: per il momento non \u00e8 previsto lo sbarco in Europa di questo modello (questo non significa che non arriver\u00e0 mai), due i colori: il grigio Stellar Titanium e l\u2019arancione Blossom Orange.<\/p>\n<p>Arriva Find X9 Ultra<\/p>\n<p>Per uno smartphone che non si sa se arriva ce n\u2019\u00e8 uno che invece arriva sicuramente: durante la presentazione OPPO ha confermato che il suo flagship di nuova generazione, OPPO Find X9 Ultra, arriver\u00e0 anche in Europa nel corso dell\u2019anno. \u00c8 la prima volta che uno smartphone della linea Ultra si espande oltre la Cina. \u201cFind X9 Ultra &#8211; spiegano da OPPO &#8211; integra il sistema di imaging pi\u00f9 avanzato che OPPO abbia mai sviluppato, con un\u2019ingegneria ottica di nuova generazione progettata per portare la fotografia mobile a un nuovo livello\u201d.<\/p>\n<p>    <a href=\"https:\/\/tg24.sky.it\/tecnologia\/now\" rel=\"nofollow noopener\" target=\"_blank\"><\/p>\n<p>\t        <img decoding=\"async\" crossorigin=\"anonymous\" src=\"https:\/\/www.europesays.com\/it\/wp-content\/uploads\/2026\/03\/now-skytg24.jpg\" class=\"c-inline-image__img j-lazyload\" itemprop=\"contentUrl\" loading=\"lazy\" data-cmp-hook-image=\"image\" alt=\"NOW\"\/><\/p>\n<p>    <\/a><\/p>\n<p>\t            TAG:<\/p>\n","protected":false},"excerpt":{"rendered":"\u00c8 leggerissimo e ultra-piatto, ha una piega super resistente e praticamente invisibile, un comparto fotocamere, batteria e processore&hellip;\n","protected":false},"author":3,"featured_media":402257,"comment_status":"","ping_status":"","sticky":false,"template":"","format":"standard","meta":{"footnotes":"","_share_on_mastodon":"0"},"categories":[173],"tags":[1537,90,89,6242,53733,195,198,199,197,200,201,8970,194,196],"class_list":["post-402256","post","type-post","status-publish","format-standard","has-post-thumbnail","category-scienza-e-tecnologia","tag-it","tag-italia","tag-italy","tag-now","tag-oppo","tag-science","tag-science-and-technology","tag-scienceandtechnology","tag-scienza","tag-scienza-e-tecnologia","tag-scienzaetecnologia","tag-smartphone","tag-technology","tag-tecnologia"],"share_on_mastodon":{"url":"https:\/\/pubeurope.com\/@it\/116252678874854151","error":""},"_links":{"self":[{"href":"https:\/\/www.europesays.com\/it\/wp-json\/wp\/v2\/posts\/402256","targetHints":{"allow":["GET"]}}],"collection":[{"href":"https:\/\/www.europesays.com\/it\/wp-json\/wp\/v2\/posts"}],"about":[{"href":"https:\/\/www.europesays.com\/it\/wp-json\/wp\/v2\/types\/post"}],"author":[{"embeddable":true,"href":"https:\/\/www.europesays.com\/it\/wp-json\/wp\/v2\/users\/3"}],"replies":[{"embeddable":true,"href":"https:\/\/www.europesays.com\/it\/wp-json\/wp\/v2\/comments?post=402256"}],"version-history":[{"count":0,"href":"https:\/\/www.europesays.com\/it\/wp-json\/wp\/v2\/posts\/402256\/revisions"}],"wp:featuredmedia":[{"embeddable":true,"href":"https:\/\/www.europesays.com\/it\/wp-json\/wp\/v2\/media\/402257"}],"wp:attachment":[{"href":"https:\/\/www.europesays.com\/it\/wp-json\/wp\/v2\/media?parent=402256"}],"wp:term":[{"taxonomy":"category","embeddable":true,"href":"https:\/\/www.europesays.com\/it\/wp-json\/wp\/v2\/categories?post=402256"},{"taxonomy":"post_tag","embeddable":true,"href":"https:\/\/www.europesays.com\/it\/wp-json\/wp\/v2\/tags?post=402256"}],"curies":[{"name":"wp","href":"https:\/\/api.w.org\/{rel}","templated":true}]}}