{"id":402334,"date":"2026-03-19T00:15:13","date_gmt":"2026-03-19T00:15:13","guid":{"rendered":"https:\/\/www.europesays.com\/it\/402334\/"},"modified":"2026-03-19T00:15:13","modified_gmt":"2026-03-19T00:15:13","slug":"mette-marit-di-norvegia-non-si-presenta-allincontro-con-mathilde-del-belgio","status":"publish","type":"post","link":"https:\/\/www.europesays.com\/it\/402334\/","title":{"rendered":"Mette-Marit di Norvegia non si presenta all&#8217;incontro con Mathilde del Belgio"},"content":{"rendered":"<p>Ancora difficolt\u00e0 per <strong>Mette-Marit di Norvegia<\/strong>. La Principessa \u00e8 sempre pi\u00f9 lontana dalla scena pubblica. Dopo le polemiche legate ai suoi presunti contatti con Jeffrey Epstein e il processo al figlio Marius Borg H\u00f8iby, la consorte dell\u2019erede al trono <strong>Haakon<\/strong> continua a restare defilata.<\/p>\n<p>Era atteso un suo ritorno in occasione della visita di Stato del Re Filippo e della <strong>Regina Mathilde del Belgio<\/strong>, prevista per il 24 marzo. Un appuntamento simbolico per riaffermare compattezza e stabilit\u00e0 della monarchia norvegese. Ma cos\u00ec non sar\u00e0: Mette-Marit non prender\u00e0 parte al programma ufficiale.\n<\/p>\n<p>Perch\u00e9 Mette-Marit di Norvegia non incontrer\u00e0 Mathilde del Belgio<\/p>\n<p><a href=\"https:\/\/dilei.it\/star-e-vip\/mette-marit\/\" data-doctype=\"\" rel=\"nofollow noopener\" target=\"_blank\">Mette-Marit<\/a> di Norvegia non incontrer\u00e0 Mathilde del Belgio a causa delle sue <strong>condizioni di salute<\/strong>, sempre pi\u00f9 critiche. La sua presenza era vista come un\u2019occasione fondamentale per proiettare un\u2019immagine di stabilit\u00e0 e unit\u00e0 all\u2019interno della famiglia reale norvegese, soprattutto dopo le ultime settimane segnate dalle polemiche. Ma la salute ha prevalso su tutto.<\/p>\n<p>A spiegare l\u2019assenza \u00e8 stata la Corte reale norvegese tramite la responsabile della comunicazione, Guri Varpe: \u201cLe condizioni di salute della Principessa ereditaria sono <strong>peggiorate<\/strong>\u201c. Una situazione gi\u00e0 nota da anni, dopo la diagnosi di <strong>fibrosi polmonare<\/strong> ricevuta nel 2018.<\/p>\n<p>La malattia ha pi\u00f9 volte costretto Mette-Marit a ridurre gli impegni pubblici e a cancellare eventi ufficiali. Tanto che qualche mese fa la Casa reale ha anche annunciato i preparativi per un possibile <strong>trapianto di polmoni<\/strong>, segno di <a href=\"https:\/\/dilei.it\/reali\/mette-marit-norvegia-sparita-malata-trapianto\/2210119\/\" data-doctype=\"\" rel=\"nofollow noopener\" target=\"_blank\">un quadro clinico sempre pi\u00f9 delicato<\/a>. \u201c\u00c8 stato un lungo percorso mentale\u201d, aveva raccontato la stessa Principessa in un\u2019intervista di qualche tempo fa, descrivendo le difficolt\u00e0 affrontate.<\/p>\n<p>Il periodo complesso di Mette-Marit di Norvegia<\/p>\n<p>Questo episodio si inserisce in <strong>un quadro gi\u00e0 particolarmente delicato<\/strong> per la Principessa ereditaria Mette-Marit, aggravato dalle vicende giudiziarie del figlio <strong>Marius Borg H\u00f8iby<\/strong>. Senza dimenticare la fitta corrispondenza con <strong>Jeffrey Epstein<\/strong> che hanno profondamente imbarazzato la madre dell\u2019erede al trono e tutta la corte norvegese. La coincidenza temporale di questi eventi ha contribuito ad alimentare la percezione di una crisi che investe direttamente la figura della 52enne.<\/p>\n<p>Sul piano istituzionale,<strong> la sua prolungata assenza pesa<\/strong> in modo significativo. Dal 2001, anno del matrimonio con Haakon e dell\u2019ingresso ufficiale nella famiglia reale, Mette-Marit ha sempre mantenuto una presenza costante negli impegni pubblici, con rare eccezioni. Secondo un\u2019analisi dell\u2019emittente NRK, le sue assenze alle visite di Stato sono state sporadiche, elemento che rende ancora pi\u00f9 evidente<strong> l\u2019eccezionalit\u00e0 della situazione attuale.<\/strong><\/p>\n<p>L\u2019ultimo appuntamento ufficiale risale al 28 gennaio, durante una visita a Fredrikstad. Da allora, nessuna apparizione pubblica e<strong> un\u2019agenda, al momento, priva di impegni futuri:<\/strong> un vuoto che alimenta interrogativi sul suo ruolo nel breve periodo. Non a caso qualcuno ha parlato addirittura di imminente <a href=\"https:\/\/dilei.it\/reali\/mette-marit-norvegia-inizia-processo-figlio-marius-borg-divorzio\/2127815\/\" data-doctype=\"\" rel=\"nofollow noopener\" target=\"_blank\">divorzio con Haakon.<\/a><\/p>\n<p>In questo contesto, <strong>la visita di Stato dei sovrani del Belgio<\/strong> assume un valore che va oltre il piano diplomatico. L\u2019appuntamento arriva infatti in un momento particolarmente sensibile per la monarchia norvegese, a pochi giorni dalla conclusione del processo a carico di Marius Borg H\u00f8iby presso il Tribunale distrettuale di Oslo. Le conclusioni dell\u2019accusa, attese nei prossimi giorni, potrebbero aggiungere nuovi elementi a una faccenda gi\u00e0 assai complessa.<\/p>\n<p>\t\t\t\tScopri i personaggi in trend, le storie del momento e molto altro.<br \/>Dove? Sul <a href=\"https:\/\/whatsapp.com\/channel\/0029Vb68mVyHVvTWezDm7d0R\" target=\"_blank\" rel=\"noopener nofollow\">canale WhatsApp di DiLei!<\/a><\/p>\n<p>\t\t\t<a class=\"buttonCall\" href=\"https:\/\/whatsapp.com\/channel\/0029Vb68mVyHVvTWezDm7d0R\" target=\"_blank\" rel=\"noopener nofollow\" title=\"Seguici su WhatsApp\"><br \/>\n\t\t\t\tSeguici su WhatsApp<br \/>\n\t\t\t<\/a><\/p>\n","protected":false},"excerpt":{"rendered":"Ancora difficolt\u00e0 per Mette-Marit di Norvegia. La Principessa \u00e8 sempre pi\u00f9 lontana dalla scena pubblica. Dopo le polemiche&hellip;\n","protected":false},"author":3,"featured_media":268865,"comment_status":"","ping_status":"","sticky":false,"template":"","format":"standard","meta":{"footnotes":"","_share_on_mastodon":"0"},"categories":[1451],"tags":[1621,1620,203,204,1537,90,89,45919,1447],"class_list":["post-402334","post","type-post","status-publish","format-standard","has-post-thumbnail","category-celebrita","tag-celebrita","tag-celebrities","tag-entertainment","tag-intrattenimento","tag-it","tag-italia","tag-italy","tag-mette-marit","tag-reali"],"share_on_mastodon":{"url":"https:\/\/pubeurope.com\/@it\/116252961977892516","error":""},"_links":{"self":[{"href":"https:\/\/www.europesays.com\/it\/wp-json\/wp\/v2\/posts\/402334","targetHints":{"allow":["GET"]}}],"collection":[{"href":"https:\/\/www.europesays.com\/it\/wp-json\/wp\/v2\/posts"}],"about":[{"href":"https:\/\/www.europesays.com\/it\/wp-json\/wp\/v2\/types\/post"}],"author":[{"embeddable":true,"href":"https:\/\/www.europesays.com\/it\/wp-json\/wp\/v2\/users\/3"}],"replies":[{"embeddable":true,"href":"https:\/\/www.europesays.com\/it\/wp-json\/wp\/v2\/comments?post=402334"}],"version-history":[{"count":0,"href":"https:\/\/www.europesays.com\/it\/wp-json\/wp\/v2\/posts\/402334\/revisions"}],"wp:featuredmedia":[{"embeddable":true,"href":"https:\/\/www.europesays.com\/it\/wp-json\/wp\/v2\/media\/268865"}],"wp:attachment":[{"href":"https:\/\/www.europesays.com\/it\/wp-json\/wp\/v2\/media?parent=402334"}],"wp:term":[{"taxonomy":"category","embeddable":true,"href":"https:\/\/www.europesays.com\/it\/wp-json\/wp\/v2\/categories?post=402334"},{"taxonomy":"post_tag","embeddable":true,"href":"https:\/\/www.europesays.com\/it\/wp-json\/wp\/v2\/tags?post=402334"}],"curies":[{"name":"wp","href":"https:\/\/api.w.org\/{rel}","templated":true}]}}