{"id":402443,"date":"2026-03-19T01:49:14","date_gmt":"2026-03-19T01:49:14","guid":{"rendered":"https:\/\/www.europesays.com\/it\/402443\/"},"modified":"2026-03-19T01:49:14","modified_gmt":"2026-03-19T01:49:14","slug":"abbattimento-orso-m90-lassoluzione-del-governatore-maurizio-fugatti-e-un-caso-animalisti-delusi-brambilla-leidaa-il-fatto-sussiste","status":"publish","type":"post","link":"https:\/\/www.europesays.com\/it\/402443\/","title":{"rendered":"Abbattimento orso M90, l&#8217;assoluzione del governatore Maurizio Fugatti \u00e8 un caso. Animalisti delusi. Brambilla (Leidaa): \u00abIl fatto sussiste\u00bb"},"content":{"rendered":"<p>Il presidente della Provincia autonoma assolto dall&#8217;accusa di \u00abuccisione con crudelt\u00e0\u00bb per l&#8217;abbattimento dell&#8217;orso M90. \u00abIl nostro operato fu legittimo\u00bb<\/p>\n<p class=\"chapter-paragraph\">Il presidente della Provincia autonoma di Trento <b>Maurizio Fugatti <\/b>\u00e8 stato assolto dall&#8217;accusa di \u00abuccisione con crudelt\u00e0\u00bb per<a href=\"https:\/\/corrieredeltrentino.corriere.it\/notizie\/cronaca\/26_marzo_09\/orso-m90-ucciso-a-colpi-di-fucile-chiesti-a-fugatti-300mila-euro-brambilla-leidaa-un-esecuzione-barbara-e-crudele-34622fb9-c3e7-473b-a38d-e16e2f24cxlk.shtml\" title=\"Orso M90 ucciso a colpi di fucile, chiesti a Fugatti 300mila euro. Brambilla (Leidaa): \u00abUn&#039;esecuzione barbara e crudele\u00bb\" rel=\"nofollow noopener\" target=\"_blank\"> l&#8217;abbattimento<br \/>dell&#8217;orso M90<\/a>, avvenuto il 6 febbraio 2024. Il provvedimento, adottato per garantire la sicurezza pubblica, era stato eseguito dal Corpo forestale del Trentino.<\/p>\n<p>    Fugatti:\u00a0\u00abAgito con professionalit\u00e0\u00bb<\/p>\n<p class=\"chapter-paragraph\">\u00abL&#8217;assoluzione conferma in modo chiaro <b>la piena legittimit\u00e0 dell&#8217;operato<\/b> della Provincia &#8211; dice il presidente Fugatti -. Abbiamo assunto una decisione necessaria e responsabile, nell&#8217;esercizio delle nostre competenze. La gestione di esemplari pericolosi <b>richiede interventi tempestivi e rispettosi<\/b> delle norme vigenti, con l&#8217;obiettivo prioritario di tutelare l&#8217;incolumit\u00e0 delle persone, inclusa quella del personale del Corpo forestale a cui \u00e8 affidato l&#8217;intervento sul campo. <b>Abbiamo agito con professionalit\u00e0<\/b>, attenendoci a protocolli consolidati e riconosciuti a livello internazionale\u00bb.    &#13;<br \/>\n&#13;<br \/>\n&#13;<br \/>\n&#13;<br \/>\n&#13;<br \/>\n&#13;<br \/>\n&#13;<br \/>\n&#13;<br \/>\n&#13;<br \/>\n&#13;<br \/>\n&#13;<br \/>\n&#13;<br \/>\n&#13;<br \/>\n&#13;<br \/>\n&#13;<br \/>\n&#13;<br \/>\n&#13;<br \/>\n&#13;<br \/>\n&#13;<br \/>\n&#13;<br \/>\n&#13;<br \/>\n&#13;<br \/>\n&#13;<br \/>\n&#13;<br \/>\n&#13;<br \/>\n&#13;<br \/>\n&#13;<br \/>\n&#13;<br \/>\n&#13;<br \/>\n&#13;<br \/>\n&#13;<br \/>\n&#13;<br \/>\n&#13;<br \/>\n&#13;<br \/>\n&#13;<br \/>\n&#13;<br \/>\n&#13;<br \/>\n&#13;<br \/>\n&#13;<br \/>\n&#13;<br \/>\n&#13;<br \/>\n&#13;<br \/>\n&#13;<br \/>\n&#13;<br \/>\n&#13;<br \/>\n&#13;<br \/>\n&#13;<br \/>\n&#13;<br \/>\n&#13;<br \/>\n&#13;<br \/>\n&#13;<br \/>\n&#13;<br \/>\n&#13;\n<\/p>\n<p>    Le reazioni delle associazioni ambientaliste<\/p>\n<p class=\"chapter-paragraph\">L\u2019assoluzione ha sollevato le reazione delle <b>associazioni ambientaliste.\u00a0<\/b>\u00abSiamo molto delusi da questa sentenza che non ha tenuto in conto degli elementi oggettivi che dimostravano come l\u2019uccisione dell\u2019orso sia stata eseguita in violazione delle regole che la stessa Provincia di Trento si \u00e8 data per la gestione di casi del genere \u2013 commenta Massimo Vitturi, responsabile Animali Selvatici della LAV \u2013 ora il nostro pensiero va all\u2019uccisione di M90, un orso che non aveva mai creato problemi ma che <b>frequentava le aree urbanizzat<\/b>e perch\u00e9 abituato a cibarsi nei cassonetti non protetti.\u00a0Attendiamo la pubblicazione delle motivazioni della sentenza e poi costruiremo le nostre azioni per <b>riportare Fugatti sul banco degli imputati della Corte d\u2019appello<\/b>\u00bb.<b>\u00a0\u00ab<\/b>Aspetteremo di leggere le motivazioni della sentenza. Ma un punto resta fermo: l\u2019uccisione con crudelt\u00e0 \u00e8 avvenuta. In un Paese civile nessuno pu\u00f2 essere ucciso facendolo consapevolmente e volontariamente soffrire fino all\u2019ultimo respiro- aggiunge Enpa &#8211; Non arretreremo di un passo nella difesa degli animali e continueremo a vigilare sugli orsi del Trentino\u00bb.<b>\u00a0\u00a0<\/b>\u00ab<b>Il fatto sussiste<\/b>, non si poteva negare l\u2019evidenza di una morte inflitta fra atroci patimenti, ma il presidente Fugatti non \u00e8 punibile, con le motivazioni capiremo perch\u00e9. Se il giudice afferma che non si pu\u00f2 uccidere un animale in questo modo, si \u00e8 stabilito<b> un importante principio di diritto\u00bb<\/b>, conclude il professor Mario Zanchetti, difensore della Lega italiana per la Difesa degli Animali e dell\u2019Ambiente. Per <b>Michela Vittoria Brambilla<\/b>, presidente dell&#8217;associazione,\u00a0\u00abgli animali non sono cose, di cui si pu\u00f2 disporre a piacimento. Non si pu\u00f2 farli soffrire per negligenza o <b>indifferenza<\/b>. Sono anch\u2019essi portatori di fondamentali diritti, sulla base del principio, affermato dalla legge Brambilla, della <b>tutela diretta <\/b>degli animali in quanto esseri senzienti. Continueremo a batterci contro l\u2019arbitrio e l\u2019arroganza di chi tratta gli orsi, il cui <b>ripopolamento <\/b>\u00e8 stato deciso proprio dai politici trentini, come ingombranti ostacoli da rimuovere <b>non appena se ne sente il bisogno<\/b>\u00bb.<\/p>\n<p class=\"is-last-update\" datetime=\"2026-03-18T18:09:53+01:00\">18 marzo 2026 ( modifica il 18 marzo 2026 | 18:09)<\/p>\n<p class=\"is-copyright\">\n            \u00a9 RIPRODUZIONE RISERVATA\n        <\/p>\n","protected":false},"excerpt":{"rendered":"Il presidente della Provincia autonoma assolto dall&#8217;accusa di \u00abuccisione con crudelt\u00e0\u00bb per l&#8217;abbattimento dell&#8217;orso M90. \u00abIl nostro operato&hellip;\n","protected":false},"author":3,"featured_media":402444,"comment_status":"","ping_status":"","sticky":false,"template":"","format":"standard","meta":{"footnotes":"","_share_on_mastodon":"0"},"categories":[6],"tags":[86070,229960,506,229962,229963,25627,229964,30651,5270,10433,30654,23346,229965,229966,51370,2545,25631,1087,3591,175751,14,27640,229967,229968,126087,767,38990,8,1537,90,89,16663,7,15,82,9,83,10,66112,135,438,2319,13,64393,229961,11,80,84,12,81,85],"class_list":["post-402443","post","type-post","status-publish","format-standard","has-post-thumbnail","category-ultime-notizie","tag-abbattimento","tag-abbattimento-orso","tag-accusa","tag-accusa-uccisione","tag-accusa-uccisione-crudelta","tag-agito","tag-agito-professionalita","tag-ambientaliste","tag-animali","tag-associazioni","tag-associazioni-ambientaliste","tag-assolto","tag-assolto-accusa","tag-assolto-accusa-uccisione","tag-assoluzione","tag-autonoma","tag-brambilla","tag-continueremo","tag-corpo","tag-corpo-forestale","tag-cronaca","tag-crudelta","tag-crudelta-abbattimento","tag-crudelta-abbattimento-orso","tag-delusi","tag-difesa","tag-fugatti","tag-headlines","tag-it","tag-italia","tag-italy","tag-motivazioni","tag-news","tag-notizie","tag-notizie-di-cronaca","tag-notizie-principali","tag-notiziedicronaca","tag-notizieprincipali","tag-orso","tag-presidente","tag-provincia","tag-sentenza","tag-titoli","tag-uccisione","tag-uccisione-crudelta","tag-ultime-notizie","tag-ultime-notizie-di-cronaca","tag-ultime-notizie-e-news-di-oggi","tag-ultimenotizie","tag-ultimenotiziedicronaca","tag-ultimenotizieenewsdioggi"],"share_on_mastodon":{"url":"","error":"Validation failed: Text character limit of 500 exceeded"},"_links":{"self":[{"href":"https:\/\/www.europesays.com\/it\/wp-json\/wp\/v2\/posts\/402443","targetHints":{"allow":["GET"]}}],"collection":[{"href":"https:\/\/www.europesays.com\/it\/wp-json\/wp\/v2\/posts"}],"about":[{"href":"https:\/\/www.europesays.com\/it\/wp-json\/wp\/v2\/types\/post"}],"author":[{"embeddable":true,"href":"https:\/\/www.europesays.com\/it\/wp-json\/wp\/v2\/users\/3"}],"replies":[{"embeddable":true,"href":"https:\/\/www.europesays.com\/it\/wp-json\/wp\/v2\/comments?post=402443"}],"version-history":[{"count":0,"href":"https:\/\/www.europesays.com\/it\/wp-json\/wp\/v2\/posts\/402443\/revisions"}],"wp:featuredmedia":[{"embeddable":true,"href":"https:\/\/www.europesays.com\/it\/wp-json\/wp\/v2\/media\/402444"}],"wp:attachment":[{"href":"https:\/\/www.europesays.com\/it\/wp-json\/wp\/v2\/media?parent=402443"}],"wp:term":[{"taxonomy":"category","embeddable":true,"href":"https:\/\/www.europesays.com\/it\/wp-json\/wp\/v2\/categories?post=402443"},{"taxonomy":"post_tag","embeddable":true,"href":"https:\/\/www.europesays.com\/it\/wp-json\/wp\/v2\/tags?post=402443"}],"curies":[{"name":"wp","href":"https:\/\/api.w.org\/{rel}","templated":true}]}}