{"id":402473,"date":"2026-03-19T02:22:12","date_gmt":"2026-03-19T02:22:12","guid":{"rendered":"https:\/\/www.europesays.com\/it\/402473\/"},"modified":"2026-03-19T02:22:12","modified_gmt":"2026-03-19T02:22:12","slug":"volley-playoff-challenge-cup-con-san-giovanni-in-marignano","status":"publish","type":"post","link":"https:\/\/www.europesays.com\/it\/402473\/","title":{"rendered":"Volley playoff Challenge Cup con San Giovanni in Marignano"},"content":{"rendered":"\n<p> <strong class=\"nero\">Modifica in corso per il Volley Bergamo nel calendario<\/strong> dei playoff di Challenge Cup. Dopo la sconfitta al tie-break nel match d\u2019esordio a Cuneo, <strong class=\"nero\">venerd\u00ec 20 marzo al PalaFacchetti di Treviglio (alle 20) le rossobl\u00f9 affronteranno San Giovanni in Marignano<\/strong>. <strong class=\"nero\">Gioved\u00ec 26, posticipato<\/strong> di 24 ore,<strong class=\"nero\"> il match a Pesaro <\/strong>(alle 20,30) contro Vallefoglia. <\/p>\n<p>A seguire il 30 marzo a Treviglio (alle 20) la gara di ritorno contro Curno. Il 3 aprile, sempre al PalaFacchetti (alle 20), sfida a Vallefoglia, prima della chiusura del girone l\u20198 aprile a Cervia (alle 20) sul campo di San Giovanni in Marignano. <\/p>\n<p> <strong class=\"nero\">La prevendita per il match di venerd\u00ec 20 marzo \u00e8 gi\u00e0 on line su TicketOne<\/strong>. A partire da luned\u00ec 23 saranno invece disponibili i biglietti per la sfida del 30 marzo. Dal 31 quelli per la gara del 3 aprile.<\/p>\n","protected":false},"excerpt":{"rendered":"Modifica in corso per il Volley Bergamo nel calendario dei playoff di Challenge Cup. Dopo la sconfitta al&hellip;\n","protected":false},"author":3,"featured_media":402474,"comment_status":"","ping_status":"","sticky":false,"template":"","format":"standard","meta":{"footnotes":"","_share_on_mastodon":"0"},"categories":[1474],"tags":[1537,90,89,2347,245,244,1869,111367],"class_list":["post-402473","post","type-post","status-publish","format-standard","has-post-thumbnail","category-volley","tag-it","tag-italia","tag-italy","tag-pallavolo","tag-sport","tag-sports","tag-volley","tag-volley-bergamo"],"share_on_mastodon":{"url":"https:\/\/pubeurope.com\/@it\/116253461312127104","error":""},"_links":{"self":[{"href":"https:\/\/www.europesays.com\/it\/wp-json\/wp\/v2\/posts\/402473","targetHints":{"allow":["GET"]}}],"collection":[{"href":"https:\/\/www.europesays.com\/it\/wp-json\/wp\/v2\/posts"}],"about":[{"href":"https:\/\/www.europesays.com\/it\/wp-json\/wp\/v2\/types\/post"}],"author":[{"embeddable":true,"href":"https:\/\/www.europesays.com\/it\/wp-json\/wp\/v2\/users\/3"}],"replies":[{"embeddable":true,"href":"https:\/\/www.europesays.com\/it\/wp-json\/wp\/v2\/comments?post=402473"}],"version-history":[{"count":0,"href":"https:\/\/www.europesays.com\/it\/wp-json\/wp\/v2\/posts\/402473\/revisions"}],"wp:featuredmedia":[{"embeddable":true,"href":"https:\/\/www.europesays.com\/it\/wp-json\/wp\/v2\/media\/402474"}],"wp:attachment":[{"href":"https:\/\/www.europesays.com\/it\/wp-json\/wp\/v2\/media?parent=402473"}],"wp:term":[{"taxonomy":"category","embeddable":true,"href":"https:\/\/www.europesays.com\/it\/wp-json\/wp\/v2\/categories?post=402473"},{"taxonomy":"post_tag","embeddable":true,"href":"https:\/\/www.europesays.com\/it\/wp-json\/wp\/v2\/tags?post=402473"}],"curies":[{"name":"wp","href":"https:\/\/api.w.org\/{rel}","templated":true}]}}