{"id":403274,"date":"2026-03-19T14:50:09","date_gmt":"2026-03-19T14:50:09","guid":{"rendered":"https:\/\/www.europesays.com\/it\/403274\/"},"modified":"2026-03-19T14:50:09","modified_gmt":"2026-03-19T14:50:09","slug":"pronostici-e-orari-sprint-race-e-gara-dove-vederle-in-tv-2","status":"publish","type":"post","link":"https:\/\/www.europesays.com\/it\/403274\/","title":{"rendered":"pronostici e orari Sprint Race e gara, dove vederle in TV"},"content":{"rendered":"<p>La MotoGP approda in Sudamerica per il secondo round stagionale. Dopo i trascorsi in Argentina, si vola in Brasile, su un circuito che ha gi\u00e0 ospitato il Motomondiale alla fine degli anni \u201980, ma oggi \u00e8 stato rinnovato in modo da risultare sicuro e sfidante per i bolidi moderni. Dopo il successo di <strong>Marco Bezzecchi<\/strong> nella prima sfida di Buriram, il mondo sembra essersi rovesciato.<\/p>\n<p>L\u2019Aprilia \u00e8 stata protagonista di una cavalcata irrefrenabile in Thailandia, dopo la vittoria della Sprint Race da parte di <strong>Pedro Acosta<\/strong>. Quest\u2019ultimo \u00e8 risultato un grande protagonista e comanda la graduatoria con 7 punti di vantaggio sul romagnolo della Casa di Noale. Nelle prime 5 posizioni della classifica ci sono 4 piloti Aprilia: alle spalle di Bezzecchi, figurano Raul Fernandez, Jorge Martin e Ai Ogura.\n<\/p>\n<p>Testa a testa Ducati vs Aprilia<\/p>\n<p>La Casa di Borgo Panigale dopo il DNF di Marc Marquez in gara e le due none posizioni di Pecco Bagnaia nella SR e nel GP non pu\u00f2 consentirsi passi falsi. La <strong>Desmosedici<\/strong> non sembra godere pi\u00f9 dell\u2019enorme vantaggio tecnico delle passate stagioni. Il progetto di Dall\u2019Igna si vedr\u00e0 alla distanza, ma nell\u2019ultimo anno delle moto 1000cc potrebbe accadere l\u2019impensabile. \u201cSimply the Bez\u201d si potrebbe ritagliare il ruolo di anti-Marquez e il brand di Noale potrebbe scardinare le certezze della Ducati.<\/p>\n<p><a href=\"https:\/\/www.virgilio.it\/motori\/motor-sport\/moto-gp\/rinnovo-ducati-marquez-bagnaia\/319678\/\" data-doctype=\"\" rel=\"nofollow noopener\" target=\"_blank\">Bagnaia<\/a> oramai \u00e8 un separato in casa e, a breve, annuncer\u00e0 il suo passaggio all\u2019Aprilia. Martin dovrebbe prendere il posto in Yamaha di Quartararo che ha deciso di legarsi con Honda. Un valzer di nomi che rende ancora pi\u00f9 salda la posizione di Bezzecchi, fresco di matrimonio con la RS-GP. <strong>Marc Marquez<\/strong> non pu\u00f2 mancare la lotta alla prima posizione in Brasile. Sconfitto nella SR dal connazionale Acosta, il numero 93 \u00e8 stato costretto al ritiro nella sfida lunga thailandese dopo aver piegato il cerchio posteriore su un cordolo. Per la Ducati si interrotto il filotto di 88 podi di fila, con la prima delle Desmosedici GP che ha chiuso addirittura sesta con Fabio Di Giannantonio del <a href=\"https:\/\/www.virgilio.it\/motori\/motor-sport\/moto-gp\/valentino-rossi-aprilia-avance-ducati\/319975\/\" data-doctype=\"\" rel=\"nofollow noopener\" target=\"_blank\">team VR46<\/a>.<\/p>\n<p>Le caratteristiche del tracciato<\/p>\n<p>La pista \u00e8 lunga <strong>3,835 km<\/strong>, con 14 curve: 9 a destra e 5 a sinistra. Il circuito di Goiania \u00e8 stato inaugurato nel 1974, progettato dall\u2019architetto Silas Varizo in collaborazione con il pilota di aerei e auto da corsa Marcos Veiga Jardim. Il driver brasiliano Emerson Fittipaldi, all\u2019epoca in procinto di conquistare il suo secondo titolo mondiale di Formula 1, fu protagonista di una consulenza speciale.<\/p>\n<p>Goiania \u00e8 la capitale dello stato del Goi\u00e1s, a poco pi\u00f9 di 200 km da Brasilia, e dovr\u00e0 rappresentare per i piloti di Borgo Panigale il luogo del riscatto. La terza forza sar\u00e0 sicuramente la KTM, mentre <strong>Honda e Yamaha<\/strong> le pronostichiamo pi\u00f9 attardate.<\/p>\n<p>Gli orari TV della GP del Brasile<\/p>\n<p>Il Gran Premio verr\u00e0 trasmesso in diretta integrale da Sky Sport sul canale Sky Sport MotoGP (anche in mobilit\u00e0 su SkyGo) e in live streaming su NOW. <strong>TV8<\/strong> offrir\u00e0 in differita l\u2019evento. Per adattarsi al nuovo circuito, i piloti delle tre classi avranno a disposizione delle sessioni di prove libere pi\u00f9 lunghe nella giornata di venerd\u00ec. Il turno pomeridiano della MotoGP durer\u00e0 75 minuti e non i 60 tradizionali. Di seguito gli orari dettagliati delle trasmissioni di <strong>Sky Sport<\/strong>:<\/p>\n<p><strong>Venerd\u00ec 20 marzo<\/strong><\/p>\n<ul>\n<li>FP1 Moto3: 13:00 \u2013 13:45<\/li>\n<li>FP1 Moto2: 14:00 \u2013 14:50<\/li>\n<li>FP1 MotoGP: 15:05 \u2013 16:05<\/li>\n<li>P Moto3: 17:15 \u2013 18:00<\/li>\n<li>P Moto2: 18:15 \u2013 19:05<\/li>\n<li>P MotoGP: 19:20 \u2013 20:35<\/li>\n<\/ul>\n<p><strong>Sabato 21 marzo<\/strong><\/p>\n<ul>\n<li>FP2 Moto3: 12:40 \u2013 13:10<\/li>\n<li>FP2 Moto2: 13:25 \u2013 13:55<\/li>\n<li>FP2 MotoGP: 14:10 \u2013 14:40<\/li>\n<li>Qualifiche MotoGP: 14:50 \u2013 15:30 (diretta su TV8)<\/li>\n<li>Qualifiche Moto3: 16:45 \u2013 17:25 (diretta su TV8)<\/li>\n<li>Qualifiche Moto2: 17:40 \u2013 18:20 (diretta su TV8)<\/li>\n<li>Sprint MotoGP: 19:00 (diretta su TV8)<\/li>\n<\/ul>\n<p><strong>Domenica 22 marzo<\/strong><\/p>\n<ul>\n<li>Warm-Up MotoGP: 14:40 \u2013 14:50<\/li>\n<li>Gara Moto3: 16:00 (differita ore 18:30 TV8)<\/li>\n<li>Gara Moto2: 17:15 (differita ore 19:50 TV8)<\/li>\n<li>Gara MotoGP: 19:00 (differita ore 21:30 TV8)<\/li>\n<\/ul>\n","protected":false},"excerpt":{"rendered":"La MotoGP approda in Sudamerica per il secondo round stagionale. Dopo i trascorsi in Argentina, si vola in&hellip;\n","protected":false},"author":3,"featured_media":403275,"comment_status":"","ping_status":"","sticky":false,"template":"","format":"standard","meta":{"footnotes":"","_share_on_mastodon":"0"},"categories":[176],"tags":[3437,8848,1537,90,89,1798,1785,245,244],"class_list":["post-403274","post","type-post","status-publish","format-standard","has-post-thumbnail","category-sport","tag-aprilia","tag-gp-brasile","tag-it","tag-italia","tag-italy","tag-moto-gp","tag-motogp","tag-sport","tag-sports"],"share_on_mastodon":{"url":"https:\/\/pubeurope.com\/@it\/116256402850682460","error":""},"_links":{"self":[{"href":"https:\/\/www.europesays.com\/it\/wp-json\/wp\/v2\/posts\/403274","targetHints":{"allow":["GET"]}}],"collection":[{"href":"https:\/\/www.europesays.com\/it\/wp-json\/wp\/v2\/posts"}],"about":[{"href":"https:\/\/www.europesays.com\/it\/wp-json\/wp\/v2\/types\/post"}],"author":[{"embeddable":true,"href":"https:\/\/www.europesays.com\/it\/wp-json\/wp\/v2\/users\/3"}],"replies":[{"embeddable":true,"href":"https:\/\/www.europesays.com\/it\/wp-json\/wp\/v2\/comments?post=403274"}],"version-history":[{"count":0,"href":"https:\/\/www.europesays.com\/it\/wp-json\/wp\/v2\/posts\/403274\/revisions"}],"wp:featuredmedia":[{"embeddable":true,"href":"https:\/\/www.europesays.com\/it\/wp-json\/wp\/v2\/media\/403275"}],"wp:attachment":[{"href":"https:\/\/www.europesays.com\/it\/wp-json\/wp\/v2\/media?parent=403274"}],"wp:term":[{"taxonomy":"category","embeddable":true,"href":"https:\/\/www.europesays.com\/it\/wp-json\/wp\/v2\/categories?post=403274"},{"taxonomy":"post_tag","embeddable":true,"href":"https:\/\/www.europesays.com\/it\/wp-json\/wp\/v2\/tags?post=403274"}],"curies":[{"name":"wp","href":"https:\/\/api.w.org\/{rel}","templated":true}]}}