{"id":403288,"date":"2026-03-19T15:09:28","date_gmt":"2026-03-19T15:09:28","guid":{"rendered":"https:\/\/www.europesays.com\/it\/403288\/"},"modified":"2026-03-19T15:09:28","modified_gmt":"2026-03-19T15:09:28","slug":"final-eight-di-coppa-italia-al-via-questa-sera-il-grande-basket","status":"publish","type":"post","link":"https:\/\/www.europesays.com\/it\/403288\/","title":{"rendered":"Final Eight di Coppa Italia: al via questa sera il grande basket"},"content":{"rendered":"<p>\tFinal Eight di Coppa Italia: al via questa sera il grande basket &#8211; Futura News<\/p>\n<p>&#13;<br \/>\n&#13;<\/p>\n<p><a class=\"skip-link screen-reader-text\" href=\"#content\">Vai al contenuto<\/a><\/p>\n<p>\u00c8 tutto pronto. Scatta il conto alla rovescia per la <a href=\"https:\/\/www.legabasket.it\/landing\/final-eight\" target=\"_blank\" rel=\"noreferrer noopener nofollow\">Frecciarossa Final Eight 2026<\/a>, pronta a trasformare Torino nella capitale del basket italiano, da questa sera fino al 22 febbraio, all\u2019Inalpi Arena. Una data simbolica per la citt\u00e0, perch\u00e9 proprio otto anni fa, il 18 febbraio 2018, Torino ha vinto il suo unico trofeo nel basket, la Coppa Italia con la sua squadra Auxilium Fiat. <\/p>\n<p>Per la 50\u00aa edizione della Coppa Italia \u2013 in citt\u00e0 per il quarto anno consecutivo \u2013 le otto migliori squadre della Serie A si daranno battaglia. Venduti oltre 30mila biglietti e un format di assoluto prestigio che vedr\u00e0 in campo formazioni come Virtus Olidata Bologna, EA7 Emporio Armani Milano, Germani Brescia e molte altre pronte a contendersi il titolo (<a href=\"https:\/\/futura.news\/coppa-italia-basket-torino\/\" target=\"_blank\" rel=\"noreferrer noopener nofollow\">vi abbiamo raccontato tutti i dettagli qui<\/a>). \u201cQual \u00e8 l\u2019obiettivo? Fare cinque. Sarebbe il record assoluto di edizioni consecutive. Abbiamo un palazzetto straordinario, delle professionalit\u00e0 incredibili e un rapporto con la Lega maturato negli anni\u201d, ha dichiarato l\u2019assessore ai Grandi eventi <strong>Domenico Carretta<\/strong> durante l\u2019esposizione del trofeo nella sede del palazzo Civico.<\/p>\n<p>Il trofeo in tour, istituzioni in prima fila<\/p>\n<p><img fetchpriority=\"high\" decoding=\"async\" width=\"1024\" height=\"768\" data-id=\"155961\" src=\"https:\/\/www.europesays.com\/it\/wp-content\/uploads\/2026\/03\/WhatsApp-Image-2026-02-18-at-13.57.33-1024x768.jpeg\" alt=\"\" class=\"wp-image-155961\"  \/><\/p>\n<p><img loading=\"lazy\" decoding=\"async\" width=\"1024\" height=\"768\" data-id=\"155962\" src=\"https:\/\/www.europesays.com\/it\/wp-content\/uploads\/2026\/03\/WhatsApp-Image-2026-02-18-at-13.57.55-1024x768.jpeg\" alt=\"\" class=\"wp-image-155962\"  \/><\/p>\n<p>Negli ultimi giorni il trofeo della Frecciarossa Final Eight 2026 ha fatto parlare di s\u00e9. La coppa ha infatti compiuto un tour itinerante per il Piemonte, toccando diversi comuni e facendo tappa, tra le ultime, al Grattacielo Piemonte e a Palazzo Civico, sede del comune di Torino.<\/p>\n<p>\u201cCi sar\u00e0 un momento di intrattenimento importante con lo Showtime di venerd\u00ec: tra vecchie glorie, campioni, musica, calcio e basket, uno spettacolo che verr\u00e0 offerto alla citt\u00e0 di Torino\u201d, ha dichiarato Carretta, sottolineando come la manifestazione voglia essere s\u00ec competizione sportiva, ma anche occasione di coinvolgimento per tutta la citt\u00e0. Oltre alle partite ufficiali, l\u2019evento includer\u00e0 iniziative nel foyer dell\u2019arena, attivit\u00e0 per appassionati, e momenti speciali come la Ibsa NextGen Cup \u2013 competizione Under 19 legata alle societ\u00e0 di Serie A \u2013 e l\u2019Lba Showtime Game, appuntamento che unisce sport e spettacolo con protagonisti storici e volti del mondo digitale.<\/p>\n<p>Non solo spettacolo dunque. La finale della Next Gen sar\u00e0 ospitata al PalaSermig, dove le squadre di Serie A1 torneranno ad allenarsi, come gi\u00e0 avvenuto negli anni passati, incontrando i ragazzi che frequentano quotidianamente quel luogo. Un\u2019occasione di confronto e condivisione che va oltre il campo. \u201cAnche questa \u00e8 un\u2019opportunit\u00e0 per raccontarsi, per condividere storie straordinarie. Il basket \u00e8 solo una parte di un percorso pi\u00f9 ampio: siamo partiti con le Final Four di pallavolo e continuiamo a credere che i grandi eventi non sottraggano spazio allo sport di base. Anzi, stiamo vedendo l\u2019esatto contrario: un grande evento genera empatia, emozione e crea nuove energie sul territorio\u201d, ha sottolineato.<\/p>\n<p>La citt\u00e0 \u00e8 pronta, il pubblico ha risposto presente e il parquet \u00e8 lucido. La redazione di Futura racconter\u00e0 ogni momento della Frecciarossa Final Eight 2026 con aggiornamenti e approfondimenti. Restate connessi al nostro sito e ai nostri social per non perdere nulla.<\/p>\n<p>&#13;<br \/>\n\t\t&#13;<\/p>\n<p>Ti informiamo che, per migliorare la tua esperienza di navigazione su questo Sito sono utilizzati dei cookies. Cliccando su \u201cAccetto \u201d o continuando la navigazione saranno attivati tutti i cookies specificati nell&#8217; Informativa estesa ai sensi dell\u2019art. 13 del Codice della privacy. Per scoprire come utilizziamo i cookie e come cancellarli privacy policy.AccettoPrivacy policy<\/p>\n<p>\t\t&#13;<\/p>\n","protected":false},"excerpt":{"rendered":"Final Eight di Coppa Italia: al via questa sera il grande basket &#8211; Futura News &#13; &#13; Vai&hellip;\n","protected":false},"author":3,"featured_media":403289,"comment_status":"","ping_status":"","sticky":false,"template":"","format":"standard","meta":{"footnotes":"","_share_on_mastodon":"0"},"categories":[1453],"tags":[1756,1757,1819,73882,1537,90,89,245,244,1641],"class_list":["post-403288","post","type-post","status-publish","format-standard","has-post-thumbnail","category-basket","tag-basket","tag-basketball","tag-citta","tag-final-eight","tag-it","tag-italia","tag-italy","tag-sport","tag-sports","tag-torino"],"share_on_mastodon":{"url":"https:\/\/pubeurope.com\/@it\/116256477461688561","error":""},"_links":{"self":[{"href":"https:\/\/www.europesays.com\/it\/wp-json\/wp\/v2\/posts\/403288","targetHints":{"allow":["GET"]}}],"collection":[{"href":"https:\/\/www.europesays.com\/it\/wp-json\/wp\/v2\/posts"}],"about":[{"href":"https:\/\/www.europesays.com\/it\/wp-json\/wp\/v2\/types\/post"}],"author":[{"embeddable":true,"href":"https:\/\/www.europesays.com\/it\/wp-json\/wp\/v2\/users\/3"}],"replies":[{"embeddable":true,"href":"https:\/\/www.europesays.com\/it\/wp-json\/wp\/v2\/comments?post=403288"}],"version-history":[{"count":0,"href":"https:\/\/www.europesays.com\/it\/wp-json\/wp\/v2\/posts\/403288\/revisions"}],"wp:featuredmedia":[{"embeddable":true,"href":"https:\/\/www.europesays.com\/it\/wp-json\/wp\/v2\/media\/403289"}],"wp:attachment":[{"href":"https:\/\/www.europesays.com\/it\/wp-json\/wp\/v2\/media?parent=403288"}],"wp:term":[{"taxonomy":"category","embeddable":true,"href":"https:\/\/www.europesays.com\/it\/wp-json\/wp\/v2\/categories?post=403288"},{"taxonomy":"post_tag","embeddable":true,"href":"https:\/\/www.europesays.com\/it\/wp-json\/wp\/v2\/tags?post=403288"}],"curies":[{"name":"wp","href":"https:\/\/api.w.org\/{rel}","templated":true}]}}