{"id":403434,"date":"2026-03-19T17:26:17","date_gmt":"2026-03-19T17:26:17","guid":{"rendered":"https:\/\/www.europesays.com\/it\/403434\/"},"modified":"2026-03-19T17:26:17","modified_gmt":"2026-03-19T17:26:17","slug":"il-gesto-dolcissimo-durante-il-concerto","status":"publish","type":"post","link":"https:\/\/www.europesays.com\/it\/403434\/","title":{"rendered":"il gesto dolcissimo durante il concerto"},"content":{"rendered":"\n<p>Insieme da ormai pi\u00f9 di 20 anni, un figlio (Samuel, nato nel 2010) e un grande amore a legarli. Loro sono Giorgia (cantautrice romana, 54 anni) ed Emanuel Lo (coreografo romano, 46 anni). Negli anni passati molto riservati, ultimamente invece si sono aperti anche alla cronaca rosa: tra foto e video pubblicate sui social e pi\u00f9 di un&#8217;apparizione (insieme, ma con distinti ruoli) in tv. Lui, non lo ha mai negato, \u00e8 sempre stato un suo grande fan. E continua a esserlo. L&#8217;ennesima testimonianza arriva da un recente concerto di Giorgia.\u00a0<\/p>\n<p>Nella fattispecie quello che \u00a0&#8211; nell&#8217;ambito del tour \u2018G-Palasport\u2019 &#8211; si \u00e8 svolto a Roma, presso il Palazzo dello Sport, lo scorso 16 febbraio. Nel pubblico (oltre alla mamma della cantautrice) anche Emanuel Lo, compagno della voce di \u201cLa Cura Per Me\u201d. C&#8217;eravamo anche noi di Today.it e abbiamo potuto constatare come Lo non si sia quasi mai staccato dal telefonino, intento a riprendere la \u201csua\u201d Giorgia. Ogni canzone \u00e8 stata speciale. Ogni momento da ricordare. E lui, soddisfatto, ha voluto filmare tutto.\u00a0<\/p>\n<p><a href=\"https:\/\/www.today.it\/vision\/musica\/giorgia-concerto-scaletta.html\" target=\"_blank\" rel=\"nofollow noopener\">&#8220;Qui il primo concerto, mamma mi disse: &#8216;Qualsiasi cosa scappa&#8217;, ma dove dovevo and\u00e0?&#8221;. Giorgia incanta (e fa divertire)<\/a><a href=\"https:\/\/www.today.it\/gossip\/vip\/giorgia-emanuel-lo-amore-dichiarazione.html\" target=\"_blank\" rel=\"nofollow noopener\">Emanuel Lo, la dedica d&#8217;amore inaspettata per Giorgia. Lei reagisce cos\u00ec: &#8220;Ma sei pazzo? Mi faccio un piantarello&#8221;\u00a0<\/a>Lo assalito dai fan<\/p>\n<p>Non solo. Prima dell&#8217;inizio del concerto \u00e8 stato letteralmente assalito dai fan (soprattutto ragazze giovani, probabilmente fan di Amici di Maria De Filippi, in cui Lo insegna danza). Il coreografo non ha esitato un attimo e si \u00e8 reso disponibile per scattare vari selfie. \u201cLui \u00a0\u00e8 il fidanzato di Giorgia\u201d, dice qualcuno a chi, probabilmente, non si intende di gossip. E poi via con il concerto.\u00a0<\/p>\n<p>Dopo, via social, <a href=\"https:\/\/www.today.it\/gossip\/vip\/giorgia-emanuel-lo-amore-dichiarazione.html\" target=\"_blank\" rel=\"nofollow noopener\">la dedica speciale di Emanuel Lo alla compagna<\/a>: &#8220;La prima volta ti ho vista a Sanremo con \u2018E poi\u2019 e poi ti ho aspettata per vederti l\u2019anno successivo, per sentire le tue note e la tua espressione, quella con il tuo sopracciglio alzato. Quando sei uscita ho capito, poi \u00e8 iniziata la prima nota di \u2018Come saprei\u2019 e mi sono innamorato. Sei rimasta l\u00ec per molti anni fino a quando ti ho incontrata, il resto mi porta a ieri, e di nuovo ritorno l\u00ec, dove tutto \u00e8 iniziato. Sei pazzesca\u201d, le parole di lui.<\/p>\n<p><a href=\"https:\/\/www.today.it\/vision\/musica\/concerti-marzo-2026.html\" target=\"_blank\" rel=\"nofollow noopener\">I concerti pi\u00f9 attesi a marzo 2026: Angelina, Giorgia, Eddie Brock, Gabbani e tutti gli altri<\/a>          <\/p>\n","protected":false},"excerpt":{"rendered":"Insieme da ormai pi\u00f9 di 20 anni, un figlio (Samuel, nato nel 2010) e un grande amore a&hellip;\n","protected":false},"author":3,"featured_media":403435,"comment_status":"","ping_status":"","sticky":false,"template":"","format":"standard","meta":{"footnotes":"","_share_on_mastodon":"0"},"categories":[1451],"tags":[1621,1620,160539,32425,203,204,1537,90,89],"class_list":["post-403434","post","type-post","status-publish","format-standard","has-post-thumbnail","category-celebrita","tag-celebrita","tag-celebrities","tag-concerto-giorgia","tag-emanuel-lo","tag-entertainment","tag-intrattenimento","tag-it","tag-italia","tag-italy"],"share_on_mastodon":{"url":"https:\/\/pubeurope.com\/@it\/116257016116267527","error":""},"_links":{"self":[{"href":"https:\/\/www.europesays.com\/it\/wp-json\/wp\/v2\/posts\/403434","targetHints":{"allow":["GET"]}}],"collection":[{"href":"https:\/\/www.europesays.com\/it\/wp-json\/wp\/v2\/posts"}],"about":[{"href":"https:\/\/www.europesays.com\/it\/wp-json\/wp\/v2\/types\/post"}],"author":[{"embeddable":true,"href":"https:\/\/www.europesays.com\/it\/wp-json\/wp\/v2\/users\/3"}],"replies":[{"embeddable":true,"href":"https:\/\/www.europesays.com\/it\/wp-json\/wp\/v2\/comments?post=403434"}],"version-history":[{"count":0,"href":"https:\/\/www.europesays.com\/it\/wp-json\/wp\/v2\/posts\/403434\/revisions"}],"wp:featuredmedia":[{"embeddable":true,"href":"https:\/\/www.europesays.com\/it\/wp-json\/wp\/v2\/media\/403435"}],"wp:attachment":[{"href":"https:\/\/www.europesays.com\/it\/wp-json\/wp\/v2\/media?parent=403434"}],"wp:term":[{"taxonomy":"category","embeddable":true,"href":"https:\/\/www.europesays.com\/it\/wp-json\/wp\/v2\/categories?post=403434"},{"taxonomy":"post_tag","embeddable":true,"href":"https:\/\/www.europesays.com\/it\/wp-json\/wp\/v2\/tags?post=403434"}],"curies":[{"name":"wp","href":"https:\/\/api.w.org\/{rel}","templated":true}]}}