{"id":403839,"date":"2026-03-19T23:12:12","date_gmt":"2026-03-19T23:12:12","guid":{"rendered":"https:\/\/www.europesays.com\/it\/403839\/"},"modified":"2026-03-19T23:12:12","modified_gmt":"2026-03-19T23:12:12","slug":"ciclismo-milano-sanremo-e-sanremo-women-inaugurata-la-walk-of-fame","status":"publish","type":"post","link":"https:\/\/www.europesays.com\/it\/403839\/","title":{"rendered":"Ciclismo, Milano-Sanremo e Sanremo Women: inaugurata la Walk of Fame"},"content":{"rendered":"<p>                                Sabato sul podio della Classicissima ci sar\u00e0 il ritorno di Moser: &#8220;\u00c8 la corsa pi\u00f9 importante del nostro calendario. Nel 1975 ho chiuso al secondo posto alle spalle di Merckx&#8230;. Il 1984 \u00e8 stato il mio anno d&#8217;oro: sono riuscito a vincerla.\u00a0\u00c8 uno dei ricordi pi\u00f9 belli della mia carriera&#8221;<\/p>\n<p>                    19 marzo &#8211; 17:44  &#8211; MILANO<\/p>\n<p class=\"paragraph\" spellcheck=\"true\">Inaugurata a Sanremo, sulla pista ciclabile sotto corso Imperatrice, la Walk of Fame dedicata ai protagonisti delle Classicissime. Lungo la passerella sono state posizionate le impronte dei vincitori della Milano-Sanremo e della Sanremo Woman 2025: Lorena Wiebes e Mathieu Van der Poel, oltre all&#8217;albo d&#8217;oro con i nomi dei corridori che si sono imposti in passato . \u00c8 un percorso emozionale che consentir\u00e0 a cittadini, appassionati e turisti di ripercorrere le imprese dei campioni che hanno scritto pagine indimenticabili di questa corsa storica.\u00a0<\/p>\n<p>        obiettivo\u2014 \u00a0<\/p>\n<p class=\"paragraph\" spellcheck=\"true\">La Walk of Fame \u00e8 stata inaugurata quest&#8217;anno nell&#8217;ottica di poter raccogliere le impronte dei vincitori di entrambe le prove, a seguito del ritorno in calendario della prova femminile.  All&#8217;iniziativa hanno partecipato Alessandro Mager, sindaco di Sanremo, Alessandro Sindoni, assessore al Turismo e allo Sport del Comune di Sanremo, Paolo Bellino, ad di RCS Sports &amp; Events, gli ultimi due vincitori italiani della Classicissima: Vincenzo Nibali e Filippo Pozzato, e Lorena Wiebes, arrivata alla cerimonia dopo avere effettuato la ricognizione del finale.<\/p>\n<p>        dichiarazioni\u2014 \u00a0<\/p>\n<p class=\"paragraph\" spellcheck=\"true\">Dichiarazioni Tra gli altri, ha parlato Vincenzo Nibali: &#8220;La Walk of Fame \u00e8 un grande riconoscimento, per me che ho sempre sognato di impormi in questa gara. Vincere ha reso fantastica una giornata durissima visto il meteo che ci accompagn\u00f2 dalla partenza. Sono riuscito a partire da solo sul Poggio e a rivedere quelle immagini ancora mi emoziono. Sabato il vento a favore potrebbe alzare notevolmente le medie nel finale ma vedo come favoriti i soliti due: Mathieu Van der Poel e Tadej Pogacar&#8221;. Parola a Filippo Pozzato: &#8220;Essere qui \u00e8 una grande emozione, ho abitato qui vicino per tanti anni e quindi \u00e8 un po&#8217; come essere sulle strade di casa. Vedere il mio nome accanto a quello di grandi campioni mi rende orgoglioso. La Milano-Sanremo \u00e8 da sempre una gara incerta ed emozionante. E&#8217; un po&#8217; come una bottiglia di champagne, quando viene stappata scoppia nel finale. Abbiamo due grandissimi favoriti che attirano tutti i pronostici, a partire da Pogacar che, nonostante abbia altre caratteristiche, prova sempre di tutto per vincerla e rende ancora pi\u00f9 emozionanti e spettacolari gli ultimi 30 km&#8221;.<\/p>\n<p><a class=\"is-partner-link\" href=\"https:\/\/www.tuttosulciclismo.it\/?pwcmp_cta_cicl\" rel=\"nofollow noopener\" target=\"_blank\">Stai cercando la bici giusta per te o attrezzatura? Guide all&#8217;acquisto e consigli su Tutto sul Ciclismo.<\/a><\/p>\n<p>        moser\u2014 \u00a0<\/p>\n<p class=\"paragraph\" spellcheck=\"true\">Sabato sul podio della Classicissima il ritorno di Francesco Moser, vincitore della gara per la rpima volta nel 1984: &#8220;La Milano-Sanremo \u00e8 la corsa pi\u00f9 importante del nostro calendario. Nel 1975 ho chiuso al secondo posto alle spalle di Merckx, un risultato seguito da tanti piazzamenti. Il 1984 \u00e8 stato il mio anno d&#8217;oro: sono finalmente riuscito a vincerla, ed \u00e8 uno dei ricordi pi\u00f9 belli della mia carriera. In quell&#8217;anno d&#8217;oro poi ho anche vinto il Giro d&#8217;Italia. Ho origini contadine, e dopo aver smesso di correre ho deciso di tornare alle origini, iniziando a produrre vino con la mia famiglia. Dopo tanti anni sar\u00e0 splendido vedere il vincitore premiato con il nostro spumante 51,151, un numero significativo in onore del mio record dell&#8217;ora. Quest&#8217;anno speriamo che un italiano torni sul gradino pi\u00f9 alto del podio e con Filippo Ganna abbiamo una buona possibilit\u00e0&#8221;.<\/p>\n<p class=\"is-above-copyright is-mr-r-10\" spellcheck=\"true\">La Gazzetta dello Sport<\/p>\n<p class=\"is-copyright\">\u00a9 RIPRODUZIONE RISERVATA<\/p>\n","protected":false},"excerpt":{"rendered":"Sabato sul podio della Classicissima ci sar\u00e0 il ritorno di Moser: &#8220;\u00c8 la corsa pi\u00f9 importante del nostro&hellip;\n","protected":false},"author":3,"featured_media":403840,"comment_status":"","ping_status":"","sticky":false,"template":"","format":"standard","meta":{"footnotes":"","_share_on_mastodon":"0"},"categories":[1456],"tags":[2535,25909,230639,8597,230640,230641,2037,1902,2206,1824,215664,1276,1825,778,9435,1426,629,91699,1537,90,89,28,14731,72613,633,174816,3206,3351,3675,3353,2841,9143,245,244,5248,71732,20020,187015,230638,198088],"class_list":["post-403839","post","type-post","status-publish","format-standard","has-post-thumbnail","category-ciclismo","tag-alessandro","tag-belli","tag-belli-carriera","tag-calendario","tag-calendario-chiuso","tag-calendario-chiuso-spalle","tag-campioni","tag-carriera","tag-chiuso","tag-ciclismo","tag-classicissima","tag-corsa","tag-cycling","tag-fame","tag-filippo","tag-finale","tag-gara","tag-inaugurata","tag-it","tag-italia","tag-italy","tag-milano","tag-milano-sanremo","tag-moser","tag-of","tag-of-fame","tag-oro","tag-podio","tag-ritorno","tag-riuscito","tag-sabato","tag-sanremo","tag-sport","tag-sports","tag-tanti","tag-vincerla","tag-vincitori","tag-walk","tag-walk-of","tag-walk-of-fame"],"share_on_mastodon":{"url":"https:\/\/pubeurope.com\/@it\/116258376613159539","error":""},"_links":{"self":[{"href":"https:\/\/www.europesays.com\/it\/wp-json\/wp\/v2\/posts\/403839","targetHints":{"allow":["GET"]}}],"collection":[{"href":"https:\/\/www.europesays.com\/it\/wp-json\/wp\/v2\/posts"}],"about":[{"href":"https:\/\/www.europesays.com\/it\/wp-json\/wp\/v2\/types\/post"}],"author":[{"embeddable":true,"href":"https:\/\/www.europesays.com\/it\/wp-json\/wp\/v2\/users\/3"}],"replies":[{"embeddable":true,"href":"https:\/\/www.europesays.com\/it\/wp-json\/wp\/v2\/comments?post=403839"}],"version-history":[{"count":0,"href":"https:\/\/www.europesays.com\/it\/wp-json\/wp\/v2\/posts\/403839\/revisions"}],"wp:featuredmedia":[{"embeddable":true,"href":"https:\/\/www.europesays.com\/it\/wp-json\/wp\/v2\/media\/403840"}],"wp:attachment":[{"href":"https:\/\/www.europesays.com\/it\/wp-json\/wp\/v2\/media?parent=403839"}],"wp:term":[{"taxonomy":"category","embeddable":true,"href":"https:\/\/www.europesays.com\/it\/wp-json\/wp\/v2\/categories?post=403839"},{"taxonomy":"post_tag","embeddable":true,"href":"https:\/\/www.europesays.com\/it\/wp-json\/wp\/v2\/tags?post=403839"}],"curies":[{"name":"wp","href":"https:\/\/api.w.org\/{rel}","templated":true}]}}