{"id":403946,"date":"2026-03-20T00:44:12","date_gmt":"2026-03-20T00:44:12","guid":{"rendered":"https:\/\/www.europesays.com\/it\/403946\/"},"modified":"2026-03-20T00:44:12","modified_gmt":"2026-03-20T00:44:12","slug":"roma-bologna-di-europa-league-3-4-che-show-allolimpico-cambiaghi-al-111-fa-volare-italiano-ai-quarti","status":"publish","type":"post","link":"https:\/\/www.europesays.com\/it\/403946\/","title":{"rendered":"Roma-Bologna di Europa League 3-4, che show all&#8217;Olimpico. Cambiaghi al 111&#8242; fa volare Italiano ai quarti"},"content":{"rendered":"<p>    di<br \/>\n    Davide Stoppini<\/p>\n<p class=\"summary-art is-line-h-12\">Succede di tutto nel derby italiano: rossoblu avanti 1-3, poi i gol di Malen e Pellegrini portano la partita ai supplementari. Ma alla fine la squadra di Gasperini si arrende<\/p>\n<p class=\"chapter-paragraph\">Se metti insieme le parole <b>Bologna <\/b>e <b>Olimpico <\/b>viene fuori per forza qualcosa di buono. Un anno fa la <b>Coppa Italia <\/b>alzata al cielo dopo 51 anni, stavolta<b> una qualificazione meritata ai quarti di Europa League, <\/b>potenza di un gol di <b>Cambiaghi <\/b>nel secondo tempo supplementare quando ormai i rigori parevano lo scenario pi\u00f9 probabile. E invece no. <b>E invece il derby \u00e8 del Bologna, ai quarti ci va Vincenzo Italiano che il 9 e il 16 aprile affronter\u00e0 l\u2019Aston Villa.<\/b> Ed \u00e8 l\u2019estrema sintesi di una partita che ha detto tutto e il suo contrario, che \u00e8 uscita dalla logica almeno un paio di volte durante 120\u2019 pazzi, in cui il Bologna s\u2019\u00e8 visto rimontare dal 3-1.\u00a0<\/p>\n<p class=\"chapter-paragraph\">Ma i rossoblu non hanno mai perso il filo del gioco, hanno sempre seguito lo spartito suggerito e studiato a tavolino. Non si pu\u00f2 dire lo stesso della <b>Roma<\/b>, che si \u00e8 aggrappata al cuore per arrivare oltre il 90\u2019, <b>ma \u00e8 stata a lungo in difficolt\u00e0 tecnica e tattica.<\/b> E la sconfitta ora rischia di segnare in negativo il percorso di <b>Gian Piero Gasperini: <\/b>salutata la Coppa Italia, fuori dall\u2019Europa League davanti agli occhi di Ryan Friedkin, in campionato il quarto posto pare un miraggio. <b>La parola fallimento \u00e8 forse prematura, ma certo le frizioni interne al club adesso sono destinate ad aumentare.<\/b>    &#13;<br \/>\n&#13;<br \/>\n&#13;<br \/>\n&#13;<br \/>\n&#13;<br \/>\n&#13;<br \/>\n&#13;<br \/>\n&#13;<br \/>\n&#13;<br \/>\n&#13;<br \/>\n&#13;<br \/>\n&#13;<br \/>\n&#13;<br \/>\n&#13;<br \/>\n&#13;<br \/>\n&#13;<br \/>\n&#13;<br \/>\n&#13;<br \/>\n&#13;<br \/>\n&#13;<br \/>\n&#13;<br \/>\n&#13;<br \/>\n&#13;<br \/>\n&#13;<br \/>\n&#13;<br \/>\n&#13;<br \/>\n&#13;<br \/>\n&#13;<br \/>\n&#13;<br \/>\n&#13;<br \/>\n&#13;<br \/>\n&#13;<br \/>\n&#13;<br \/>\n&#13;<br \/>\n&#13;<br \/>\n&#13;<br \/>\n&#13;<br \/>\n&#13;<br \/>\n&#13;<br \/>\n&#13;<br \/>\n&#13;<br \/>\n&#13;<br \/>\n&#13;<br \/>\n&#13;<br \/>\n&#13;<br \/>\n&#13;<br \/>\n&#13;<br \/>\n&#13;<br \/>\n&#13;<br \/>\n&#13;<br \/>\n&#13;<br \/>\n&#13;<br \/>\n&#13;\n<\/p>\n<p class=\"chapter-paragraph\">Nel primo tempo il Bologna ha giocato la partita che voleva, \u00abbasso\u00bb il giusto per intrappolare <b>Malen <\/b>e per poi distendersi in contropiede che \u00e8 una meraviglia. E la <b>Roma <\/b>non ha tamponato mai le ferite, \u00e8 andata in difficolt\u00e0 sui tagli verso il centro di <b>Rowe <\/b>da una parte e di <b>Bernardeschi <\/b>dall\u2019altro, mentre <b>Castro <\/b>impegnava nel lavoro sporco <b>Ndicka<\/b>. \u00c8 cos\u00ec che \u00e8 nato il primo gol del Bologna, con Rowe che sfondava dalle parti di <b>Mancini <\/b>e poi andava a chiudere centralmente nelle praterie di una difesa, quella giallorossa, <b>che non \u00e8 pi\u00f9 quella di un tempo<\/b>.\u00a0<\/p>\n<p class=\"chapter-paragraph\">Un ballo continuo, poche letture corrette, una Roma in balia degli eventi e pericolosa solo sui calci piazzati: prima la traversa di <b>Pellegrini<\/b>, subentrato a un <b>Kon\u00e9 <\/b>che evidentemente non avrebbe dovuto giocare (e infatti si \u00e8 arreso dopo 20\u2019), poi la testa vincente di <b>Ndicka<\/b>, al quarto gol nelle ultime cinque partite. Ma i disastri difensivi della Roma non erano mica finiti, il fallo da rigore commesso da <b>El Shaarawy <\/b>\u00e8 un regalo che <b>Bernardeschi <\/b>ha scartato assai volentieri. Come a Natale, aspetta che ne arriva un altro: siamo al secondo tempo, <b>Cristante e Ndicka<\/b> di fatto hanno \u00abcostruito\u00bb il 3-1 del Bologna.\u00a0<\/p>\n<p class=\"chapter-paragraph\">Poi sono entrati in gioco gli allenatori. Gasperini s\u2019\u00e8 giocato la carta Vaz passando alle due punte: Malen meno solo, Lucumi e Vitik a quel punto pi\u00f9 impegnati e la scintilla del giovane francese a procurarsi il rigore. Dall\u2019altra parte Italiano ha invece scelto di rinunciare contemporaneamente a Castro e Rowe, i due migliori. Risultato? Bologna accartocciato e 3-3 di Pellegrini per i supplementari. Sforzo inutile, ci ha pensato Cambiaghi a staccare il biglietto per i quarti.<\/p>\n<p class=\"is-last-update\" datetime=\"2026-03-19T23:53:07+01:00\">19 marzo 2026 ( modifica il 19 marzo 2026 | 23:53)<\/p>\n<p class=\"is-copyright\">\n            \u00a9 RIPRODUZIONE RISERVATA\n        <\/p>\n","protected":false},"excerpt":{"rendered":"di Davide Stoppini Succede di tutto nel derby italiano: rossoblu avanti 1-3, poi i gol di Malen e&hellip;\n","protected":false},"author":3,"featured_media":403947,"comment_status":"","ping_status":"","sticky":false,"template":"","format":"standard","meta":{"footnotes":"","_share_on_mastodon":"0"},"categories":[176],"tags":[230667,230668,230669,62379,586,3196,2712,4297,5006,5187,5376,3085,39015,5301,2267,2024,1976,1537,90,1599,89,1980,130882,6250,20400,1290,19089,4426,3673,3242,987,38571,17888,245,244,3494],"class_list":["post-403946","post","type-post","status-publish","format-standard","has-post-thumbnail","category-sport","tag-accartocciato","tag-accartocciato-pellegrini","tag-accartocciato-pellegrini-supplementari","tag-bernardeschi","tag-bologna","tag-cambiaghi","tag-castro","tag-coppa","tag-coppa-italia","tag-derby","tag-difficolta","tag-europa","tag-europa-league","tag-gasperini","tag-giocato","tag-gioco","tag-gol","tag-it","tag-italia","tag-italiano","tag-italy","tag-league","tag-malen","tag-ndicka","tag-olimpico","tag-partita","tag-pellegrini","tag-quarti","tag-quarto","tag-rigore","tag-roma","tag-rossoblu","tag-rowe","tag-sport","tag-sports","tag-supplementari"],"share_on_mastodon":{"url":"https:\/\/pubeurope.com\/@it\/116258738317408926","error":""},"_links":{"self":[{"href":"https:\/\/www.europesays.com\/it\/wp-json\/wp\/v2\/posts\/403946","targetHints":{"allow":["GET"]}}],"collection":[{"href":"https:\/\/www.europesays.com\/it\/wp-json\/wp\/v2\/posts"}],"about":[{"href":"https:\/\/www.europesays.com\/it\/wp-json\/wp\/v2\/types\/post"}],"author":[{"embeddable":true,"href":"https:\/\/www.europesays.com\/it\/wp-json\/wp\/v2\/users\/3"}],"replies":[{"embeddable":true,"href":"https:\/\/www.europesays.com\/it\/wp-json\/wp\/v2\/comments?post=403946"}],"version-history":[{"count":0,"href":"https:\/\/www.europesays.com\/it\/wp-json\/wp\/v2\/posts\/403946\/revisions"}],"wp:featuredmedia":[{"embeddable":true,"href":"https:\/\/www.europesays.com\/it\/wp-json\/wp\/v2\/media\/403947"}],"wp:attachment":[{"href":"https:\/\/www.europesays.com\/it\/wp-json\/wp\/v2\/media?parent=403946"}],"wp:term":[{"taxonomy":"category","embeddable":true,"href":"https:\/\/www.europesays.com\/it\/wp-json\/wp\/v2\/categories?post=403946"},{"taxonomy":"post_tag","embeddable":true,"href":"https:\/\/www.europesays.com\/it\/wp-json\/wp\/v2\/tags?post=403946"}],"curies":[{"name":"wp","href":"https:\/\/api.w.org\/{rel}","templated":true}]}}