{"id":404191,"date":"2026-03-20T04:56:18","date_gmt":"2026-03-20T04:56:18","guid":{"rendered":"https:\/\/www.europesays.com\/it\/404191\/"},"modified":"2026-03-20T04:56:18","modified_gmt":"2026-03-20T04:56:18","slug":"milano-si-prepara-al-referendum-del-22-e-23-marzo-tanti-in-coda-allanagrafe-per-la-scheda-elettorale-ce-anche-chi-non-vota-da-15-anni","status":"publish","type":"post","link":"https:\/\/www.europesays.com\/it\/404191\/","title":{"rendered":"Milano si prepara al referendum del 22 e 23 marzo: tanti in coda all&#8217;Anagrafe per la scheda elettorale. C&#8217;\u00e8 anche chi non vota da 15 anni"},"content":{"rendered":"<p>    di<br \/>\n    Chiara Evangelista<\/p>\n<p class=\"summary-art is-line-h-12\">Alle urne circa un milione di milanesi. Le sezioni sono 1.249 in 162 scuole<\/p>\n<p class=\"chapter-paragraph\">Piega in due il foglio. Alliscia i bordi. E poi infila il cartoncino nello zaino. La prima tessera elettorale. <b>Il primo voto, quello per il referendum sulla Giustizia. Sono 3.377 i neo diciottenni chiamati alle urne su 951.417 milanesi attesi ai seggi<\/b>. La citt\u00e0 si prepara al voto.\u00a0\u00c8 la settimana elettorale. Ma a definirlo non \u00e8 il calendario. Basta guardarsi intorno, aggirarsi <b>tra i corridoi di via Larga, una delle sedi dell\u2019anagrafe in citt\u00e0<\/b>, a pochi passi dal Duomo. Un\u2019affluenza che spezza la monotonia e la routine di un pomeriggio di marzo. <b>Alle 15.30 il Salone blu, l\u2019area riservata ai servizi cittadini, diventa un crocevia di studenti, universitari e  lavoratori<\/b> che staccano dai propri impegni per ritirare la tessera elettorale.  Tra loro, <b>c\u2019\u00e8 anche chi riceve la scheda per la prima volta, come Tommaso Battistello, ultimo anno di scuola<\/b>. \u00abTra noi studenti si discute molto di questo referendum. \u00c8 importante poter dare un contributo\u00bb. Della stessa opinione Sofia e Noura, entrambe ventenni, arrivate di corsa, zaino in spalle, dalla lezione di filosofia in Statale: \u00abL\u2019esito del voto avr\u00e0 poi delle ricadute pratiche sul nostro futuro\u00bb. Ne \u00e8 consapevole anche Alessandro Rossi, 47 anni, che dopo 15 anni torna alle urne, con una nuova scheda. \u00abDopo tutto questo tempo, ho smarrito la precedente\u00bb, ammette con un sorriso,  confidando  poi che \u00abproprio l\u2019importanza della tematica\u00bb l\u2019ha spinto negli uffici di via Larga. <b>In totale dal 1 al 17 marzo sono circa 20.500 le schede rilasciate considerando tutte le sedi anagrafiche in citt\u00e0, il 10 per cento  in pi\u00f9 rispetto al referendum dello scorso anno<\/b>. Il numero pi\u00f9 alto di rilasci si  registra all\u2019ufficio di via Messina con 7.113 tessere, seguito dalla sede centrale di via Larga, con 3.532 schede. Per la prima volta, inoltre,  ai seggi verr\u00e0 adottato un registro unico, eliminando cos\u00ec la distinzione fra uomini e donne nelle liste elettorali, cos\u00ec come l\u2019indicazione del cognome del marito per le donne sposate.\u00a0<\/p>\n<p class=\"chapter-paragraph\"><b>Non potranno esercitare il diritto di voto i fuorisede, studenti e lavoratori<\/b>. \u00abSpiace che il governo abbia deciso di escludere questa possibilit\u00e0\u00bb, commenta l\u2019<b>assessora alla Partecipazione Gaia Romani<\/b>, mettendo in evidenza \u00ablo sforzo organizzativo dei Comuni che negli anni si sono attivati per consentire concretamente l\u2019accesso al voto\u00bb. In occasione del referendum dello scorso anno, infatti, alle urne erano chiamati anche coloro che erano \u00abtemporaneamente domiciliati fuori dal Comune di residenza\u00bb. Tuttavia, in occasione del voto di domenica e luned\u00ec,  <b>una parte dei fuori sede  ha trovato un escamotage per far sentire comunque la propria voce, sulla spinta di un appello lanciato dal centrosinistra: iscriversi ai registri come  rappresentanti di lista<\/b>. Il Pd conta circa 1.200 richieste, a cui se ne aggiungono circa 950 provenienti da Sinistra Italiana e circa 600, invece, dal Movimento Cinque Stelle.    &#13;<br \/>\n&#13;<br \/>\n&#13;<br \/>\n&#13;<br \/>\n&#13;<br \/>\n&#13;<br \/>\n&#13;<br \/>\n&#13;<br \/>\n&#13;<br \/>\n&#13;<br \/>\n&#13;<br \/>\n&#13;<br \/>\n&#13;<br \/>\n&#13;<br \/>\n&#13;<br \/>\n&#13;<br \/>\n&#13;<br \/>\n&#13;<br \/>\n&#13;<br \/>\n&#13;<br \/>\n&#13;<br \/>\n&#13;<br \/>\n&#13;<br \/>\n&#13;<br \/>\n&#13;<br \/>\n&#13;<br \/>\n&#13;<br \/>\n&#13;<br \/>\n&#13;<br \/>\n&#13;<br \/>\n&#13;<br \/>\n&#13;<br \/>\n&#13;<br \/>\n&#13;<br \/>\n&#13;<br \/>\n&#13;<br \/>\n&#13;<br \/>\n&#13;<br \/>\n&#13;<br \/>\n&#13;<br \/>\n&#13;<br \/>\n&#13;<br \/>\n&#13;<br \/>\n&#13;<br \/>\n&#13;<br \/>\n&#13;<br \/>\n&#13;<br \/>\n&#13;<br \/>\n&#13;<br \/>\n&#13;<br \/>\n&#13;<br \/>\n&#13;<br \/>\n&#13;\n<\/p>\n<p class=\"chapter-paragraph\">Per accogliere quasi un milione di milanesi alle urne, <b>il Comune  allestir\u00e0 1.249 sezioni in 162 scuole<\/b>, per le quali Palazzo Marino dovr\u00e0 reclutare 3.747 scrutatori e 1.249 presidenti di seggio. <b>Al momento per\u00f2 mancano in totale 750 figure<\/b> per raggiungere i numeri stimati da Palazzo Marino per garantire un corretto svolgimento della macchina referendaria. Per consentire agli elettori di andare a votare, inoltre, <b>Lime, uno degli operatori di sharing in citt\u00e0, offre corse gratuite per aiutare i milanesi a raggiungere i seggi<\/b>.<\/p>\n<p class=\"is-mr-t-20 is-mr-b-20\"><b><br \/>\n                    <a href=\"https:\/\/milano.corriere.it\/?intcmp=Notizielocali_nd_010623_corriere_ss_milano\" target=\"_blank\" rel=\"nofollow noopener\">Vai a tutte le notizie di Milano<\/a><br \/>\n            <\/b><\/p>\n<p class=\"chapter-paragraph\"><b><a href=\"https:\/\/www.corriere.it\/newsletter\/?theme=41&amp;intcmp=IIIcolonna_NL_CorMilano\" target=\"_blank\" rel=\"nofollow noopener\">Iscriviti alla newsletter di Corriere Milano<\/a><\/b><\/p>\n<p class=\"is-last-update\" datetime=\"2026-03-18T20:20:28+01:00\">19 marzo 2026<\/p>\n<p class=\"is-copyright\">\n            \u00a9 RIPRODUZIONE RISERVATA\n        <\/p>\n","protected":false},"excerpt":{"rendered":"di Chiara Evangelista Alle urne circa un milione di milanesi. Le sezioni sono 1.249 in 162 scuole Piega&hellip;\n","protected":false},"author":3,"featured_media":404192,"comment_status":"","ping_status":"","sticky":false,"template":"","format":"standard","meta":{"footnotes":"","_share_on_mastodon":"0"},"categories":[6],"tags":[2748,230759,23997,28127,393,13993,14,2429,27,8,1537,90,89,10539,9324,329,8682,60,14850,230756,7,15,82,9,83,10,3205,330,331,13282,6437,2517,73000,46169,7315,1328,82812,30724,72981,230757,5926,24070,230758,13,3803,11,80,84,12,81,85,68674,2424,26596],"class_list":["post-404191","post","type-post","status-publish","format-standard","has-post-thumbnail","category-ultime-notizie","tag-accesso","tag-accesso-voto","tag-anagrafe","tag-chiamati","tag-comune","tag-consentire","tag-cronaca","tag-donne","tag-elettorale","tag-headlines","tag-it","tag-italia","tag-italy","tag-larga","tag-lavoratori","tag-marino","tag-marzo","tag-milanesi","tag-milione","tag-milione-milanesi","tag-news","tag-notizie","tag-notizie-di-cronaca","tag-notizie-principali","tag-notiziedicronaca","tag-notizieprincipali","tag-occasione","tag-palazzo","tag-palazzo-marino","tag-prepara","tag-raggiungere","tag-referendum","tag-scheda","tag-schede","tag-scuole","tag-sede","tag-sedi","tag-seggi","tag-sezioni","tag-sezioni-scuole","tag-studenti","tag-tessera","tag-tessera-elettorale","tag-titoli","tag-totale","tag-ultime-notizie","tag-ultime-notizie-di-cronaca","tag-ultime-notizie-e-news-di-oggi","tag-ultimenotizie","tag-ultimenotiziedicronaca","tag-ultimenotizieenewsdioggi","tag-urne","tag-voto","tag-zaino"],"share_on_mastodon":{"url":"","error":"Validation failed: Text character limit of 500 exceeded"},"_links":{"self":[{"href":"https:\/\/www.europesays.com\/it\/wp-json\/wp\/v2\/posts\/404191","targetHints":{"allow":["GET"]}}],"collection":[{"href":"https:\/\/www.europesays.com\/it\/wp-json\/wp\/v2\/posts"}],"about":[{"href":"https:\/\/www.europesays.com\/it\/wp-json\/wp\/v2\/types\/post"}],"author":[{"embeddable":true,"href":"https:\/\/www.europesays.com\/it\/wp-json\/wp\/v2\/users\/3"}],"replies":[{"embeddable":true,"href":"https:\/\/www.europesays.com\/it\/wp-json\/wp\/v2\/comments?post=404191"}],"version-history":[{"count":0,"href":"https:\/\/www.europesays.com\/it\/wp-json\/wp\/v2\/posts\/404191\/revisions"}],"wp:featuredmedia":[{"embeddable":true,"href":"https:\/\/www.europesays.com\/it\/wp-json\/wp\/v2\/media\/404192"}],"wp:attachment":[{"href":"https:\/\/www.europesays.com\/it\/wp-json\/wp\/v2\/media?parent=404191"}],"wp:term":[{"taxonomy":"category","embeddable":true,"href":"https:\/\/www.europesays.com\/it\/wp-json\/wp\/v2\/categories?post=404191"},{"taxonomy":"post_tag","embeddable":true,"href":"https:\/\/www.europesays.com\/it\/wp-json\/wp\/v2\/tags?post=404191"}],"curies":[{"name":"wp","href":"https:\/\/api.w.org\/{rel}","templated":true}]}}