{"id":404421,"date":"2026-03-20T08:59:12","date_gmt":"2026-03-20T08:59:12","guid":{"rendered":"https:\/\/www.europesays.com\/it\/404421\/"},"modified":"2026-03-20T08:59:12","modified_gmt":"2026-03-20T08:59:12","slug":"pensione-di-vecchiaia-dopo-lape-sociale-ecco-chi-resta-un-mese-scoperto-con-laumento-delleta-dal-2027","status":"publish","type":"post","link":"https:\/\/www.europesays.com\/it\/404421\/","title":{"rendered":"Pensione di vecchiaia dopo l&#8217;Ape Sociale, ecco chi resta un mese scoperto con l&#8217;aumento dell&#8217;et\u00e0 dal 2027"},"content":{"rendered":"<p>Un solo mese pu\u00f2 fare la differenza. Nel <strong>sistema previdenziale italiano<\/strong>, dove ogni requisito \u00e8 calibrato con precisione, basta uno scarto minimo per lasciare migliaia di persone senza alcuna copertura economica. \u00c8 quanto rischia di accadere <strong>dal 2027<\/strong> a una platea specifica di lavoratori che hanno scelto l\u2019<a href=\"https:\/\/www.ilmessaggero.it\/t\/ape-sociale\" rel=\"nofollow noopener\" target=\"_blank\">Ape Sociale<\/a> per uscire anticipatamente dal lavoro. Un meccanismo pensato per accompagnare in modo graduale verso la pensione di vecchiaia potrebbe infatti trasformarsi, per alcuni, in un percorso interrotto proprio sul traguardo finale.<\/p>\n<p><a class=\"link_item\" data-linked_from=\"null\" href=\"https:\/\/www.ilmessaggero.it\/economia\/news\/pensioni_ape_sociale_domanda_marzo-9397532.html\" rel=\"nofollow noopener\" target=\"_blank\">Pensioni, Ape Sociale a marzo prima scadenza per la domanda: chi pu\u00f2 farla e perch\u00e9 \u00e8 meglio non rinviare<\/a><\/p>\n","protected":false},"excerpt":{"rendered":"Un solo mese pu\u00f2 fare la differenza. Nel sistema previdenziale italiano, dove ogni requisito \u00e8 calibrato con precisione,&hellip;\n","protected":false},"author":3,"featured_media":404422,"comment_status":"","ping_status":"","sticky":false,"template":"","format":"standard","meta":{"footnotes":"","_share_on_mastodon":"0"},"categories":[6],"tags":[16807,32560,737,14,48858,8,1537,90,89,7,15,82,9,83,10,9841,7711,13,11,80,84,12,81,85],"class_list":["post-404421","post","type-post","status-publish","format-standard","has-post-thumbnail","category-ultime-notizie","tag-16807","tag-ape-sociale","tag-aumento","tag-cronaca","tag-et","tag-headlines","tag-it","tag-italia","tag-italy","tag-news","tag-notizie","tag-notizie-di-cronaca","tag-notizie-principali","tag-notiziedicronaca","tag-notizieprincipali","tag-pensione","tag-pensioni","tag-titoli","tag-ultime-notizie","tag-ultime-notizie-di-cronaca","tag-ultime-notizie-e-news-di-oggi","tag-ultimenotizie","tag-ultimenotiziedicronaca","tag-ultimenotizieenewsdioggi"],"share_on_mastodon":{"url":"https:\/\/pubeurope.com\/@it\/116260684639145804","error":""},"_links":{"self":[{"href":"https:\/\/www.europesays.com\/it\/wp-json\/wp\/v2\/posts\/404421","targetHints":{"allow":["GET"]}}],"collection":[{"href":"https:\/\/www.europesays.com\/it\/wp-json\/wp\/v2\/posts"}],"about":[{"href":"https:\/\/www.europesays.com\/it\/wp-json\/wp\/v2\/types\/post"}],"author":[{"embeddable":true,"href":"https:\/\/www.europesays.com\/it\/wp-json\/wp\/v2\/users\/3"}],"replies":[{"embeddable":true,"href":"https:\/\/www.europesays.com\/it\/wp-json\/wp\/v2\/comments?post=404421"}],"version-history":[{"count":0,"href":"https:\/\/www.europesays.com\/it\/wp-json\/wp\/v2\/posts\/404421\/revisions"}],"wp:featuredmedia":[{"embeddable":true,"href":"https:\/\/www.europesays.com\/it\/wp-json\/wp\/v2\/media\/404422"}],"wp:attachment":[{"href":"https:\/\/www.europesays.com\/it\/wp-json\/wp\/v2\/media?parent=404421"}],"wp:term":[{"taxonomy":"category","embeddable":true,"href":"https:\/\/www.europesays.com\/it\/wp-json\/wp\/v2\/categories?post=404421"},{"taxonomy":"post_tag","embeddable":true,"href":"https:\/\/www.europesays.com\/it\/wp-json\/wp\/v2\/tags?post=404421"}],"curies":[{"name":"wp","href":"https:\/\/api.w.org\/{rel}","templated":true}]}}