{"id":404872,"date":"2026-03-20T15:38:17","date_gmt":"2026-03-20T15:38:17","guid":{"rendered":"https:\/\/www.europesays.com\/it\/404872\/"},"modified":"2026-03-20T15:38:17","modified_gmt":"2026-03-20T15:38:17","slug":"vinales-concedo-unultima-possibilita-a-questa-moto-poi-passo-alla-ktm-degli-altri","status":"publish","type":"post","link":"https:\/\/www.europesays.com\/it\/404872\/","title":{"rendered":"Vinales: &#8220;Concedo un&#8217;ultima possibilit\u00e0 a questa moto poi passo alla KTM degli altri&#8221;"},"content":{"rendered":"<p>Lo scorso inverno \u00e8 stato molto duro per <a href=\"https:\/\/it.motorsport.com\/driver\/maverick-vinales\/163864\/\" target=\"_blank\" rel=\"noopener nofollow\">Maverick Vinales<\/a>, che si \u00e8 allenato pi\u00f9 che mai, con l\u2019arrivo di <a href=\"https:\/\/it.motorsport.com\/driver\/jorge-lorenzo\/147588\/\" target=\"_blank\" rel=\"noopener nofollow\">Jorge Lorenzo<\/a> come coach. Tuttavia, la sofferenza per tutte quelle ore in palestra e in moto non \u00e8 paragonabile a quella che ha vissuto tre settimane fa, in Thailandia, dove al ragazzo di Roses non \u00e8 andato tutto per il verso giusto, secondo quanto ha dichiarato l\u00ec, a causa della mancanza di grip che la sua <a href=\"https:\/\/it.motorsport.com\/team\/red-bull-ktm-factory-racing-mxgp\/2011\/\" target=\"_blank\" rel=\"noopener nofollow\">KTM<\/a> gli ha trasmesso in ogni momento.<\/p>\n<p>Vinales ha uno stile di guida molto particolare, e questo lo ha portato a seguire un percorso di sviluppo diverso rispetto agli altri piloti del costruttore di Mattighofen, sia a livello di componenti che di messa a punto.<\/p>\n<p>A Buriram, nella gara che ha aperto il calendario, la scelta dello spagnolo non gli ha dato i risultati che si aspettava: nella Sprint \u00e8 arrivato 19\u00b0, e nella gara lunga, quella di domenica, \u00e8 arrivato 16\u00b0, a 36 secondi da <a href=\"https:\/\/it.motorsport.com\/driver\/marco-bezzecchi\/177443\/\" target=\"_blank\" rel=\"noopener nofollow\">Marco Bezzecchi<\/a>, il vincitore, e pi\u00f9 di mezzo minuto dopo <a href=\"https:\/\/it.motorsport.com\/driver\/pedro-acosta\/458181\/\" target=\"_blank\" rel=\"noopener nofollow\">Pedro Acosta<\/a>, anche lui con la tuta della KTM. Un risultato che lo mette in una situazione molto complicata, in cui deve dimostrare lungimiranza per reagire.<\/p>\n<p>&#8220;In Thailandia non \u00e8 che fossi perso, ho semplicemente detto che non lavoriamo per essere gli ultimi, ma per stare davanti. C&#8217;era una KTM davanti e non era la nostra, quindi dobbiamo lavorare di pi\u00f9&#8221;, ha sintetizzato Vinales, che ha definito questo fine settimana, a Goiania, come un esame. In Brasile torner\u00e0 in pista con l&#8217;assetto che lui stesso ha scelto nei test pre-stagionali a <a href=\"https:\/\/it.motorsport.com\/location\/sepang-international-circuit\/2651\/\" target=\"_self\" rel=\"noopener nofollow\">Sepang<\/a>. Ma se non noter\u00e0 un netto miglioramento, lo metter\u00e0 da parte e salir\u00e0 sulla RC16 che guidano il resto dei suoi compagni.\u00a0<\/p>\n<p>   <img decoding=\"async\" draggable=\"false\" src=\"https:\/\/www.europesays.com\/it\/wp-content\/uploads\/2026\/03\/1774021097_125_maverick-vinales-red-bull-ktm-.jpg\" alt=\"Maverick Vi\u00f1ales, Red Bull KTM Tech 3\" width=\"1200\" height=\"800\" loading=\"lazy\"\/> <\/p>\n<p class=\"title\">Maverick Vi\u00f1ales, Red Bull KTM Tech 3<\/p>\n<p class=\"photographer\">Foto di: Gold and Goose Photography \/ LAT Images \/ via Getty Images<\/p>\n<p>&#8220;A Sepang abbiamo intrapreso una strada che, per me, era quella giusta, ma in Thailandia non ha funzionato. Dar\u00f2 un&#8217;altra possibilit\u00e0, un&#8217;ultima volta, a questa moto, per vedere se in condizioni diverse funziona. Altrimenti, prenderemo la moto che guidano gli altri piloti della KTM&#8221;, ha rivelato Vi\u00f1ales.<\/p>\n<p>&#8220;La differenza rispetto agli altri piloti non \u00e8 solo di messa a punto, ma la moto \u00e8 diversa a livello di telaio e altre cose. Bisogna capire se \u00e8 dovuto alle condizioni specifiche della Thailandia&#8221;, ha ribadito il catalano, che all&#8217;esordio del Mondiale si \u00e8 lamentato, fondamentalmente, della mancanza di grip dell&#8217;anteriore. &#8220;A Sepang (nei test invernali) questa moto ha dimostrato di avere un grande potenziale. Ma in Thailandia, la parte posteriore aveva il 90% di aderenza, mentre quella anteriore solo il 10%&#8221;, ha insistito il pilota della KTM\u00a0<a href=\"https:\/\/it.motorsport.com\/team\/monster-yamaha-tech3\/2347\/\" target=\"_blank\" rel=\"noopener nofollow\">Tech3<\/a>.<\/p>\n<p>Leggi anche:<\/p>\n<p>            Vogliamo la vostra opinione!<\/p>\n<p class=\"mt-auto\">Cosa vorresti vedere su Motorsport.com?<\/p>\n<p>            <a href=\"#\" class=\"ms-link text-link font-bold\">Partecipate al nostro sondaggio di 5 minuti.<\/a><\/p>\n<p class=\"mt-1 text-body\">&#8211; Il team di Motorsport.com<\/p>\n","protected":false},"excerpt":{"rendered":"Lo scorso inverno \u00e8 stato molto duro per Maverick Vinales, che si \u00e8 allenato pi\u00f9 che mai, con&hellip;\n","protected":false},"author":3,"featured_media":404873,"comment_status":"","ping_status":"","sticky":false,"template":"","format":"standard","meta":{"footnotes":"","_share_on_mastodon":"0"},"categories":[176],"tags":[228767,3734,1537,90,89,17511,1785,231002,8478,245,244,17510],"class_list":["post-404872","post","type-post","status-publish","format-standard","has-post-thumbnail","category-sport","tag-autu00f3dromo-internacional-ayrton-senna","tag-brasile","tag-it","tag-italia","tag-italy","tag-maverick-viu00f1ales","tag-motogp","tag-motogp-vinales-concedo-unultima-possibilitu00e0-a-questa-moto-poi-passo-alla-ktm-degli-altri","tag-red-bull-ktm-factory-racing","tag-sport","tag-sports","tag-tech-3"],"share_on_mastodon":{"url":"https:\/\/pubeurope.com\/@it\/116262253637757103","error":""},"_links":{"self":[{"href":"https:\/\/www.europesays.com\/it\/wp-json\/wp\/v2\/posts\/404872","targetHints":{"allow":["GET"]}}],"collection":[{"href":"https:\/\/www.europesays.com\/it\/wp-json\/wp\/v2\/posts"}],"about":[{"href":"https:\/\/www.europesays.com\/it\/wp-json\/wp\/v2\/types\/post"}],"author":[{"embeddable":true,"href":"https:\/\/www.europesays.com\/it\/wp-json\/wp\/v2\/users\/3"}],"replies":[{"embeddable":true,"href":"https:\/\/www.europesays.com\/it\/wp-json\/wp\/v2\/comments?post=404872"}],"version-history":[{"count":0,"href":"https:\/\/www.europesays.com\/it\/wp-json\/wp\/v2\/posts\/404872\/revisions"}],"wp:featuredmedia":[{"embeddable":true,"href":"https:\/\/www.europesays.com\/it\/wp-json\/wp\/v2\/media\/404873"}],"wp:attachment":[{"href":"https:\/\/www.europesays.com\/it\/wp-json\/wp\/v2\/media?parent=404872"}],"wp:term":[{"taxonomy":"category","embeddable":true,"href":"https:\/\/www.europesays.com\/it\/wp-json\/wp\/v2\/categories?post=404872"},{"taxonomy":"post_tag","embeddable":true,"href":"https:\/\/www.europesays.com\/it\/wp-json\/wp\/v2\/tags?post=404872"}],"curies":[{"name":"wp","href":"https:\/\/api.w.org\/{rel}","templated":true}]}}