{"id":405745,"date":"2026-03-21T04:07:16","date_gmt":"2026-03-21T04:07:16","guid":{"rendered":"https:\/\/www.europesays.com\/it\/405745\/"},"modified":"2026-03-21T04:07:16","modified_gmt":"2026-03-21T04:07:16","slug":"anas-aggiudicata-la-gara-per-la-realizzazione-del-ponte-dei-congressi-a-roma","status":"publish","type":"post","link":"https:\/\/www.europesays.com\/it\/405745\/","title":{"rendered":"Anas, aggiudicata la gara per la realizzazione del Ponte dei Congressi a Roma"},"content":{"rendered":"<p>Il Consorzio Stabile Eteria realizzer\u00e0 il Ponte dei Congressi a Roma. Ad aggiudicare la gara \u00e8 stata Anas. Il progetto di costruzione del ponte, che collegher\u00e0 direttamente il quartiere Eur all&#8217;Autostrada Roma-Fiumicino, ha l&#8217;obiettivo di migliorare la circolazione nel quadrante Sud di Roma e alleggerire il traffico sul Ponte della Magliana. L&#8217;Anas, societ\u00e0 del gruppo Fs Italiane, ha gestito la gara in qualit\u00e0 di soggetto attuatore e per conto del commissario straordinario di governo per il Giubileo della Chiesa Cattolica 2025, Roberto Gualtieri. A seguito dell&#8217;aggiudicazione, sar\u00e0 disposta la consegna in via d&#8217;urgenza delle attivit\u00e0, per completare la progettazione esecutiva entro la fine dell&#8217;anno e avviare subito la fase realizzativa.\u00a0<\/p>\n<p>\t\t \tIl Ponte dei Congressi<\/p>\n<p>&#8220;Con l&#8217;aggiudicazione del Ponte dei Congressi sblocchiamo un&#8217;opera strategica per Roma, attesa da anni\u201d, ha detto l&#8217;amministratore delegato di Anas, Claudio Andrea Gemme. Si tratta di \u201cun intervento che cambier\u00e0 concretamente la mobilit\u00e0 del quadrante sud della Capitale, con la riduzione del traffico e il miglioramento dei collegamenti con l&#8217;Eur e l&#8217;autostrada Roma-Fiumicino\u201d, ha aggiunto. Gemme ha poi ribadito che \u201cAnas \u00e8 impegnata come sempre a rispettare tempi e obiettivi, attraverso competenze tecniche e strumenti straordinari\u201d e questo progetto \u201crappresenta un&#8217;importante occasione di rigenerazione urbana e mobilit\u00e0 sostenibile, capace di lasciare un&#8217;eredit\u00e0 duratura per la citt\u00e0 e per i cittadini&#8221;.<\/p>\n<p>Il progetto<\/p>\n<p>La nuova infrastruttura del Ponte dei Congressi collegher\u00e0 direttamente l&#8217;autostrada Roma-Fiumicino con i quartieri Magliana, Ostiense ed Eur, alleggerendo il traffico sul Ponte della Magliana, oggi unico collegamento tra il Grande Raccordo Anulare e l&#8217;Eur. Nello specifico, il ponte avr\u00e0 una lunghezza di circa 200 metri e sar\u00e0 caratterizzato da due grandi archi in acciaio collegati tra loro, con un&#8217;ampia luce centrale (circa il doppio rispetto alle soluzioni adottate per le opere Giubilari). Il progetto prevede poi la realizzazione di un nuovo sistema stradale con un anello rotatorio a senso unico per collegare le carreggiate in direzione Roma e Fiumicino tramite rampe di connessione. Sono inoltre previsti interventi di adeguamento della viabilit\u00e0 esistente e la realizzazione di percorsi dedicati a ciclisti e pedoni, al fine di promuovere la mobilit\u00e0 sostenibile. Infine, verr\u00e0 anche realizzato il Parco Fluviale del Tevere, che si estender\u00e0 tra il Ponte della Magliana e il nuovo Ponte dei Congressi.<\/p>\n<p>I costi<\/p>\n<p>Il costo complessivo dell\u2019opera \u00e8 di 298,2 milioni di euro. Di questi, 8,6 milioni a valere sui fondi del Giubileo 2025 e 289,6 milioni a carico del Ministero delle Infrastrutture e dei Trasporti e di Roma Capitale. Il completamento dell\u2019opera \u00e8 previsto entro il 2031. La realizzazione del Ponte dei Congressi seguir\u00e0 il \u201cmetodo Giubileo\u201d, basato sul coordinamento tra tutti i soggetti istituzionali coinvolti \u2013 tra cui Roma Capitale e Ministero delle Infrastrutture e dei Trasporti \u2013 per assicurare il rispetto dei tempi e l\u2019efficace attuazione degli interventi.<\/p>\n<p>\t\t\t<a class=\"c-inline-card j-inline-card c-inline-card--with-image\" href=\"https:\/\/tg24.sky.it\/cronaca\/2026\/03\/10\/anas-ad-strade-sicure-resistenti\" rel=\"follow nofollow noopener\" data-intcmp=\"skytg24_articolo_approfondimenti_inline\" target=\"_blank\"><\/p>\n<p>\t\t\t         <img decoding=\"async\" crossorigin=\"anonymous\" alt=\"\" src=\"https:\/\/www.europesays.com\/it\/wp-content\/uploads\/2026\/03\/anas.jpg\"  loading=\"lazy\"  bad-src=\"https:\/\/www.europesays.com\/it\/wp-content\/uploads\/2026\/03\/anas.jpg\"\/><\/p>\n<p>\n\t\t\t         Vedi anche<br \/>\n\t\t\t         AD Anas: &#8220;L&#8217;Europa investa per rendere le strade pi\u00f9 sicure&#8221;\n\t\t\t      <\/p>\n<p>\t\t\t<\/a><\/p>\n","protected":false},"excerpt":{"rendered":"Il Consorzio Stabile Eteria realizzer\u00e0 il Ponte dei Congressi a Roma. Ad aggiudicare la gara \u00e8 stata Anas.&hellip;\n","protected":false},"author":3,"featured_media":405746,"comment_status":"","ping_status":"","sticky":false,"template":"","format":"standard","meta":{"footnotes":"","_share_on_mastodon":"0"},"categories":[6],"tags":[430,14,55368,8,1537,90,89,7,15,82,9,83,10,12991,987,13,11,80,84,12,81,85],"class_list":["post-405745","post","type-post","status-publish","format-standard","has-post-thumbnail","category-ultime-notizie","tag-anas","tag-cronaca","tag-fps","tag-headlines","tag-it","tag-italia","tag-italy","tag-news","tag-notizie","tag-notizie-di-cronaca","tag-notizie-principali","tag-notiziedicronaca","tag-notizieprincipali","tag-ponte","tag-roma","tag-titoli","tag-ultime-notizie","tag-ultime-notizie-di-cronaca","tag-ultime-notizie-e-news-di-oggi","tag-ultimenotizie","tag-ultimenotiziedicronaca","tag-ultimenotizieenewsdioggi"],"share_on_mastodon":{"url":"https:\/\/pubeurope.com\/@it\/116265198836861909","error":""},"_links":{"self":[{"href":"https:\/\/www.europesays.com\/it\/wp-json\/wp\/v2\/posts\/405745","targetHints":{"allow":["GET"]}}],"collection":[{"href":"https:\/\/www.europesays.com\/it\/wp-json\/wp\/v2\/posts"}],"about":[{"href":"https:\/\/www.europesays.com\/it\/wp-json\/wp\/v2\/types\/post"}],"author":[{"embeddable":true,"href":"https:\/\/www.europesays.com\/it\/wp-json\/wp\/v2\/users\/3"}],"replies":[{"embeddable":true,"href":"https:\/\/www.europesays.com\/it\/wp-json\/wp\/v2\/comments?post=405745"}],"version-history":[{"count":0,"href":"https:\/\/www.europesays.com\/it\/wp-json\/wp\/v2\/posts\/405745\/revisions"}],"wp:featuredmedia":[{"embeddable":true,"href":"https:\/\/www.europesays.com\/it\/wp-json\/wp\/v2\/media\/405746"}],"wp:attachment":[{"href":"https:\/\/www.europesays.com\/it\/wp-json\/wp\/v2\/media?parent=405745"}],"wp:term":[{"taxonomy":"category","embeddable":true,"href":"https:\/\/www.europesays.com\/it\/wp-json\/wp\/v2\/categories?post=405745"},{"taxonomy":"post_tag","embeddable":true,"href":"https:\/\/www.europesays.com\/it\/wp-json\/wp\/v2\/tags?post=405745"}],"curies":[{"name":"wp","href":"https:\/\/api.w.org\/{rel}","templated":true}]}}