{"id":405799,"date":"2026-03-21T05:01:18","date_gmt":"2026-03-21T05:01:18","guid":{"rendered":"https:\/\/www.europesays.com\/it\/405799\/"},"modified":"2026-03-21T05:01:18","modified_gmt":"2026-03-21T05:01:18","slug":"referendum-sulla-giustizia-2026-come-votare-fuori-sede-il-22-e-23-marzo","status":"publish","type":"post","link":"https:\/\/www.europesays.com\/it\/405799\/","title":{"rendered":"Referendum sulla giustizia 2026, come votare fuori sede il 22 e 23 marzo"},"content":{"rendered":"<p>Roma, 20 marzo 2026 \u2013\u00a0Mancano quattro giorni al referendum costituzionale che decider\u00e0 le sorti della <strong>riforma della magistratura<\/strong>, legge promossa dal ministro della giustizia <strong>Carlo Nordio<\/strong> e considerata una bandiera del governo Meloni. L\u2019appuntamento alle urne \u00e8 per <strong>domenica 22 marzo<\/strong> e <strong>luned\u00ec 23 marzo 2026<\/strong>, ma per circa cinque milioni di italiani \u2013 studenti, lavoratori, persone in cura lontane da casa \u2013 partecipare alla consultazione \u00e8 un percorso in salita. Questa volta, infatti,<strong> il voto fuori sede non \u00e8 stato previsto:<\/strong> l\u2019unica possibilit\u00e0 sarebbe farsi eleggere rappresentante di lista.<\/p>\n<p> <img alt=\"Referendum sulla giustizia 2026, come votare fuori sede il 22 e 23 marzo\" loading=\"lazy\" width=\"762\" height=\"429\" decoding=\"async\" data-nimg=\"1\" style=\"color:transparent\"  src=\"https:\/\/www.europesays.com\/it\/wp-content\/uploads\/2026\/03\/xa2ssko.jpeg\"\/><br \/>\nSu cosa si vota <\/p>\n<p>La riforma introduce la <strong>separazione delle carriere<\/strong> tra magistrati giudicanti e requirenti, ridisegna la composizione del <strong>Consiglio superiore della magistratura <\/strong>dividendolo in due organi distinti e istituisce una nuova<strong> Alta Corte disciplinare<\/strong> per i magistrati ordinari. Sulla scheda, gli elettori troveranno un quesito al quale rispondere S\u00ec \u2013 per confermare la riforma \u2013 oppure No, per bocciarla. Essendo un referendum confermativo, non \u00e8 previsto alcun quorum: vince la maggioranza dei voti validamente espressi, indipendentemente dall\u2019affluenza. I seggi sono aperti in due giornate: domenica 22 marzo dalle 7:00 alle 23:00 e luned\u00ec 23 marzo dalle 7:00 alle 15:00. Per votare servono tessera elettorale e un documento d\u2019identit\u00e0 valido.<\/p>\n<p> <img alt=\"DAL DDL AL REFERENDUM IN 2 ANNI, L'ITER DEL PROVVEDIMENTO\" loading=\"lazy\" width=\"3072\" height=\"2100\" decoding=\"async\" data-nimg=\"1\" style=\"color:transparent;max-width:100%;height:auto\"   src=\"https:\/\/www.europesays.com\/it\/wp-content\/uploads\/2026\/03\/dal-ddl-al-referendum-in-2-anni-l-iter-del-provvedimento.webp.webp\"\/><\/p>\n<p>La scheda con il quesito del referendum costituzionale sulla giustizia<\/p>\n<p>Approfondisci:<\/p>\n<p><a href=\"https:\/\/www.quotidiano.net\/politica\/meloni-sorelle-referendum-qhifn1ac\" class=\"ArticleEmbed_article__embed__content__Jzqnz\" rel=\"nofollow noopener\" target=\"_blank\">Meloni, due sorelle in campo per il referendum: Giorgia parla nel podcast di Fedez, Arianna evoca i magistrati-eroi<img alt=\"Meloni, due sorelle in campo per il referendum: Giorgia parla nel podcast di Fedez, Arianna evoca i magistrati-eroi\" loading=\"lazy\" width=\"140\" height=\"78\" decoding=\"async\" data-nimg=\"1\" style=\"color:transparent\"  src=\"https:\/\/www.europesays.com\/it\/wp-content\/uploads\/2026\/03\/giorgia-meloni-tra-fedez-e-mr-marra.webp.webp\"\/><\/a><br \/>\nVotare fuori sede: s\u00ec o no <\/p>\n<p>Per i fuori sede, la situazione \u00e8 complicata. A febbraio 2026 il Senato ha respinto, con 87 voti favorevoli e 58 contrari, tutti gli emendamenti che le opposizioni avevano presentato al decreto-legge sulle elezioni e che avrebbero consentito di votare nel Comune di domicilio. La proposta, in sintesi, era di replicare il meccanismo gi\u00e0 sperimentato per i referendum di giugno 2025: consentire a chi si trovasse domiciliato in una provincia diversa da quella di <strong>residenza<\/strong>, da almeno tre mesi, di presentare domanda al <strong>Comune di temporaneo domicilio<\/strong> entro un termine stabilito per votare l\u00ec. Il governo ha opposto ragioni di tempi tecnici e di costi, ritenendo che la macchina organizzativa non potesse essere allestita in tempo utile. Di conseguenza, oggi, di fatto, chi si trova lontano dal proprio Comune di residenza per studio, lavoro o cure mediche dovr\u00e0 quindi spostarsi per esercitare il proprio diritto di voto, sostenendo in prima persona i <strong>costi del viaggio<\/strong>.<\/p>\n<p>Approfondisci:<\/p>\n<p><a href=\"https:\/\/www.quotidiano.net\/politica\/giustizia-il-governo-vuole-impunita-il-fronte-del-no-referendum-qw8qu7b2\" class=\"ArticleEmbed_article__embed__content__Jzqnz\" rel=\"nofollow noopener\" target=\"_blank\">\u201cGiustizia, il governo vuole impunit\u00e0\u201d. Il fronte del No al referendum ci spera e incassa il voto di Vasco Rossi<img alt=\"\u201cGiustizia, il governo vuole impunit\u00e0\u201d. Il fronte del No al referendum ci spera e incassa il voto di Vasco Rossi\" loading=\"lazy\" width=\"140\" height=\"78\" decoding=\"async\" data-nimg=\"1\" style=\"color:transparent\"  src=\"https:\/\/www.europesays.com\/it\/wp-content\/uploads\/2026\/03\/la-segretaria-del-pd-elly-schlein-il-deputato-di-avs-e-si-e-co-portavoce-di-europa-verde-angelo-bone.webp\"\/><\/a><br \/>\nCome votare (comunque) fuori sede <\/p>\n<p>Esiste per\u00f2 una strada alternativa, percorribile fino all\u2019ultimo momento: diventare <strong>rappresentante di lista<\/strong>. Si tratta di una <strong>figura prevista dalla legge elettorale<\/strong> con compiti precisi: presenziare alle operazioni di voto e di scrutinio per garantire la regolarit\u00e0 e la trasparenza del processo democratico. Chi viene nominato rappresentante pu\u00f2 votare nel seggio in cui esercita le sue funzioni, anche se \u00e8 iscritto nelle liste elettorali di un altro Comune. In pratica, \u00e8<strong> una delle poche eccezioni <\/strong>al principio per cui in Italia si vota esclusivamente nel proprio Comune di iscrizione elettorale. In molti vi fanno ricorso per evitare di doversi spostare, ma \u00e8 necessario tenere presente i tempi entro cui mobilitarsi per poterne approfittare.<\/p>\n<p>La scadenza formale per depositare la nomina presso l\u2019ufficio elettorale del Comune era\u00a0<strong>gioved\u00ec 19 marzo<\/strong>, ma tecnicamente la designazione pu\u00f2 avvenire anche consegnando direttamente la nomina al presidente di seggio<strong> sabato 21 marzo <\/strong>dalle ore 16:00, o la mattina di domenica 22 marzo, entro le ore 6:50. Chi non si fosse ancora attivato pu\u00f2 <strong>contattare direttamente le strutture territoriali dei partiti<\/strong>\u00a0\u2013\u00a0<strong>non \u00e8 necessario essere iscritti <\/strong>\u2013\u00a0endo i propri <strong>dati anagrafici,<\/strong> il <strong>Comune di residenza<\/strong> e quello di <strong>domicilio<\/strong>. Sar\u00e0 il partito a gestire la parte burocratica: verificare la disponibilit\u00e0 di un posto in una sezione del Comune in cui ci si trova, emettere l&#8217;atto di nomina e inviarlo al Comune. Il giorno del voto baster\u00e0 presentarsi al seggio indicato con documento d&#8217;identit\u00e0, tessera elettorale e nomina.<\/p>\n<p> <img alt=\"\" loading=\"lazy\" width=\"1600\" height=\"827\" decoding=\"async\" data-nimg=\"1\" style=\"color:transparent;max-width:100%;height:auto\"   src=\"https:\/\/www.europesays.com\/it\/wp-content\/uploads\/2026\/03\/1774069278_564_image.webp.webp\"\/><\/p>\n<p>Approfondisci:<\/p>\n<p><a href=\"https:\/\/www.quotidiano.net\/politica\/referendum-giustizia-rush-finale-clwcc5bk\" class=\"ArticleEmbed_article__embed__content__Jzqnz\" rel=\"nofollow noopener\" target=\"_blank\">Referendum giustizia, il rush finale: il centrosinistra tira la volata al No. Meloni: nessun contraccolpo politico<img alt=\"Referendum giustizia, il rush finale: il centrosinistra tira la volata al No. Meloni: nessun contraccolpo politico\" loading=\"lazy\" width=\"140\" height=\"78\" decoding=\"async\" data-nimg=\"1\" style=\"color:transparent\"  src=\"https:\/\/www.europesays.com\/it\/wp-content\/uploads\/2026\/03\/n14k-d.webp.webp\"\/><\/a><br \/>\nI numeri dei rappresentanti di lista <\/p>\n<p>I partiti di opposizione hanno aperto le proprie piattaforme a partire dai primi di marzo. Stando ad alcuni dati aggregati dalla stampa, le richieste ai principali partiti hanno superato le <strong>20mila complessive<\/strong>: circa 11mila ad Alleanza Verdi e Sinistra \u2013 che ha gi\u00e0 chiuso le iscrizioni \u2013, 3.500 al Movimento 5 Stelle, altrettante al Partito democratico, oltre mille al <strong>comitato &#8220;Giusto dire No&#8221;<\/strong> e circa mille alla Cgil. Anche Azione ha chiuso le iscrizioni. Restano aperte quelle di Pd, M5S e Radicali. Si tratta, peraltro, di una stima parziale, che non include le adesioni raccolte da federazioni locali e comitati territoriali, n\u00e9 i dati delle forze di maggioranza.<\/p>\n<p>Approfondisci:<\/p>\n<p><a href=\"https:\/\/www.quotidiano.net\/politica\/referendum-appello-avvocati-ps3tw346\" class=\"ArticleEmbed_article__embed__content__Jzqnz\" rel=\"nofollow noopener\" target=\"_blank\">Referendum, l\u2019appello degli avvocati: \u201cGiustizia da riformare. Lo scontro \u00e8 un errore\u201d<img alt=\"Referendum, l\u2019appello degli avvocati: \u201cGiustizia da riformare. Lo scontro \u00e8 un errore\u201d\" loading=\"lazy\" width=\"140\" height=\"78\" decoding=\"async\" data-nimg=\"1\" style=\"color:transparent\"  src=\"https:\/\/www.europesays.com\/it\/wp-content\/uploads\/2026\/03\/giampaolo_di_marco.webp.webp\"\/><\/a><br \/>\nChi vive all\u2019estero deve essersi gi\u00e0 mosso <\/p>\n<p>Per i residenti all\u2019estero, invece, il voto avviene per corrispondenza, a patto di aver comunicato la propria intenzione entro il<strong> 24 gennaio 2026<\/strong>. Chi non lo ha fatto potr\u00e0 comunque optare per rientrare in Italia e votare nel proprio Comune di residenza. Per chi si trova temporaneamente all\u2019estero per lavoro, studio o cure mediche da almeno tre mesi, era possibile richiedere di votare per corrispondenza dalla circoscrizione estero entro il 18 febbraio 2026: anche questa finestra \u00e8 ora chiusa.<\/p>\n<p>Approfondisci:<\/p>\n<p><a href=\"https:\/\/www.quotidiano.net\/politica\/referendum-giustizia-femministe--no-qrvv7e9k\" class=\"ArticleEmbed_article__embed__content__Jzqnz\" rel=\"nofollow noopener\" target=\"_blank\">Le femministe per il No al referendum: \u201cContrarie a un testo senza senso del limite\u201d<img alt=\"Le femministe per il No al referendum: \u201cContrarie a un testo senza senso del limite\u201d\" loading=\"lazy\" width=\"140\" height=\"78\" decoding=\"async\" data-nimg=\"1\" style=\"color:transparent\"  src=\"https:\/\/www.europesays.com\/it\/wp-content\/uploads\/2026\/03\/da-sinistra-dacia-maraini-fiorella-mannoia-cristina-comencini-e-marisa-laurito-alcune-delle-firmatar.webp\"\/><\/a><br \/>\nEsperimenti passati <\/p>\n<p>Sul tema del voto fuori sede, ci sono due precedenti. Per i <strong>referendum abrogativi dell\u20198 e 9 giugno 2025 <\/strong>su lavoro e cittadinanza, il governo aveva introdotto in via sperimentale la possibilit\u00e0 di votare nel Comune di domicilio temporaneo, a patto di trovarsi in una provincia diversa da quella di residenza da almeno tre mesi e di averne fatto richiesta entro una data specifica \u2013 il 4 maggio 2025. Il meccanismo, per altro, era gi\u00e0 stato sperimentato, in forma pi\u00f9 limitata, per le elezioni europee del 2024. Le norme, per\u00f2, sono sempre state legate alle singole consultazioni, perci\u00f2 sono decadute insieme alle votazioni.<\/p>\n<p>Prospettive future sul voto fuori sede <\/p>\n<p>I fuori sede stimati in Italia sono circa cinque milioni, il <strong>10,5% del corpo elettorale<\/strong>: una quota significativa, che secondo molti osservatori pesa sui tassi di astensione, soprattutto nelle regioni meridionali da cui proviene oltre un terzo di chi studia o lavora altrove. \u00c8 gi\u00e0 in corso un iter parlamentare per una <strong>proposta di legge di iniziativa popolare <\/strong>\u2013 che ha raggiunto le 500mila firme nel luglio 2025 \u2013 con l\u2019obiettivo di rendere strutturale il voto fuori sede entro le elezioni politiche del 2027. Per questa tornata, per\u00f2, chi vuole partecipare al quinto referendum costituzionale della storia repubblicana ha un\u2019unica via praticabile: o il viaggio verso casa, o il seggio come rappresentante di lista.<\/p>\n","protected":false},"excerpt":{"rendered":"Roma, 20 marzo 2026 \u2013\u00a0Mancano quattro giorni al referendum costituzionale che decider\u00e0 le sorti della riforma della magistratura,&hellip;\n","protected":false},"author":3,"featured_media":405800,"comment_status":"","ping_status":"","sticky":false,"template":"","format":"standard","meta":{"footnotes":"","_share_on_mastodon":"0"},"categories":[79],"tags":[14,93,94,485,1537,90,89,8682,7,15,2517,1328,11,84,91,12,85,92,3959],"class_list":["post-405799","post","type-post","status-publish","format-standard","has-post-thumbnail","category-italia","tag-cronaca","tag-cronaca-italiana","tag-cronacaitaliana","tag-giustizia","tag-it","tag-italia","tag-italy","tag-marzo","tag-news","tag-notizie","tag-referendum","tag-sede","tag-ultime-notizie","tag-ultime-notizie-e-news-di-oggi","tag-ultime-notizie-italia","tag-ultimenotizie","tag-ultimenotizieenewsdioggi","tag-ultimenotizieitalia","tag-votare"],"share_on_mastodon":{"url":"https:\/\/pubeurope.com\/@it\/116265411780401767","error":""},"_links":{"self":[{"href":"https:\/\/www.europesays.com\/it\/wp-json\/wp\/v2\/posts\/405799","targetHints":{"allow":["GET"]}}],"collection":[{"href":"https:\/\/www.europesays.com\/it\/wp-json\/wp\/v2\/posts"}],"about":[{"href":"https:\/\/www.europesays.com\/it\/wp-json\/wp\/v2\/types\/post"}],"author":[{"embeddable":true,"href":"https:\/\/www.europesays.com\/it\/wp-json\/wp\/v2\/users\/3"}],"replies":[{"embeddable":true,"href":"https:\/\/www.europesays.com\/it\/wp-json\/wp\/v2\/comments?post=405799"}],"version-history":[{"count":0,"href":"https:\/\/www.europesays.com\/it\/wp-json\/wp\/v2\/posts\/405799\/revisions"}],"wp:featuredmedia":[{"embeddable":true,"href":"https:\/\/www.europesays.com\/it\/wp-json\/wp\/v2\/media\/405800"}],"wp:attachment":[{"href":"https:\/\/www.europesays.com\/it\/wp-json\/wp\/v2\/media?parent=405799"}],"wp:term":[{"taxonomy":"category","embeddable":true,"href":"https:\/\/www.europesays.com\/it\/wp-json\/wp\/v2\/categories?post=405799"},{"taxonomy":"post_tag","embeddable":true,"href":"https:\/\/www.europesays.com\/it\/wp-json\/wp\/v2\/tags?post=405799"}],"curies":[{"name":"wp","href":"https:\/\/api.w.org\/{rel}","templated":true}]}}