{"id":406168,"date":"2026-03-21T11:27:14","date_gmt":"2026-03-21T11:27:14","guid":{"rendered":"https:\/\/www.europesays.com\/it\/406168\/"},"modified":"2026-03-21T11:27:14","modified_gmt":"2026-03-21T11:27:14","slug":"in-palio-ce-gara-2","status":"publish","type":"post","link":"https:\/\/www.europesays.com\/it\/406168\/","title":{"rendered":"in palio c&#8217;\u00e8 Gara 2"},"content":{"rendered":"<p>Sabato sera, alle ore 21.15, si accenderanno i riflettori su Gara 2 delle semifinali playoff Scudetto. Una nuova super sfida tra l\u2019Igor Gorgonzola Novara e le Pantere dell&#8217;Imoco Volley, in trasferta in Piemonte.\u00a0<\/p>\n<p>Conegliano \u00e8 reduce da due entusiasmanti sfide in soli tre giorni: Gara 1 di domenica scorsa al Palaverde, con rimontone giallobl\u00f9 da 0-2 a 3-2, e il ritorno dei quarti di finale di Champions League contro l\u2019Ankara Zeren Spor che ha decretato il passaggio del turno della squadra di coach Santarelli alle Final Four dopo una partita persa dalle Pantere solo al quinto set. Gara 3, decisiva in caso di vittoria di Conegliano sabato sera, si giocher\u00e0 al Palaverde marted\u00ec 24 marzo alle ore 20.30. Squadra al completo per coach Santarelli. Sar\u00e0 la \u201cclassica\u201d numero 65 tra Conegliano e Novara, in 50 occasioni hanno avuto la meglio le Pantere, compresi i 4 confronti stagionali. Ex della partita lato giallobl\u00f9 la centrale Cristina Chirichella, 10 stagioni all\u2019Igor, e la schiacciatrice olandese Nika Daalderop, mentre faceva parte dello staff di Novara Maurizio Mora, oggi assistente di coach Santarelli. Ha giocato con le Pantere anche Federica Squarcini, al Palaverde dal 2022 al 2024. La gara sar\u00e0 trasmessa in diretta tv su Rai Sport (canale 58 digitale terrestre) e in streaming su Dazn e VolleyballWorld.tv (in abbonamento).\u00a0<\/p>\n<p><strong>SEMIFINALE CHAMPIONS<\/strong><\/p>\n<p>La Antonio Carraro Prosecco DOC Conegliano affronter\u00e0 il Vakifbank Istanbul, storico avversario di tante battaglie europee e mondiali, nella semifinale delle Final Four di CEV Zeren Group Champions League alla \u00dclker Sports Arena di Istanbul, nell&#8217;altra semifinale si sfideranno Savino del Bene Scandicci ed Eczacibasi Istanbul, appuntamento il prossimo 2 maggio.<\/p>\n<p><strong>IL COMMENTO<\/strong><\/p>\n<p>\u00abDobbiamo aspettarci un\u2019altra battaglia sportiva, \u00e8 una gara di semifinale di uno dei campionati pi\u00f9 competitivi del Mondo &#8211; ha detto coach Daniele Santarelli alla vigilia del match -. Sappiamo quanto sia complicato giocare al Pala Igor: Novara avr\u00e0 il tifo dalla propria parte e grande voglia di riscatto dopo una Gara 1 che non \u00e8 finita come desideravano. Sono molto aggressive in alcuni fondamentali e sono in grado di invertire le cose se non vanno come le hanno preparate. Dal canto nostro, abbiamo capito cosa ci \u00e8 mancato domenica scorsa: dovremo partire meglio, dobbiamo evitare di andare in svantaggio per compiere l\u2019ennesima impresa. Vincere Gara 2 sarebbe fondamentale, ma a prescindere dal risultato non dobbiamo perdere il focus, sar\u00e0 una serie lunga e dobbiamo prepararci a dare tutto\u00bb.<\/p>\n","protected":false},"excerpt":{"rendered":"Sabato sera, alle ore 21.15, si accenderanno i riflettori su Gara 2 delle semifinali playoff Scudetto. Una nuova&hellip;\n","protected":false},"author":3,"featured_media":406169,"comment_status":"","ping_status":"","sticky":false,"template":"","format":"standard","meta":{"footnotes":"","_share_on_mastodon":"0"},"categories":[1474],"tags":[1856,5631,96992,1537,90,89,2347,146611,6072,245,244,1869],"class_list":["post-406168","post","type-post","status-publish","format-standard","has-post-thumbnail","category-volley","tag-campionato","tag-diretta","tag-imoco-volley","tag-it","tag-italia","tag-italy","tag-pallavolo","tag-rai-sport","tag-scudetto","tag-sport","tag-sports","tag-volley"],"share_on_mastodon":{"url":"https:\/\/pubeurope.com\/@it\/116266929019844973","error":""},"_links":{"self":[{"href":"https:\/\/www.europesays.com\/it\/wp-json\/wp\/v2\/posts\/406168","targetHints":{"allow":["GET"]}}],"collection":[{"href":"https:\/\/www.europesays.com\/it\/wp-json\/wp\/v2\/posts"}],"about":[{"href":"https:\/\/www.europesays.com\/it\/wp-json\/wp\/v2\/types\/post"}],"author":[{"embeddable":true,"href":"https:\/\/www.europesays.com\/it\/wp-json\/wp\/v2\/users\/3"}],"replies":[{"embeddable":true,"href":"https:\/\/www.europesays.com\/it\/wp-json\/wp\/v2\/comments?post=406168"}],"version-history":[{"count":0,"href":"https:\/\/www.europesays.com\/it\/wp-json\/wp\/v2\/posts\/406168\/revisions"}],"wp:featuredmedia":[{"embeddable":true,"href":"https:\/\/www.europesays.com\/it\/wp-json\/wp\/v2\/media\/406169"}],"wp:attachment":[{"href":"https:\/\/www.europesays.com\/it\/wp-json\/wp\/v2\/media?parent=406168"}],"wp:term":[{"taxonomy":"category","embeddable":true,"href":"https:\/\/www.europesays.com\/it\/wp-json\/wp\/v2\/categories?post=406168"},{"taxonomy":"post_tag","embeddable":true,"href":"https:\/\/www.europesays.com\/it\/wp-json\/wp\/v2\/tags?post=406168"}],"curies":[{"name":"wp","href":"https:\/\/api.w.org\/{rel}","templated":true}]}}