{"id":406172,"date":"2026-03-21T11:30:22","date_gmt":"2026-03-21T11:30:22","guid":{"rendered":"https:\/\/www.europesays.com\/it\/406172\/"},"modified":"2026-03-21T11:30:22","modified_gmt":"2026-03-21T11:30:22","slug":"saro-al-via-della-milano-sanremo","status":"publish","type":"post","link":"https:\/\/www.europesays.com\/it\/406172\/","title":{"rendered":"SARO&#8217; AL VIA DELLA MILANO-SANREMO\u00bb"},"content":{"rendered":"<p>            <a class=\"category\" href=\"https:\/\/www.tuttobiciweb.it\/articles\/category\/PROFESSIONISTI\" itemprop=\"about\" rel=\"nofollow noopener\" target=\"_blank\">PROFESSIONISTI<\/a> | 20\/03\/2026 | 08:18<br \/>\n            <a class=\"author\" href=\"https:\/\/www.tuttobiciweb.it\/articles\/author\/Valerio%20Zeccato\" rel=\"nofollow noopener\" target=\"_blank\">di Valerio Zeccato<\/a><\/p>\n<p>&#8220;Quando il team mi ha detto che faccio parte della squadra in gara alla Milano-Sanremo quasi non ci credevo &#8211;<strong> racconta Marco Manenti il ventitreenne \u00a0neo professionista bergamasco di Treviglio che con la casacca della Bardiani-CSF 7 Saber sabato parteciper\u00e0 alla Classicissima<\/strong> -. Essere al via di una corsa che da bambino ho sempre ammirato e guardato con entusiasmo in televisione \u00e8 un sogno che si avvera, una cosa bellissima. Da non credere di essere l\u00ec con tutti i campioni e i ciclisti migliori al mondo: solo partecipare \u00e8 una vittoria per me. Non capita a tutti, poi solo dopo un paio di mesi tra i professionisti capita ancora meno: \u00e8 il traguardo pi\u00f9 bello che un ragazzino sogna di poter raggiungere&#8221;.<\/p>\n<p><strong>Ti \u00abspaventa\u00bb la Classicissima? <\/strong><br \/>\u00abPensare di fare 300 km e stare circa 7 ore in sella non mi \u00e8 ancora mai capitato e quindi non so come potr\u00e0 andare la corsa. Bisogner\u00e0 anche vedere quale sar\u00e0 il mio compito designato dalla squadra, di certo sar\u00e0 una giornata durissima e impegnativa e far\u00f2 di tutto per arrivare al traguardo e dire ce l\u2019ho fatta! Sono proprio curioso di vedere come andr\u00e0, di sicuro se mi hanno portato alla Sanremo significa che qualcosa di buono l\u2019ho dimostrato. Sono ai primi passi tra i professionisti, devo migliorare tanto e in tante cose, soprattutto nel capire le dinamiche diverse della corsa. Ma non sto sognando: sar\u00f2 al via della Classicissima&#8230;\u00bb.\n            <\/p>\n<p><\/p>\n<p>Copyright &amp;copy TBW<\/p>\n","protected":false},"excerpt":{"rendered":"PROFESSIONISTI | 20\/03\/2026 | 08:18 di Valerio Zeccato &#8220;Quando il team mi ha detto che faccio parte della&hellip;\n","protected":false},"author":3,"featured_media":406173,"comment_status":"","ping_status":"","sticky":false,"template":"","format":"standard","meta":{"footnotes":"","_share_on_mastodon":"0"},"categories":[1456],"tags":[19055,1824,1825,231482,1537,90,89,15852,14731,245,244],"class_list":["post-406172","post","type-post","status-publish","format-standard","has-post-thumbnail","category-ciclismo","tag-bardiani-csf","tag-ciclismo","tag-cycling","tag-debutto-professionistico","tag-it","tag-italia","tag-italy","tag-marco-manenti","tag-milano-sanremo","tag-sport","tag-sports"],"share_on_mastodon":{"url":"https:\/\/pubeurope.com\/@it\/116266940857764315","error":""},"_links":{"self":[{"href":"https:\/\/www.europesays.com\/it\/wp-json\/wp\/v2\/posts\/406172","targetHints":{"allow":["GET"]}}],"collection":[{"href":"https:\/\/www.europesays.com\/it\/wp-json\/wp\/v2\/posts"}],"about":[{"href":"https:\/\/www.europesays.com\/it\/wp-json\/wp\/v2\/types\/post"}],"author":[{"embeddable":true,"href":"https:\/\/www.europesays.com\/it\/wp-json\/wp\/v2\/users\/3"}],"replies":[{"embeddable":true,"href":"https:\/\/www.europesays.com\/it\/wp-json\/wp\/v2\/comments?post=406172"}],"version-history":[{"count":0,"href":"https:\/\/www.europesays.com\/it\/wp-json\/wp\/v2\/posts\/406172\/revisions"}],"wp:featuredmedia":[{"embeddable":true,"href":"https:\/\/www.europesays.com\/it\/wp-json\/wp\/v2\/media\/406173"}],"wp:attachment":[{"href":"https:\/\/www.europesays.com\/it\/wp-json\/wp\/v2\/media?parent=406172"}],"wp:term":[{"taxonomy":"category","embeddable":true,"href":"https:\/\/www.europesays.com\/it\/wp-json\/wp\/v2\/categories?post=406172"},{"taxonomy":"post_tag","embeddable":true,"href":"https:\/\/www.europesays.com\/it\/wp-json\/wp\/v2\/tags?post=406172"}],"curies":[{"name":"wp","href":"https:\/\/api.w.org\/{rel}","templated":true}]}}