{"id":40650,"date":"2025-08-11T06:40:09","date_gmt":"2025-08-11T06:40:09","guid":{"rendered":"https:\/\/www.europesays.com\/it\/40650\/"},"modified":"2025-08-11T06:40:09","modified_gmt":"2025-08-11T06:40:09","slug":"bologna-parte-la-corsa-verso-la-a-esordio-ostico-in-terra-bresciana","status":"publish","type":"post","link":"https:\/\/www.europesays.com\/it\/40650\/","title":{"rendered":"Bologna, parte la corsa verso la A. Esordio ostico in terra bresciana"},"content":{"rendered":"<p><strong>Emil Banca Bologna<\/strong> in casa della Bassa Bresciana, Pieve in casa della favorita Brixia. Sar\u00e0 un esordio in trasferta e per entrambe nel bresciano, quello che, il 19 ottobre, attende le due formazioni bolognesi iscritte al prossimo campionato di <strong>serie B di rugby<\/strong>, girone 2. Con ambizioni diverse, ma con la stessa voglia di far bene, il Bologna Rugby Club che prosegue la sua partnership con Emil Banca e il Pieve 1971 si apprestano a vivere da protagoniste la prossima stagione. In attesa dell\u2019inizio della preparazione, entrambe le squadre sono attese ancora da un paio di settimane di riposo prima del via, nei giorni scorsi la Federazione italiana rugby ha ufficializzato il calendario.<\/p>\n<p>Esordio come detto entrambe in terra bresciana sia per il Pieve che per il Bologna e conseguente slittamento della prima sfida casalinga rimandata alla seconda giornata, il 26 ottobre, dove il Bologna, al centro sportivo Bonori, \u00e8 atteso gi\u00e0 con uno degli scontri al vertice con il Bergamo, mentre per il Pieve, allo Sgorbati di Pieve di Cento, se la vedr\u00e0 con la formazione cadetta dei Lyons Piacenza. I due attesissimi derby sono in programma nel penultimo turno di campionato, entrambi nel 2026. La prima stracittadina si giocher\u00e0 il 18 gennaio al Bonori, mentre il ritorno \u00e8 in programma allo Sgorbati il 12 aprile.<\/p>\n<p>Ambizioni diverse per le due societ\u00e0 bolognesi. Il Pieve rinnovato lo staff tecnico \u00e8 atteso da un anno di consolidamento per far crescere ancor di pi\u00f9 un gruppo molto giovane e che deve prendere ancor pi\u00f9 confidenza da un campionato come \u00e8 la serie B in cui si appresta a giocare per il terzo anno consecutivo. L\u2019<strong>Emil Banca<\/strong>, guidata quest\u2019anno da Andrea Balsemin parte invece ai nastri dell\u2019annata con rinnovate ambizioni di promozione. Il girone \u00e8 molto simile a quello dell\u2019anno scorso, con l\u2019arrivo della matricole Parma, Bassa Bresciana Leno e Fiumicello. Dopo esserci andati vicino tante volte, quest\u2019anno con la riforma dei campionati per i ragazzi del presidente Francesco Paolini potrebbe essere la volta buona per riuscire nell\u2019impresa e conquistarsi la promozione. Per farlo in casa Bologna si punta su di un gruppo solido, rinfoltito da tanti giovani di valore dell\u2019under 18 e guidati in campo da un fuoriclasse della categoria come \u00e8 l\u2019argentino Jose Chico.<\/p>\n<p>Guardando la classifica dell\u2019anno scorso, oltre alla sfida con Bergamo, ritorno in casa degli orobici il 15 febbraio per l\u2019<strong>Emil Banca<\/strong> saranno fondamentali i confronti con la grande favorita Brixia, il 7 dicembre a Brescia, il 15 marzo a Bologna e con l\u2019ostico Rovato, l\u201911 gennaio in casa dei lombardi, il 29 marzo il ritorno sotto le Due Torri. L\u2019ultimo turno di stagione regolare sar\u00e0 il 3 maggio, con il Bologna che ospiter\u00e0 la formazione cadetta del Colorno, mentre il Pieve sar\u00e0 di scena a Bergamo, ma sopratutto con la speranza per l\u2019Emil Banca di poter festeggiare davanti al proprio pubblico una promozione tanto agognata quanto meritata per il blasone, ma anche per tutto quello che la squadra e la societ\u00e0, fusione di Bologna 1928 e Reno, hanno fatto in questi anni.<\/p>\n","protected":false},"excerpt":{"rendered":"Emil Banca Bologna in casa della Bassa Bresciana, Pieve in casa della favorita Brixia. Sar\u00e0 un esordio in&hellip;\n","protected":false},"author":3,"featured_media":40651,"comment_status":"","ping_status":"","sticky":false,"template":"","format":"standard","meta":{"footnotes":"","_share_on_mastodon":"0"},"categories":[1458],"tags":[586,10709,1276,11125,1537,90,89,36734,1840,245,244,3185],"class_list":["post-40650","post","type-post","status-publish","format-standard","has-post-thumbnail","category-rugby","tag-bologna","tag-bresciana","tag-corsa","tag-esordio","tag-it","tag-italia","tag-italy","tag-ostico","tag-rugby","tag-sport","tag-sports","tag-terra"],"share_on_mastodon":{"url":"","error":""},"_links":{"self":[{"href":"https:\/\/www.europesays.com\/it\/wp-json\/wp\/v2\/posts\/40650","targetHints":{"allow":["GET"]}}],"collection":[{"href":"https:\/\/www.europesays.com\/it\/wp-json\/wp\/v2\/posts"}],"about":[{"href":"https:\/\/www.europesays.com\/it\/wp-json\/wp\/v2\/types\/post"}],"author":[{"embeddable":true,"href":"https:\/\/www.europesays.com\/it\/wp-json\/wp\/v2\/users\/3"}],"replies":[{"embeddable":true,"href":"https:\/\/www.europesays.com\/it\/wp-json\/wp\/v2\/comments?post=40650"}],"version-history":[{"count":0,"href":"https:\/\/www.europesays.com\/it\/wp-json\/wp\/v2\/posts\/40650\/revisions"}],"wp:featuredmedia":[{"embeddable":true,"href":"https:\/\/www.europesays.com\/it\/wp-json\/wp\/v2\/media\/40651"}],"wp:attachment":[{"href":"https:\/\/www.europesays.com\/it\/wp-json\/wp\/v2\/media?parent=40650"}],"wp:term":[{"taxonomy":"category","embeddable":true,"href":"https:\/\/www.europesays.com\/it\/wp-json\/wp\/v2\/categories?post=40650"},{"taxonomy":"post_tag","embeddable":true,"href":"https:\/\/www.europesays.com\/it\/wp-json\/wp\/v2\/tags?post=40650"}],"curies":[{"name":"wp","href":"https:\/\/api.w.org\/{rel}","templated":true}]}}