{"id":407034,"date":"2026-03-22T01:28:12","date_gmt":"2026-03-22T01:28:12","guid":{"rendered":"https:\/\/www.europesays.com\/it\/407034\/"},"modified":"2026-03-22T01:28:12","modified_gmt":"2026-03-22T01:28:12","slug":"lacqua-di-napoli-e-controllata-nessun-rischio","status":"publish","type":"post","link":"https:\/\/www.europesays.com\/it\/407034\/","title":{"rendered":"\u00abL\u2019acqua di Napoli \u00e8 controllata, nessun rischio\u00bb"},"content":{"rendered":"<p>            <strong>L\u2019acqua di Napoli \u00e8 pura e controllata, nessun timore per l\u2019epidemia di Epatite<\/strong>: i laboratori della Abc eseguono, da sempre, analisi quotidiane per verificare che dai rubinetti sgorghi acqua senza contaminazioni.<\/p>\n<p>Sulla questione \u00e8 intervenuto il direttore generale di <a href=\"https:\/\/www.abc.napoli.it\/\" target=\"_blank\" rel=\"nofollow noopener\">Abc, Acqua Bene Comune<\/a>, <strong>Sergio De Marco<\/strong> con un comunicato destinato a tranquillizzare i cittadini: \u00abSulla base dei dati in nostro possesso e delle verifiche costanti che effettuiamo, possiamo affermare con ragionevole certezza che il virus dell\u2019epatite A non \u00e8 presente nelle acque distribuite nella citt\u00e0 di Napoli. Il nostro sistema di controllo \u00e8 rigoroso, continuo e pienamente conforme alle normative vigenti\u00bb.<\/p>\n","protected":false},"excerpt":{"rendered":"L\u2019acqua di Napoli \u00e8 pura e controllata, nessun timore per l\u2019epidemia di Epatite: i laboratori della Abc eseguono,&hellip;\n","protected":false},"author":3,"featured_media":407035,"comment_status":"","ping_status":"","sticky":false,"template":"","format":"standard","meta":{"footnotes":"","_share_on_mastodon":"0"},"categories":[175],"tags":[28468,231855,139129,4203,231856,239,1537,90,89,240],"class_list":["post-407034","post","type-post","status-publish","format-standard","has-post-thumbnail","category-salute","tag-abc","tag-acqua-bene-comune","tag-epatite-a","tag-epidemia","tag-epidemia-napoli","tag-health","tag-it","tag-italia","tag-italy","tag-salute"],"share_on_mastodon":{"url":"https:\/\/pubeurope.com\/@it\/116270236023437105","error":""},"_links":{"self":[{"href":"https:\/\/www.europesays.com\/it\/wp-json\/wp\/v2\/posts\/407034","targetHints":{"allow":["GET"]}}],"collection":[{"href":"https:\/\/www.europesays.com\/it\/wp-json\/wp\/v2\/posts"}],"about":[{"href":"https:\/\/www.europesays.com\/it\/wp-json\/wp\/v2\/types\/post"}],"author":[{"embeddable":true,"href":"https:\/\/www.europesays.com\/it\/wp-json\/wp\/v2\/users\/3"}],"replies":[{"embeddable":true,"href":"https:\/\/www.europesays.com\/it\/wp-json\/wp\/v2\/comments?post=407034"}],"version-history":[{"count":0,"href":"https:\/\/www.europesays.com\/it\/wp-json\/wp\/v2\/posts\/407034\/revisions"}],"wp:featuredmedia":[{"embeddable":true,"href":"https:\/\/www.europesays.com\/it\/wp-json\/wp\/v2\/media\/407035"}],"wp:attachment":[{"href":"https:\/\/www.europesays.com\/it\/wp-json\/wp\/v2\/media?parent=407034"}],"wp:term":[{"taxonomy":"category","embeddable":true,"href":"https:\/\/www.europesays.com\/it\/wp-json\/wp\/v2\/categories?post=407034"},{"taxonomy":"post_tag","embeddable":true,"href":"https:\/\/www.europesays.com\/it\/wp-json\/wp\/v2\/tags?post=407034"}],"curies":[{"name":"wp","href":"https:\/\/api.w.org\/{rel}","templated":true}]}}