{"id":407159,"date":"2026-03-22T03:35:18","date_gmt":"2026-03-22T03:35:18","guid":{"rendered":"https:\/\/www.europesays.com\/it\/407159\/"},"modified":"2026-03-22T03:35:18","modified_gmt":"2026-03-22T03:35:18","slug":"adani-come-vedo-linter-domani-calcio-in-crisi-allitaliano-piace","status":"publish","type":"post","link":"https:\/\/www.europesays.com\/it\/407159\/","title":{"rendered":"Adani: &#8220;Come vedo l&#8217;Inter domani! Calcio in crisi? All&#8217;italiano piace&#8230;&#8221;"},"content":{"rendered":"<p>Lele Adani, ex calciatore, ha concesso un&#8217;intervista ai microfoni del Corriere Fiorentino. Queste le sue parole verso Fiorentina-Inter<\/p>\n<p><strong>Lele Adani<\/strong>, ex calciatore, ha concesso un&#8217;intervista ai microfoni del Corriere Fiorentino. Queste le sue parole verso <a href=\"https:\/\/www.fcinter1908.it\/serie-a\/arbitro-fiorentina-inter-colombo-var\/\" rel=\"nofollow noopener\" target=\"_blank\">Fiorentina-Inter<\/a> di domani:\u00a0\u00abMi aspetto che il calo recente dell\u2019Inter si trasformi in super attenzione e rivendicazione di status. Dalla Fiorentina invece mi aspetto il secondo tempo della partita giocata con il Milan: l\u00ec ho visto le cose migliori, ovvero attenzione, coraggio e occasioni da gol. La cosa pi\u00f9 bella fu la reazione al pareggio di Nkunku: un attimo dopo erano gi\u00e0 dall\u2019altra parte a prendere la traversa con Brescianini\u00bb.<\/p>\n<p><strong>Fuori dalla Champions, appesi a un filo per Mondiale. Il calcio italiano boccheggia.<\/strong><\/p>\n<p>\u00abL\u2019italiano si diverte pi\u00f9 col casino arbitrale, ci piace lo sfott\u00f2, la scorciatoia e in questo c\u2019\u00e8 responsabilit\u00e0 anche dell\u2019informazione. Sul campo la palla va piano, si simula e si perde tempo senza giocare un calcio libero e spregiudicato. Costruiamo narrativa finta, mentre il mondo va veloce e lancia talenti come Karl del Bayern, 18 anni. La luce azzurra \u00e8 Silvio Baldini in Under 21: l\u2019uomo libero dentro il sistema, a volte le magie accadono\u00bb.<\/p>\n<p class=\"is-copyright\">\u00a9 RIPRODUZIONE RISERVATA<\/p>\n","protected":false},"excerpt":{"rendered":"Lele Adani, ex calciatore, ha concesso un&#8217;intervista ai microfoni del Corriere Fiorentino. Queste le sue parole verso Fiorentina-Inter&hellip;\n","protected":false},"author":3,"featured_media":407160,"comment_status":"","ping_status":"","sticky":false,"template":"","format":"standard","meta":{"footnotes":"","_share_on_mastodon":"0"},"categories":[1452],"tags":[53691,60083,231934,8788,2109,2281,131585,131586,721,37105,5888,2263,1740,350,1537,90,1599,89,1739,245,244],"class_list":["post-407159","post","type-post","status-publish","format-standard","has-post-thumbnail","category-calcio","tag-adani","tag-adani-calciatore","tag-adani-calciatore-concesso","tag-aspetto","tag-attenzione","tag-calciatore","tag-calciatore-concesso","tag-calciatore-concesso-intervista","tag-calcio","tag-casino","tag-concesso","tag-fiorentina","tag-football","tag-inter","tag-it","tag-italia","tag-italiano","tag-italy","tag-soccer","tag-sport","tag-sports"],"share_on_mastodon":{"url":"https:\/\/pubeurope.com\/@it\/116270735372471159","error":""},"_links":{"self":[{"href":"https:\/\/www.europesays.com\/it\/wp-json\/wp\/v2\/posts\/407159","targetHints":{"allow":["GET"]}}],"collection":[{"href":"https:\/\/www.europesays.com\/it\/wp-json\/wp\/v2\/posts"}],"about":[{"href":"https:\/\/www.europesays.com\/it\/wp-json\/wp\/v2\/types\/post"}],"author":[{"embeddable":true,"href":"https:\/\/www.europesays.com\/it\/wp-json\/wp\/v2\/users\/3"}],"replies":[{"embeddable":true,"href":"https:\/\/www.europesays.com\/it\/wp-json\/wp\/v2\/comments?post=407159"}],"version-history":[{"count":0,"href":"https:\/\/www.europesays.com\/it\/wp-json\/wp\/v2\/posts\/407159\/revisions"}],"wp:featuredmedia":[{"embeddable":true,"href":"https:\/\/www.europesays.com\/it\/wp-json\/wp\/v2\/media\/407160"}],"wp:attachment":[{"href":"https:\/\/www.europesays.com\/it\/wp-json\/wp\/v2\/media?parent=407159"}],"wp:term":[{"taxonomy":"category","embeddable":true,"href":"https:\/\/www.europesays.com\/it\/wp-json\/wp\/v2\/categories?post=407159"},{"taxonomy":"post_tag","embeddable":true,"href":"https:\/\/www.europesays.com\/it\/wp-json\/wp\/v2\/tags?post=407159"}],"curies":[{"name":"wp","href":"https:\/\/api.w.org\/{rel}","templated":true}]}}