{"id":407316,"date":"2026-03-22T06:45:34","date_gmt":"2026-03-22T06:45:34","guid":{"rendered":"https:\/\/www.europesays.com\/it\/407316\/"},"modified":"2026-03-22T06:45:34","modified_gmt":"2026-03-22T06:45:34","slug":"foto-e-video-inediti-di-battiti-live-spring","status":"publish","type":"post","link":"https:\/\/www.europesays.com\/it\/407316\/","title":{"rendered":"foto e video inediti di Battiti Live Spring"},"content":{"rendered":"<p>Ferrara balla a ritmo di Battiti Live Spring. Balla sopra alle polemiche \u2013 feroci alla vigilia per la scelta della location \u2013 e balla soprattutto per scaldarsi in un venerd\u00ec sera tutt\u2019altro che primaverile (come vorrebbe suggerire il titolo del programma). La registrazione della prima delle <a href=\"https:\/\/www.ferraratoday.it\/cronaca\/battiti-live-spring-scaletta-artisti.html\" rel=\"nofollow noopener\" target=\"_blank\">tre puntate del format musicale<\/a> che proietter\u00e0 la citt\u00e0 su Canale 5 in altrettante serate \u00e8 un lungo slalomeggiare tra euforia del momento ed esigenze televisive.<\/p>\n<p><a href=\"https:\/\/www.whatsapp.com\/channel\/0029VaFzqNtE50Uj3r6Tng2B\" rel=\"nofollow noopener\" target=\"_blank\"><strong>Iscriviti al canale WhatsApp di FerraraToday<\/strong><\/a><\/p>\n<p>Errori e gaffe<\/p>\n<p>Ci sono applausi chiamati a tavolino, altri spontanei. Ci sono cori, grida, <a href=\"https:\/\/www.ferraratoday.it\/social\/video-battiti-live-spring-rovazzi-raf-renga-sal-da-vinci-tredici-pietro-paradiso.html\" rel=\"nofollow noopener\" target=\"_blank\">messaggi d\u2019amore<\/a> (soprattutto per Michelle Hunziker, che sin da subito viaggia in sintonia con la piazza, rispondendo ai complimenti del pubblico). E ci sono gaffe. Errori, frasi e nomi sbagliati, tagli.<\/p>\n<p><img decoding=\"async\" src=\"https:\/\/www.europesays.com\/it\/wp-content\/uploads\/2026\/03\/annalisa-e-sal-da-vinci.jpeg\" alt=\"Annalisa e Sal Da Vinci\" title=\"Annalisa e Sal Da Vinci\"\/><\/p>\n<p>Il bello della diretta, insomma, \u00e8 ibernato: non solo dal freddo pungente di un 20 marzo atipico a queste latitudini (ah, inciso, \u00e8 la prima volta che \u2018Battiti Live\u2019 esce dalla Puglia), quanto piuttosto dall\u2019esigenza della perfezione. Michelle inciampa quando prova a salutare la piazza in ferrarese, si dimentica la frase \u2013 lei svizzera, la si perdona -, ride e ricomincia. Scivola anche su un paio di nomi d\u2019arte degli artisti. No problem, tanto c\u2019\u00e8 il sapiente cucire della regia.<\/p>\n<p><img decoding=\"async\" src=\"https:\/\/www.europesays.com\/it\/wp-content\/uploads\/2026\/03\/intervista-a-fred-de-palma-e-emis-killa.jpeg\" alt=\"Intervista a Fred De Palma e Emis Killa\" title=\"Intervista a Fred De Palma e Emis Killa\"\/><\/p>\n<p>\u2018Doppia\u2019 esibizione<\/p>\n<p>Dall\u2019altro lato, i cantanti viaggiano spediti. Una, due, a volte tre canzoni a testa. E un paio di chiacchiere post performance con i conduttori. Rimarr\u00e0 tutto alla fine? Chiss\u00e0. Ma ci sono due aspetti che si devono raccontare qui, perch\u00e9 lo schermo televisivo \u2013 quando sar\u00e0 il momento \u2013 sicuramente ometter\u00e0.<\/p>\n<p><img decoding=\"async\" src=\"https:\/\/www.europesays.com\/it\/wp-content\/uploads\/2026\/03\/foto-ad-alvin-e-michelle-hunziker.jpeg\" alt=\"Foto ad Alvin e Michelle Hunziker\" title=\"Foto ad Alvin e Michelle Hunziker\"\/><\/p>\n<p>Il primo \u00e8 il cambio d\u2019abito. Alcuni artisti \u2013 Sal Da Vinci su tutti \u2013 entrano in scena con un vestito, cantano, salutano e se ne vanno. Poi tornano dopo qualche minuto, indossando abiti diversi. E vengono presentati come se fossero gi\u00e0 stati a Ferrara la settimana prima. Si diceva del vincitore di Sanremo, lo stesso vale per Annalisa. I vari spezzoni andranno in onda in due serate diverse, \u00e8 evidente. Ma \u00e8 tutto materiale girato nell&#8217;arco della stessa mezz\u2019ora.<\/p>\n<p><img decoding=\"async\" src=\"https:\/\/www.europesays.com\/it\/wp-content\/uploads\/2026\/03\/geolier.jpeg\" alt=\"Geolier\" title=\"Geolier\"\/><\/p>\n<p>Cantanti fantasma<\/p>\n<p>La seconda riguarda gli artisti fantasma. Michelle e Alvin lo spiegano al pubblico presente in piazza, a scanso di equivoci: capiter\u00e0 che loro annuncino un cantante che poi, di fatto, non salir\u00e0 sul palco. Non in quel momento almeno. E\u2019 un trucco televisivo. Serve a inserire quel determinato artista esattamente in un punto della scaletta. Ma quel cantante, in realt\u00e0, a Ferrara non c\u2019\u00e8. Si esibir\u00e0 forse sabato o domenica. Troppo complicato? Pi\u00f9 che altro strano. Ma \u00e8 lo show business signori.<\/p>\n<p>Il dietro le quinte<\/p>\n<p>Ma oltre al palco, c\u2019\u00e8 un backstage, come dicono gli esperti. Il \u2018dietro le quinte\u2019, per dirla alla classica. E\u2019 dove gli artisti si riposano, rilasciano interviste e selfie. Dove alloggia la stampa e una massa informe di personaggi accreditati a vario titolo. E\u2019 il termometro di un\u2019Italia che alla fine ha le proprie preferenze e non ha paura di mostrarle.<\/p>\n<p><img decoding=\"async\" src=\"https:\/\/www.europesays.com\/it\/wp-content\/uploads\/2026\/03\/il-dietro-le-quinte-del-corpo-di-ballo.jpeg\" alt=\"Il 'dietro le quinte' del corpo di ballo\" title=\"Il 'dietro le quinte' del corpo di ballo\"\/><\/p>\n<p>Non lo raccontiamo tanto per, ma per dovere di cronaca. Passano i pezzi, le note, le musiche, ma il pi\u00f9 cantato \u2013 a tratti urlato \u2013 \u00e8 il vincitore di Sanremo. Dietro alle famose quinte, ballano tutti. Alcun riprendono addirittura con il telefonino lo schermo con le immagini televisive. Lui, Sal, lo percepisce, ma non si nega ad una foto o un autografo. Anche se ha un entourage pi\u00f9 numeroso di altri che, a volte, crea uno scudo. Lui, per\u00f2, lo penetra e arriva comunque alla gente.<\/p>\n<p><img decoding=\"async\" src=\"https:\/\/www.europesays.com\/it\/wp-content\/uploads\/2026\/03\/tommaso-paradiso-in-un-gioco-alla-batteria.jpeg\" alt=\"Tommaso Paradiso in un gioco alla batteria\" title=\"Tommaso Paradiso in un gioco alla batteria\"\/><\/p>\n<p>Freddo freddissimo<\/p>\n<p>Si diceva di un marzo che pare novembre. Di Ferrara che non \u00e8 la Puglia, insomma. Michelle, mentre \u00e8 fuori onda, si copre con una copertina sulle gambe. Lo stesso fa il corpo di ballo: ragazze e ragazzi vestiti il giusto per risultare eleganti e non volgari che, a telecamere spente, si nascondono sotto giacconi da montagna. O bramano un abbraccio dai \u2018funghi\u2019 riscaldanti. Geolier, in questo, \u00e8 un po\u2019 eroe e un po\u2019 matto: sul palco \u00e8 in canottiera, come fosse luglio. O come fosse in Puglia. Renga \u00e8 gi\u00e0 pi\u00f9 coperto. Emis Killa \u00e8 l\u2019esatto opposto del rapper napoletano, bardato stile Olimpiadi. E\u2019 moda, \u00e8 show, oltre la colonnina di mercurio.<\/p>\n<p><img decoding=\"async\" src=\"https:\/\/www.europesays.com\/it\/wp-content\/uploads\/2026\/03\/emma-alle-interviste.jpeg\" alt=\"Emma alle interviste\" title=\"Emma alle interviste\"\/><\/p>\n<p>Tre ore. E forse pi\u00f9<\/p>\n<p>Lo spettacolo non \u00e8 in diretta, quindi non c\u2019\u00e8 il problema del tempo. Poi domani \u00e8 sabato, figuriamoci. Quindi le 20, ora di partenza, non sono le 20. Cos\u00ec come la fine, \u00e8 oltre mezzanotte. Non sono i tempi biblici di Sanremo, ma nemmeno quelli snelli di una cantata in spiaggia tra amici e via. Ed \u00e8 solo venerd\u00ec. Poi si replica sabato e pure domenica. Tre serate di musica e di balli. Oltre alle polemiche e oltre al freddo. Dentro ad una piazza che \u00e8 il cuore di una citt\u00e0 che vuole, semplicemente, far aumentare i \u2018Battiti\u2019 del proprio divertimento. Che sia diretta o differita.<\/p>\n","protected":false},"excerpt":{"rendered":"Ferrara balla a ritmo di Battiti Live Spring. Balla sopra alle polemiche \u2013 feroci alla vigilia per la&hellip;\n","protected":false},"author":3,"featured_media":407317,"comment_status":"","ping_status":"","sticky":false,"template":"","format":"standard","meta":{"footnotes":"","_share_on_mastodon":"0"},"categories":[1451],"tags":[464,1621,1620,1569,203,204,1537,90,89,1539],"class_list":["post-407316","post","type-post","status-publish","format-standard","has-post-thumbnail","category-celebrita","tag-battiti-live","tag-celebrita","tag-celebrities","tag-concerto","tag-entertainment","tag-intrattenimento","tag-it","tag-italia","tag-italy","tag-musica"],"share_on_mastodon":{"url":"https:\/\/pubeurope.com\/@it\/116271482961458617","error":""},"_links":{"self":[{"href":"https:\/\/www.europesays.com\/it\/wp-json\/wp\/v2\/posts\/407316","targetHints":{"allow":["GET"]}}],"collection":[{"href":"https:\/\/www.europesays.com\/it\/wp-json\/wp\/v2\/posts"}],"about":[{"href":"https:\/\/www.europesays.com\/it\/wp-json\/wp\/v2\/types\/post"}],"author":[{"embeddable":true,"href":"https:\/\/www.europesays.com\/it\/wp-json\/wp\/v2\/users\/3"}],"replies":[{"embeddable":true,"href":"https:\/\/www.europesays.com\/it\/wp-json\/wp\/v2\/comments?post=407316"}],"version-history":[{"count":0,"href":"https:\/\/www.europesays.com\/it\/wp-json\/wp\/v2\/posts\/407316\/revisions"}],"wp:featuredmedia":[{"embeddable":true,"href":"https:\/\/www.europesays.com\/it\/wp-json\/wp\/v2\/media\/407317"}],"wp:attachment":[{"href":"https:\/\/www.europesays.com\/it\/wp-json\/wp\/v2\/media?parent=407316"}],"wp:term":[{"taxonomy":"category","embeddable":true,"href":"https:\/\/www.europesays.com\/it\/wp-json\/wp\/v2\/categories?post=407316"},{"taxonomy":"post_tag","embeddable":true,"href":"https:\/\/www.europesays.com\/it\/wp-json\/wp\/v2\/tags?post=407316"}],"curies":[{"name":"wp","href":"https:\/\/api.w.org\/{rel}","templated":true}]}}