{"id":407480,"date":"2026-03-22T09:27:14","date_gmt":"2026-03-22T09:27:14","guid":{"rendered":"https:\/\/www.europesays.com\/it\/407480\/"},"modified":"2026-03-22T09:27:14","modified_gmt":"2026-03-22T09:27:14","slug":"milan-con-rabiot-ritmo-da-scudetto-lanalisi-e-i-numeri","status":"publish","type":"post","link":"https:\/\/www.europesays.com\/it\/407480\/","title":{"rendered":"Milan, con Rabiot ritmo da scudetto: l&#8217;analisi e i numeri"},"content":{"rendered":"<p>                                La media punti dei rossoneri nelle partite con Adrien \u00e8 altissima, superiore a quella dell&#8217;Inter capolista<\/p>\n<p>            <a class=\"image is-50x50\" href=\"https:\/\/www.gazzetta.it\/redazione\/andrea-ramazzotti\/\" rel=\"nofollow noopener\" target=\"_blank\"><br \/>\n                <img decoding=\"async\" class=\"is-rounded\" src=\"https:\/\/www.europesays.com\/it\/wp-content\/uploads\/2025\/11\/andrea_ramazzotti_avatar.png\" alt=\"Andrea Ramazzotti\"\/><br \/>\n            <\/a><\/p>\n<p>Giornalista<\/p>\n<p>                    22 marzo &#8211; 09:28  &#8211; MILANO<\/p>\n<p class=\"paragraph\" spellcheck=\"true\">C\u2019\u00e8 un Milan con Adrien Rabiot e un Milan senza di lui. E quello con il centrocampista francese funziona decisamente meglio dell\u2019altro. I numeri sono eloquenti: in campionato l\u2019ex Marsiglia ha giocato 21 partite e il Milan ne ha vinte 15, viaggiando a una media di 2,38 punti a incontro. Con una proiezione di oltre 90 punti sulle 38 giornate. Insomma, un passo da scudetto. Nelle 9 gare in cui Rabiot non \u00e8 stato in campo perch\u00e9 non ancora rossonero (quelle contro Cremonese e Lecce a inizio torneo), infortunato (all\u2019andata contro Fiorentina, Pisa, Atalanta, Roma e Parma) o squalificato (Como e Lazio) i successi sono stati appena 3 e i punti conquistati 13 per una media di 1,44 a partita. Quasi un punto di differenza a incontro fa capire quanto la formazione di Allegri sia diversa con o senza Adrien, autentico leader di un gruppo che non pu\u00f2 fare a meno di lui sia in fase di possesso sia di non possesso.\u00a0<\/p>\n<p>        Gioia a San Siro\u2014 \u00a0<\/p>\n<p class=\"paragraph\" spellcheck=\"true\">Contro il Torino all\u2019andata, Rabiot aveva segnato un gol meraviglioso con una botta da fuori che aveva dato il via alla rimonta del Milan. Ieri il suo 2-1 \u00e8 stato meno spettacolare, un appoggio ravvicinato alle spalle di Paleari dopo un bel cross di Pulisic, ma la sua rete ha avuto un peso specifico enorme perch\u00e9 il Diavolo aveva chiuso la prima frazione in parit\u00e0 e nella ripresa c\u2019era la necessit\u00e0 di dare un\u2019accelerata. Adrien si \u00e8 fatto trovare pronto al momento giusto, dopo che gi\u00e0 nei 45 minuti iniziali ci aveva provato con una sassata da lontano, scaldando i guantoni di Paleari. La sua prima rete a San Siro con la maglia rossonera, dunque, la ricorder\u00e0 con grande piacere perch\u00e9 ha permesso alla sua squadra di conquistare i tre punti, esattamente come era successo in occasione delle sue altre marcature, tutte in trasferta, contro il Torino all\u2019andata, il Como (doppietta e rigore procurato) e il Bologna. Adesso \u00e8 a quota 5 centri in Serie A, ovvero a -4 dai 9 firmati <a href=\"https:\/\/www.gazzetta.it\/Calcio\/Serie-A\/Milan\/01-09-2025\/rabiot-rowe-dalla-rissa-di-marsiglia-a-avversari-in-milan-bologna.shtml?intcmp=hyperlink-articolo-gazit\" rel=\"nofollow noopener\" target=\"_blank\">la scorsa stagione a Marsiglia<\/a> e a -3 dagli 8 che aveva realizzato alla Juventus nel 2022-23, quando in panchina c\u2019era Allegri. Adesso il Torino \u00e8 la squadra contro la quale ha segnato di pi\u00f9 (3 volte) nel nostro campionato. Il suo acquisto per 7 milioni pi\u00f9 uno di bonus ha cambiato il Milan che, senza di lui, difficilmente sarebbe stato al secondo posto.\u00a0<\/p>\n<p><a class=\"is-partner-link\" href=\"https:\/\/aipredictor.gazzetta.it\/?intcmp=linkArticoloSerieA\" rel=\"nofollow noopener\" target=\"_blank\">Pronostici sulla Serie A generati dalla nostra IA. Prova gratis Gazzetta AI Predictor.<\/a><\/p>\n<p>        rabiot e l&#8217;Esultanza\u2014 \u00a0<\/p>\n<p class=\"paragraph\" spellcheck=\"true\">Ieri Rabiot si \u00e8 tolto anche la soddisfazione di esultare insieme al connazionale Fofana. In occasione del suo 2-1, hanno fatto un passo di danza e il gesto del fucile con le mani, strappando un sorriso in tribuna a Leao, ma ancora pi\u00f9 divertente \u00e8 stato il modo in cui lui e Fofana hanno celebrato il 3-1: i due si sono inginocchiati per far <a href=\"https:\/\/www.gazzetta.it\/Calcio\/Serie-A\/Milan\/21-03-2026\/leao-e-milan-torino-sorride-in-tribuna-fofana-esulta-col-surf.shtml?intcmp=hyperlink-articolo-gazit\" rel=\"nofollow noopener\" target=\"_blank\">il gesto del surfista tipico di Rafa<\/a>, ma si sono anche messi il gomito davanti al viso come Pulisic. &#8220;Era un misto tra le esultanze di Leao e Pulisic \u2013 ha ammesso sorridendo Fofana \u2013 e cos\u00ec ho voluto dedicare il gol a loro. Magari se faccio questa esultanza, segno pi\u00f9 reti (e sorride, ndr)&#8221;.<\/p>\n<p class=\"is-copyright\">\u00a9 RIPRODUZIONE RISERVATA<\/p>\n","protected":false},"excerpt":{"rendered":"La media punti dei rossoneri nelle partite con Adrien \u00e8 altissima, superiore a quella dell&#8217;Inter capolista Giornalista 22&hellip;\n","protected":false},"author":3,"featured_media":407481,"comment_status":"","ping_status":"","sticky":false,"template":"","format":"standard","meta":{"footnotes":"","_share_on_mastodon":"0"},"categories":[1452],"tags":[28919,3076,1961,721,1856,3705,14485,21096,1740,324,1976,399,1537,90,89,8007,14944,793,69843,553,1294,3205,21065,4283,68,16737,13196,1292,46511,2518,532,9612,6072,22850,1739,245,244,1641],"class_list":["post-407480","post","type-post","status-publish","format-standard","has-post-thumbnail","category-calcio","tag-adrien","tag-allegri","tag-andata","tag-calcio","tag-campionato","tag-como","tag-esultanza","tag-fofana","tag-football","tag-gesto","tag-gol","tag-incontro","tag-it","tag-italia","tag-italy","tag-leao","tag-marsiglia","tag-media","tag-media-punti","tag-milan","tag-numeri","tag-occasione","tag-paleari","tag-partite","tag-passo","tag-possesso","tag-pulisic","tag-punti","tag-rabiot","tag-rete","tag-san","tag-san-siro","tag-scudetto","tag-segnato","tag-soccer","tag-sport","tag-sports","tag-torino"],"share_on_mastodon":{"url":"https:\/\/pubeurope.com\/@it\/116272119688599700","error":""},"_links":{"self":[{"href":"https:\/\/www.europesays.com\/it\/wp-json\/wp\/v2\/posts\/407480","targetHints":{"allow":["GET"]}}],"collection":[{"href":"https:\/\/www.europesays.com\/it\/wp-json\/wp\/v2\/posts"}],"about":[{"href":"https:\/\/www.europesays.com\/it\/wp-json\/wp\/v2\/types\/post"}],"author":[{"embeddable":true,"href":"https:\/\/www.europesays.com\/it\/wp-json\/wp\/v2\/users\/3"}],"replies":[{"embeddable":true,"href":"https:\/\/www.europesays.com\/it\/wp-json\/wp\/v2\/comments?post=407480"}],"version-history":[{"count":0,"href":"https:\/\/www.europesays.com\/it\/wp-json\/wp\/v2\/posts\/407480\/revisions"}],"wp:featuredmedia":[{"embeddable":true,"href":"https:\/\/www.europesays.com\/it\/wp-json\/wp\/v2\/media\/407481"}],"wp:attachment":[{"href":"https:\/\/www.europesays.com\/it\/wp-json\/wp\/v2\/media?parent=407480"}],"wp:term":[{"taxonomy":"category","embeddable":true,"href":"https:\/\/www.europesays.com\/it\/wp-json\/wp\/v2\/categories?post=407480"},{"taxonomy":"post_tag","embeddable":true,"href":"https:\/\/www.europesays.com\/it\/wp-json\/wp\/v2\/tags?post=407480"}],"curies":[{"name":"wp","href":"https:\/\/api.w.org\/{rel}","templated":true}]}}