{"id":407842,"date":"2026-03-22T14:33:25","date_gmt":"2026-03-22T14:33:25","guid":{"rendered":"https:\/\/www.europesays.com\/it\/407842\/"},"modified":"2026-03-22T14:33:25","modified_gmt":"2026-03-22T14:33:25","slug":"e-ufficiale-fedez-aspetta-un-figlio-lannuncio-dolcissimo-col-cagnolino","status":"publish","type":"post","link":"https:\/\/www.europesays.com\/it\/407842\/","title":{"rendered":"\u00c8 ufficiale, Fedez aspetta un figlio: l&#8217;annuncio (dolcissimo) col cagnolino"},"content":{"rendered":"<p>Fedez annuncia il terzo figlio. Questa volta \u00e8 ufficiale. \u00c8 di queste ore infatti la foto in cui il cantante e podcaster si immortala sul divano insieme alla compagna Giulia e al loro cagnolino. Una foto come tante, almeno all\u2019apparenza, visto che, a guardare bene, ci\u00f2 che si intravede \u00e8 un pancino pi\u00f9 che pronunciato. E cos\u00ec, dopo Leone e Vittoria, i bambini avuti da Chiara Ferragni rispettivamente otto e quattro anni fa, lo scatto non lascia pi\u00f9 alcun dubbio: un nuovo beb\u00e8 lo render\u00e0 pap\u00e0 per la terza volta.<\/p>\n<p>Nessuna frase scritta da Fedez in sovrimpressione alla foto, ma l&#8217;immagine basta da s\u00e9: il momento domestico racconta il nuovo equilibrio che il rapper ha finalmente trovato dopo la turbolenta fine della relazione con l&#8217;ex moglie. Un amore cos\u00ec\u00ec travolgente, quello per la 23enne, che i due hanno deciso di avere subito un figlio.\u00a0<\/p>\n<p>Chi \u00e8 Giulia Honegger. Le voci di gravidanza, poi la foto che chiude i dubbi<\/p>\n<p>La storia tra i due \u00e8 iniziata ufficialmente nell&#8217;estate del 2025, segnando il primo legame importante per il rapper dopo la separazione da Chiara Ferragni. Giulia \u00e8 una giovane stilista e imprenditrice milanese: nel 2024 ha fondato a Milano un marchio di moda insieme all&#8217;amica Lucrezia Savol di Bellavitis. Ha studiato presso il collegio San Carlo di Milano ed era con lui a Sanremo.<\/p>\n<p>Le voci sulla gravidanza di Giulia si sono intensificate notevolmente nel marzo 2026. Secondo diverse ricostruzioni, Fedez avrebbe gi\u00e0 informato personalmente l&#8217;ex moglie Chiara della notizia, per mantenere un rapporto civile e trasparente per il bene dei loro figli, Leone e Vittoria. Proprio in occasione di Sanremo, il rapper aveva smentito la gravidanza: un passaggio che oggi molti rileggono alla luce della delicatezza dei primi tre mesi. Ora, invece, con lo scatto pubblicato nel pomeriggio, per i follower non ci sono pi\u00f9 dubbi.<\/p>\n<p><a href=\"https:\/\/www.today.it\/gossip\/vip\/fedez-figlio-giulia-chiara-ferragni.html\" target=\"_blank\" rel=\"nofollow noopener\">Non ci sarebbero pi\u00f9 dubbi: Fedez e Giulia aspettano un figlio. &#8220;Il rapper l&#8217;ha gi\u00e0 detto a Chiara Ferragni&#8221;<\/a>\u00a0L\u2019arrivo di un cucciolo, prima del beb\u00e8<\/p>\n<p>A marzo 2026 Fedez aveva annunciato l&#8217;arrivo di un nuovo cucciolo, chiamato Maurizio, presentato tramite le sue storie Instagram. Il cagnolino, che sembra essere un Chihuahua a pelo lungo, si unisce a Silvio, il Golden Retriever adottato dal rapper nel 2024. Maurizio era stato accolto con entusiasmo, raccontato nelle prime esplorazioni in casa. Ed \u00e8 proprio lui \u2014 il cagnolino \u2014 a comparire oggi nella foto che accompagna l\u2019annuncio: un\u2019immagine intima, di famiglia, costruita pi\u00f9 sui dettagli che sulle parole.<\/p>\n<p>Anche Chiara Ferragni verso un nuovo equilibrio<\/p>\n<p>Sempre in queste settimane, anche la situazione sentimentale di Chiara Ferragni sembra aver trovato un nuovo equilibrio dopo la fine delle brevi frequentazioni con Silvio Campara e Giovanni Tronchetti Provera. Attualmente, Ferragni \u00e8 legata a Jos\u00e9 Hernandez, un manager di origini colombiane che vive e lavora a Milano. Insomma, entrambi i protagonisti di una delle coppie pi\u00f9 mediatiche degli ultimi anni sembrano oggi aver voltato pagina, ciascuno su altri lidi.<\/p>\n<p><a href=\"https:\/\/www.today.it\/gossip\/vip\/fedez-terzo-figlio-giulia-honegger.html\" target=\"_blank\" rel=\"nofollow noopener\">&#8220;Fedez e Giulia Honegger presto genitori hanno fatto il gender reveal party&#8221;<\/a><img loading=\"lazy\" decoding=\"async\" style=\"aspect-ratio:678\/1200;\" src=\"https:\/\/www.europesays.com\/it\/wp-content\/uploads\/2026\/03\/fedez-139.jpg\" alt=\"fedez-139\" width=\"678\" height=\"1200\" title=\"fedez-139\"\/>La storia di Fedez <\/p>\n","protected":false},"excerpt":{"rendered":"Fedez annuncia il terzo figlio. Questa volta \u00e8 ufficiale. \u00c8 di queste ore infatti la foto in cui&hellip;\n","protected":false},"author":3,"featured_media":407843,"comment_status":"","ping_status":"","sticky":false,"template":"","format":"standard","meta":{"footnotes":"","_share_on_mastodon":"0"},"categories":[174],"tags":[203,466,232734,232733,35915,204,1537,90,89,232735],"class_list":["post-407842","post","type-post","status-publish","format-standard","has-post-thumbnail","category-intrattenimento","tag-entertainment","tag-fedez","tag-fedez-aspetta-un-figlio","tag-fedez-figlio","tag-giulia-honegger","tag-intrattenimento","tag-it","tag-italia","tag-italy","tag-nuova-fidanzata-fedez"],"share_on_mastodon":{"url":"https:\/\/pubeurope.com\/@it\/116273322769804561","error":""},"_links":{"self":[{"href":"https:\/\/www.europesays.com\/it\/wp-json\/wp\/v2\/posts\/407842","targetHints":{"allow":["GET"]}}],"collection":[{"href":"https:\/\/www.europesays.com\/it\/wp-json\/wp\/v2\/posts"}],"about":[{"href":"https:\/\/www.europesays.com\/it\/wp-json\/wp\/v2\/types\/post"}],"author":[{"embeddable":true,"href":"https:\/\/www.europesays.com\/it\/wp-json\/wp\/v2\/users\/3"}],"replies":[{"embeddable":true,"href":"https:\/\/www.europesays.com\/it\/wp-json\/wp\/v2\/comments?post=407842"}],"version-history":[{"count":0,"href":"https:\/\/www.europesays.com\/it\/wp-json\/wp\/v2\/posts\/407842\/revisions"}],"wp:featuredmedia":[{"embeddable":true,"href":"https:\/\/www.europesays.com\/it\/wp-json\/wp\/v2\/media\/407843"}],"wp:attachment":[{"href":"https:\/\/www.europesays.com\/it\/wp-json\/wp\/v2\/media?parent=407842"}],"wp:term":[{"taxonomy":"category","embeddable":true,"href":"https:\/\/www.europesays.com\/it\/wp-json\/wp\/v2\/categories?post=407842"},{"taxonomy":"post_tag","embeddable":true,"href":"https:\/\/www.europesays.com\/it\/wp-json\/wp\/v2\/tags?post=407842"}],"curies":[{"name":"wp","href":"https:\/\/api.w.org\/{rel}","templated":true}]}}