{"id":407941,"date":"2026-03-22T15:59:16","date_gmt":"2026-03-22T15:59:16","guid":{"rendered":"https:\/\/www.europesays.com\/it\/407941\/"},"modified":"2026-03-22T15:59:16","modified_gmt":"2026-03-22T15:59:16","slug":"canzonissima-la-nuova-si-fa-per-dire-trasmissione-e-mortalmente-prevedibile","status":"publish","type":"post","link":"https:\/\/www.europesays.com\/it\/407941\/","title":{"rendered":"Canzonissima, la nuova (si fa per dire) trasmissione \u00e8 mortalmente prevedibile"},"content":{"rendered":"<p>    di<br \/>\n    Aldo Grasso<\/p>\n<p class=\"summary-art is-line-h-12\">Il meccanismo \u00e8 tanto semplice quanto disarmante: si prendono bravi interpreti e li si invita a riproporre una playlist che si compila da sola<\/p>\n<p class=\"chapter-paragraph\">La nuova (?) trasmissione condotta da Milly Carlucci ha impropriamente usurpato uno dei titoli storici della tv italiana: Canzonissima. Pi\u00f9 onestamente avrebbe dovuto chiamarsi Nostalgissima o, meglio ancora, Coverissima (Rai1). Non serve un genio della tv per mettere insieme un gruppo di cantanti e fargli riproporre brani celebri del passato: \u00abCitt\u00e0 vuota\u00bb di Mina,\u00a0 \u00abIl mio canto libero\u00bb di Battisti, \u00abBella vera\u00bb degli 883, \u00abLontano dagli occhi\u00bb di Sergio Endrigo, \u00abPregher\u00f2\u00bb di Adriano Celentano\u2026 Il meccanismo \u00e8 tanto semplice quanto disarmante: si prendono bravi interpreti e li si invita a riproporre una playlist che si compila da sola, con lo stesso sforzo creativo richiesto per scegliere una stazione radio anni \u201960.\u00a0<\/p>\n<p class=\"chapter-paragraph\"><b>Il risultato? Una sequenza ben confezionata ma mortalmente prevedibile<\/b>. \u00abChe le canzoni entrino in gara!\u00bb: questo era Canzonissima, quella vera, in onda dal 1958 al 1975, abbinata alla Lotteria di Capodanno. Un variet\u00e0 che aveva il coraggio della competizione, il ritmo dello spettacolo e, soprattutto, delle personalit\u00e0 in grado di reggerlo. Non solo cantanti, ma protagonisti. Non solo numeri, ma momenti.    &#13;<br \/>\n&#13;<br \/>\n&#13;<br \/>\n&#13;<br \/>\n&#13;<br \/>\n&#13;<br \/>\n&#13;<br \/>\n&#13;<br \/>\n&#13;<br \/>\n&#13;<br \/>\n&#13;<br \/>\n&#13;<br \/>\n&#13;<br \/>\n&#13;<br \/>\n&#13;<br \/>\n&#13;<br \/>\n&#13;<br \/>\n&#13;<br \/>\n&#13;<br \/>\n&#13;<br \/>\n&#13;<br \/>\n&#13;<br \/>\n&#13;<br \/>\n&#13;<br \/>\n&#13;<br \/>\n&#13;<br \/>\n&#13;<br \/>\n&#13;<br \/>\n&#13;<br \/>\n&#13;<br \/>\n&#13;<br \/>\n&#13;<br \/>\n&#13;<br \/>\n&#13;<br \/>\n&#13;<br \/>\n&#13;<br \/>\n&#13;<br \/>\n&#13;<br \/>\n&#13;<br \/>\n&#13;<br \/>\n&#13;<br \/>\n&#13;<br \/>\n&#13;<br \/>\n&#13;<br \/>\n&#13;<br \/>\n&#13;<br \/>\n&#13;<br \/>\n&#13;<br \/>\n&#13;<br \/>\n&#13;<br \/>\n&#13;<br \/>\n&#13;<br \/>\n&#13;\n<\/p>\n<p class=\"chapter-paragraph\"><b>Milly Carlucci pi\u00f9 che guidare lo spettacolo sembra amministrarlo<\/b>, come una dirigente d\u2019azienda. Il sospetto \u00e8 che lo show esista soprattutto per fare da contrappeso nostalgico al ritorno di Amici. Una risposta rassicurante, quasi terapeutica, per chi teme le emozioni contemporanee e preferisce rifugiarsi nel karaoke. Poi c\u2019\u00e8 la giuria, un gruppo compatto, unito da un entusiasmo talmente misurato da sfiorare la banalit\u00e0: Claudio Cecchetto, Francesca Fialdini, Pierluigi Pardo, Simona Izzo, Caterina Balivo\u2026 (Pardo, davvero non c\u2019era una partita qualsiasi da commentare?).<\/p>\n<p class=\"chapter-paragraph\">Gli interpreti \u2014 <b>Malika Ayane, Elio e le Storie Tese, Enrico Ruggeri, Fabrizio Moro, Fausto Leali, i Jalisse\u2026<\/b> \u2014 fanno il loro mestiere con professionalit\u00e0. E proprio qui sta il problema: lo fanno solo con professionalit\u00e0. Il risultato \u00e8 un grande jukebox umano, una gita organizzata nella memoria collettiva, dove aleggia non lo spirito di Canzonissima, ma quello di Techetechete\u2019. E se devo sentire ancora \u00abNessun dorma\u00bb, giuro che non faccio ostaggi.<\/p>\n<p class=\"is-last-update\" datetime=\"2026-03-22T16:42:38+01:00\">22 marzo 2026 ( modifica il 22 marzo 2026 | 16:42)<\/p>\n<p class=\"is-copyright\">\n            \u00a9 RIPRODUZIONE RISERVATA\n        <\/p>\n","protected":false},"excerpt":{"rendered":"di Aldo Grasso Il meccanismo \u00e8 tanto semplice quanto disarmante: si prendono bravi interpreti e li si invita&hellip;\n","protected":false},"author":3,"featured_media":407942,"comment_status":"","ping_status":"","sticky":false,"template":"","format":"standard","meta":{"footnotes":"","_share_on_mastodon":"0"},"categories":[6],"tags":[23153,232764,232765,16371,43329,2374,232766,232767,14,113999,232768,232769,8,12473,232770,232771,24586,232772,232773,1537,90,89,5153,232774,232775,2376,2377,232776,232777,7,15,82,9,83,10,273,232778,232763,13,11,80,84,12,81,85],"class_list":["post-407941","post","type-post","status-publish","format-standard","has-post-thumbnail","category-ultime-notizie","tag-bravi","tag-bravi-interpreti","tag-bravi-interpreti-invita","tag-cantanti","tag-canzonissima","tag-carlucci","tag-compila","tag-compila-sola","tag-cronaca","tag-disarmante","tag-disarmante-prendono","tag-disarmante-prendono-bravi","tag-headlines","tag-interpreti","tag-interpreti-invita","tag-interpreti-invita-riproporre","tag-invita","tag-invita-riproporre","tag-invita-riproporre-playlist","tag-it","tag-italia","tag-italy","tag-meccanismo","tag-meccanismo-semplice","tag-meccanismo-semplice-disarmante","tag-milly","tag-milly-carlucci","tag-mortalmente","tag-mortalmente-prevedibile","tag-news","tag-notizie","tag-notizie-di-cronaca","tag-notizie-principali","tag-notiziedicronaca","tag-notizieprincipali","tag-nuova","tag-nuova-trasmissione","tag-riproporre","tag-titoli","tag-ultime-notizie","tag-ultime-notizie-di-cronaca","tag-ultime-notizie-e-news-di-oggi","tag-ultimenotizie","tag-ultimenotiziedicronaca","tag-ultimenotizieenewsdioggi"],"share_on_mastodon":{"url":"","error":"Validation failed: Text character limit of 500 exceeded"},"_links":{"self":[{"href":"https:\/\/www.europesays.com\/it\/wp-json\/wp\/v2\/posts\/407941","targetHints":{"allow":["GET"]}}],"collection":[{"href":"https:\/\/www.europesays.com\/it\/wp-json\/wp\/v2\/posts"}],"about":[{"href":"https:\/\/www.europesays.com\/it\/wp-json\/wp\/v2\/types\/post"}],"author":[{"embeddable":true,"href":"https:\/\/www.europesays.com\/it\/wp-json\/wp\/v2\/users\/3"}],"replies":[{"embeddable":true,"href":"https:\/\/www.europesays.com\/it\/wp-json\/wp\/v2\/comments?post=407941"}],"version-history":[{"count":0,"href":"https:\/\/www.europesays.com\/it\/wp-json\/wp\/v2\/posts\/407941\/revisions"}],"wp:featuredmedia":[{"embeddable":true,"href":"https:\/\/www.europesays.com\/it\/wp-json\/wp\/v2\/media\/407942"}],"wp:attachment":[{"href":"https:\/\/www.europesays.com\/it\/wp-json\/wp\/v2\/media?parent=407941"}],"wp:term":[{"taxonomy":"category","embeddable":true,"href":"https:\/\/www.europesays.com\/it\/wp-json\/wp\/v2\/categories?post=407941"},{"taxonomy":"post_tag","embeddable":true,"href":"https:\/\/www.europesays.com\/it\/wp-json\/wp\/v2\/tags?post=407941"}],"curies":[{"name":"wp","href":"https:\/\/api.w.org\/{rel}","templated":true}]}}