{"id":408481,"date":"2026-03-23T00:56:11","date_gmt":"2026-03-23T00:56:11","guid":{"rendered":"https:\/\/www.europesays.com\/it\/408481\/"},"modified":"2026-03-23T00:56:11","modified_gmt":"2026-03-23T00:56:11","slug":"che-auto-guida-rocco-papaleo-il-suv-ruba-la-scena-sul-set","status":"publish","type":"post","link":"https:\/\/www.europesays.com\/it\/408481\/","title":{"rendered":"Che auto guida Rocco Papaleo, il SUV ruba la scena sul set"},"content":{"rendered":"<p>Cinema e motori: due rette che spesso si incontrano, ma raramente un<strong>\u2018auto<\/strong> e un attore come <strong>Rocco Papaleo<\/strong> riescono a creare un binomio cos\u00ec naturale sullo schermo. New entry della quinta stagione di Imma Tataranni \u2013 Sostituto Procuratore, l\u2019interprete lucano divise la scena in Si vive una volta sola con Carlo Verdone e la <strong>Opel Crossland X<\/strong>, una compagna di viaggio d\u2019eccezione. Il SUV protagonista delle riprese sul set esprimeva l\u2019essenza della concretezza meglio di tanti inutili convenevoli.\n<\/p>\n<p>Un SUV razionale per la vita di tutti i giorni<\/p>\n<p>Sulla piattaforma condivisa con il gruppo PSA (la stessa della Peugeot 2008 di prima generazione), la Opel Crossland X del 2020 non si \u00e8 mai spacciata per ci\u00f2 che non era. Invece di rivendicare presunte velleit\u00e0 sportive, ha rispolverato i principi chiave di una familiare da citt\u00e0: lo <strong>spazio<\/strong> e la <strong>facilit\u00e0 di guida<\/strong>.<\/p>\n<p>Con una lunghezza di soli 421 cm, si muoveva agilmente nel traffico (caratteristica esaltata in diverse sequenze del film di <a href=\"https:\/\/www.virgilio.it\/motori\/curiosita\/auto-carlo-verdone\/317479\/\" rel=\"nofollow noopener\" target=\"_blank\">Verdone<\/a>), ma nascondeva un salotto di bordo sorprendentemente sfruttabile. Il <a href=\"https:\/\/www.virgilio.it\/motori\/auto\/auto-piccole-grande-bagagliaio\/239186\/\" rel=\"nofollow noopener\" target=\"_blank\">bagagliaio<\/a>, che variava da 410 a ben 1255 litri, era uno dei migliori della categoria <a href=\"https:\/\/www.virgilio.it\/motori\/auto\/b-suv-piu-venduti-italia-giugno-2025\/286493\/\" rel=\"nofollow noopener\" target=\"_blank\">B-SUV<\/a>, rendendola una scelta intelligente per via tanto delle dimensioni da utilitaria quanto dell\u2019abitabilit\u00e0 da segmento superiore.<\/p>\n<p>\u00c8 tutta una questione di efficienza: il prezzo dell\u2019usato<\/p>\n<p>Passando alle motorizzazioni, il listino della Crossland X testata da Rocco Papaleo proponeva soluzioni ottimali in termini di costi di gestione. La gamma benzina si basava sull\u2019architettura a 3 cilindri, dove il <strong>1.2 aspirato da 83 CV<\/strong> strizzava l\u2019occhio ai neopatentati e alle anime da citt\u00e0, un gradino sotto il <strong>1.2 turbo da 110 e 130 CV<\/strong>, una combinazione di brio (fino a 230 Nm di coppia) e parchi consumi, tra i 5 e i 6 litri ogni 100 km. Infine, il <strong>1.5 Diesel Ecotec da 102 e 120 CV<\/strong> permetteva di percorrere quasi 25 km con un litro, andando incontro alle richieste dei grandi viaggiatori.<\/p>\n<p>Il mercato dell\u2019usato offre oggi la vettura a quotazioni molto interessanti, nell\u2019ordine tra i<strong> 9.000 e i 15.000 euro<\/strong>, a fronte di un equipaggiamento all\u2019avanguardia, comprensivo di Apple CarPlay, Android Auto e sistemi di sicurezza come la frenata automatica d\u2019emergenza.<\/p>\n<p>Imma Tataranni: talento e simpatia al servizio<\/p>\n<p>Proprio parlando di grandi cast e volti familiari, l\u2019attesa dei telespettatori \u00e8 rivolta alla puntata di domenica 22 marzo. Su Rai 1 va infatti in onda la terza e penultima puntata della quinta stagione di Imma Tataranni \u2013 Sostituto Procuratore. Dopo il successo travolgente dei primi episodi, capaci di superare il 23% di share, il nuovo caso, intitolato La colpa si sconta vivendo, promette scintille.<\/p>\n<p>Mentre Imma indaga sulla misteriosa morte dell\u2019avvocato Pignatelli, i fan della serie potranno osservare da vicino le dinamiche del nuovo cast. Tra le novit\u00e0 principali della stagione spicca proprio Rocco Papaleo, nei panni di Altiero Galliano, insieme a Lodo Guenzi. In un intreccio tra carriera, gelosie di Pietro e il feeling sempre pi\u00f9 evidente con Mike, l\u2019appuntamento si preannuncia decisivo per le sorti del Sostituto Procuratore pi\u00f9 amato d\u2019Italia. Dal cinema, su una Opel, o in TV, tra i vincoli di Matera, Papaleo continua a portare in scena con talento e simpatia l\u2019Italia di oggi.<\/p>\n","protected":false},"excerpt":{"rendered":"Cinema e motori: due rette che spesso si incontrano, ma raramente un\u2018auto e un attore come Rocco Papaleo&hellip;\n","protected":false},"author":3,"featured_media":408482,"comment_status":"","ping_status":"","sticky":false,"template":"","format":"standard","meta":{"footnotes":"","_share_on_mastodon":"0"},"categories":[1451],"tags":[1621,1620,1679,203,204,1537,90,89,213389,4628,6312,11114],"class_list":["post-408481","post","type-post","status-publish","format-standard","has-post-thumbnail","category-celebrita","tag-celebrita","tag-celebrities","tag-curiosita","tag-entertainment","tag-intrattenimento","tag-it","tag-italia","tag-italy","tag-le-auto-dei-vip","tag-motori","tag-opel","tag-suv"],"share_on_mastodon":{"url":"https:\/\/pubeurope.com\/@it\/116275772523796316","error":""},"_links":{"self":[{"href":"https:\/\/www.europesays.com\/it\/wp-json\/wp\/v2\/posts\/408481","targetHints":{"allow":["GET"]}}],"collection":[{"href":"https:\/\/www.europesays.com\/it\/wp-json\/wp\/v2\/posts"}],"about":[{"href":"https:\/\/www.europesays.com\/it\/wp-json\/wp\/v2\/types\/post"}],"author":[{"embeddable":true,"href":"https:\/\/www.europesays.com\/it\/wp-json\/wp\/v2\/users\/3"}],"replies":[{"embeddable":true,"href":"https:\/\/www.europesays.com\/it\/wp-json\/wp\/v2\/comments?post=408481"}],"version-history":[{"count":0,"href":"https:\/\/www.europesays.com\/it\/wp-json\/wp\/v2\/posts\/408481\/revisions"}],"wp:featuredmedia":[{"embeddable":true,"href":"https:\/\/www.europesays.com\/it\/wp-json\/wp\/v2\/media\/408482"}],"wp:attachment":[{"href":"https:\/\/www.europesays.com\/it\/wp-json\/wp\/v2\/media?parent=408481"}],"wp:term":[{"taxonomy":"category","embeddable":true,"href":"https:\/\/www.europesays.com\/it\/wp-json\/wp\/v2\/categories?post=408481"},{"taxonomy":"post_tag","embeddable":true,"href":"https:\/\/www.europesays.com\/it\/wp-json\/wp\/v2\/tags?post=408481"}],"curies":[{"name":"wp","href":"https:\/\/api.w.org\/{rel}","templated":true}]}}