{"id":408613,"date":"2026-03-23T03:25:24","date_gmt":"2026-03-23T03:25:24","guid":{"rendered":"https:\/\/www.europesays.com\/it\/408613\/"},"modified":"2026-03-23T03:25:24","modified_gmt":"2026-03-23T03:25:24","slug":"sci-sofia-goggia-straordinaria-e-sua-la-coppa-di-superg","status":"publish","type":"post","link":"https:\/\/www.europesays.com\/it\/408613\/","title":{"rendered":"Sci, Sofia Goggia straordinaria: \u00e8 sua la Coppa di SuperG"},"content":{"rendered":"<p align=\"left\">Imprendibile, inarrivabile: <strong>Sofia Goggia<\/strong> mette le mani sulla<strong> Coppa di SuperG <\/strong>dopo la splendida discesa a Lillehammer con il miglior tempo di 1\u201929\u201d23. Con 449 punti era gi\u00e0 davanti a tutte ma ha chiuso in bellezza vincendo pure l\u2019ultima gara di stagione, straordinaria la nostra azzurra. La bergamasca ottiene la vittoria numero 29 in Coppa del Mondo: al secondo posto si piazza la svizzera Corinne Suter (+0.32), terza la tedesca Weidle-Winkelmann (+0.60).<\/p>\n<p> Le parole di Sofia<\/p>\n<p align=\"left\">\u201cHo avuto dei momenti di forte pressione in questi giorni soprattutto dentro la mia testa, ho avuto paura di non farcela, commettere un errore o fare tre quarti di gara bene e poi uscire come avvenuto alle Olimpiadi\u201d, spiega Goggia ai microfoni della Rai dopo la cerimonia di premiazione con la coppa in mano. \u201cPoi quando sono partita mi sono ricordata delle mie qualit\u00e0, di aver studiato bene la pista, stava soltanto a me fare una bella gara. Quando al traguardo ho visto la luce verde pensando che cinque atlete non mi sarebbero passate davanti. \u00c8 stata una liberazione perch\u00e9 \u00e8 stata una stagione che non ha rispecchiato le aspettative, soprattutto in discesa libera. Ho avuto tanta difficolt\u00e0. In SuperG, anche senza questa gara, sarebbe stata comunque la mia migliore stagione di sempre. \u00c8 la mia prima coppa in SuperG che metter\u00f2 vicino alle altre 4 che ho sulla discesa libera. \u201cLa mia 29esima vittoria in Coppa del Mondo, quando riesci a vincere anche la gara \u00e8 una soddisfazione all\u2019ennesima potenza, va bene cos\u00ec\u201d, aggiunge.<\/p>\n<p> Goggia storica<\/p>\n<p align=\"left\">Sofia prende il posto della svizzera Lara Gut-Behrami che aveva vinto nel 2025 diventando la seconda italiana di sempre a vincere la classifica di specialit\u00e0 nel super G dopo Federica Brignone. Non solo, ma Sofia vince cos\u00ec la quinta Coppa di specialit\u00e0, la prima nel SuperG, dopo averne gi\u00e0 vinte ben 4 sulla specialit\u00e0 della discesa libera (2018, 2021, 2022, 2023).<\/p>\n<p> La discesa di Sofia<\/p>\n<p align=\"left\">Sofia Goggia, parte con il pettorale 8 da leader di specialit\u00e0: solo 5 centesimi di ritardo nel primo intertempo, va all\u2019attacco e al secondo intertempo perde soltanto 13\n<\/p>\n<p>centesimi. Al terzo intertempo ecco la luce verde, guadagna 24 centesimi ingranando con la velocit\u00e0, poi continua a incrementare con 49 centesimi arrivando al traguardo con uno strepitoso punteggio di 1\u201929\u201d 23, commuovendosi.<\/p>\n","protected":false},"excerpt":{"rendered":"Imprendibile, inarrivabile: Sofia Goggia mette le mani sulla Coppa di SuperG dopo la splendida discesa a Lillehammer con&hellip;\n","protected":false},"author":3,"featured_media":408614,"comment_status":"","ping_status":"","sticky":false,"template":"","format":"standard","meta":{"footnotes":"","_share_on_mastodon":"0"},"categories":[6],"tags":[14,8,1537,90,89,7,15,82,9,83,10,80282,76979,13,11,80,84,12,81,85],"class_list":["post-408613","post","type-post","status-publish","format-standard","has-post-thumbnail","category-ultime-notizie","tag-cronaca","tag-headlines","tag-it","tag-italia","tag-italy","tag-news","tag-notizie","tag-notizie-di-cronaca","tag-notizie-principali","tag-notiziedicronaca","tag-notizieprincipali","tag-sofia-goggia","tag-superg","tag-titoli","tag-ultime-notizie","tag-ultime-notizie-di-cronaca","tag-ultime-notizie-e-news-di-oggi","tag-ultimenotizie","tag-ultimenotiziedicronaca","tag-ultimenotizieenewsdioggi"],"share_on_mastodon":{"url":"https:\/\/pubeurope.com\/@it\/116276358382687836","error":""},"_links":{"self":[{"href":"https:\/\/www.europesays.com\/it\/wp-json\/wp\/v2\/posts\/408613","targetHints":{"allow":["GET"]}}],"collection":[{"href":"https:\/\/www.europesays.com\/it\/wp-json\/wp\/v2\/posts"}],"about":[{"href":"https:\/\/www.europesays.com\/it\/wp-json\/wp\/v2\/types\/post"}],"author":[{"embeddable":true,"href":"https:\/\/www.europesays.com\/it\/wp-json\/wp\/v2\/users\/3"}],"replies":[{"embeddable":true,"href":"https:\/\/www.europesays.com\/it\/wp-json\/wp\/v2\/comments?post=408613"}],"version-history":[{"count":0,"href":"https:\/\/www.europesays.com\/it\/wp-json\/wp\/v2\/posts\/408613\/revisions"}],"wp:featuredmedia":[{"embeddable":true,"href":"https:\/\/www.europesays.com\/it\/wp-json\/wp\/v2\/media\/408614"}],"wp:attachment":[{"href":"https:\/\/www.europesays.com\/it\/wp-json\/wp\/v2\/media?parent=408613"}],"wp:term":[{"taxonomy":"category","embeddable":true,"href":"https:\/\/www.europesays.com\/it\/wp-json\/wp\/v2\/categories?post=408613"},{"taxonomy":"post_tag","embeddable":true,"href":"https:\/\/www.europesays.com\/it\/wp-json\/wp\/v2\/tags?post=408613"}],"curies":[{"name":"wp","href":"https:\/\/api.w.org\/{rel}","templated":true}]}}