{"id":408793,"date":"2026-03-23T07:42:13","date_gmt":"2026-03-23T07:42:13","guid":{"rendered":"https:\/\/www.europesays.com\/it\/408793\/"},"modified":"2026-03-23T07:42:13","modified_gmt":"2026-03-23T07:42:13","slug":"juve-david-e-openda-flop-il-mercato-estivo-e-gli-errori","status":"publish","type":"post","link":"https:\/\/www.europesays.com\/it\/408793\/","title":{"rendered":"Juve, David e Openda flop: il mercato estivo e gli errori"},"content":{"rendered":"<p>                                I due sono rimasti per 90&#8242; in panchina contro il Sassuolo, con Spalletti che gli ha preferito i rientranti Milik e Vlahovic. \u00c8 la certificazione del fallimento del calciomercato estivo del 2025<\/p>\n<p>            <a class=\"image is-50x50\" href=\"https:\/\/www.gazzetta.it\/redazione\/fabio-russo\/\" rel=\"nofollow noopener\" target=\"_blank\"><br \/>\n                <img decoding=\"async\" class=\"is-rounded\" src=\"https:\/\/www.europesays.com\/it\/wp-content\/uploads\/2025\/11\/fabio_russo_avatar.png\" alt=\"Fabio Russo\"\/><br \/>\n            <\/a><\/p>\n<p>Giornalista<\/p>\n<p>                    23 marzo &#8211; 07:45  &#8211; MILANO<\/p>\n<p class=\"paragraph\" spellcheck=\"true\">Bocciati. Senza appello. Con il serio rischio di passare il resto della stagione ai margini e di diventare un grosso problema economico in estate. L&#8217;ingresso in campo di Vlahovic e Milik nel finale della partita della Juve contro il Sassuolo, al di l\u00e0 di significare <a href=\"https:\/\/www.gazzetta.it\/Calcio\/Serie-A\/Juventus\/22-03-2026\/juve-riecco-vlahovic-la-rincorsa-champions-puo-passare-anche-dai-suoi-gol.shtml?intcmp=hyperlink-articolo-gazit\" title=\"Juve, Vlahovic rientra e i tifosi gioiscono: la rincorsa Champions pu\u00f2 passare anche dai suoi gol\" rel=\"nofollow noopener\" target=\"_blank\">il rientro a disposizione di due calciatori out da tempo per i rispettivi infortuni<\/a>, suona come una sentenza nei confronti di Jonathan David e Lois Openda. Quelli che dovevano essere i volti nuovi dell&#8217;attacco juventino, per i quali meno di 300 giorni fa sono stati investiti pi\u00f9 di 56 milioni di euro di cartellini e 10 di ingaggi all&#8217;anno e che, al momento della scelta di Spalletti di preferirgli il serbo e il polacco, si saranno fatti una fotografia chiara di quello che li attende da qui a fine maggio: panchina per 90&#8242; o quasi. E pensare, che, nel motivare l&#8217;esonero di Tudor, l&#8217;ad bianconero Comolli aveva raccontato di non passare &#8220;notti insonni per nuovi acquisti, ma per le prestazioni della squadra&#8221;.\u00a0Come dire che il croato non era stato in grado di valorizzare le qualit\u00e0 del canadese e del belga. E invece, 5 mesi dopo, rieccoci al punto di partenza.<\/p>\n<p>    il fallimento di openda alla juve\u2014 \u00a0<\/p>\n<p class=\"paragraph is-inline\" spellcheck=\"true\">La situazione pi\u00f9 grave, in termini sia tecnici che economici, \u00e8 certamente quella dell&#8217;ex Lipsia. La sua stagione \u00e8 stata quasi disarmante, con uno score di 2 soli gol segnati in 993&#8242;\u00a0(uno in Serie A e uno in Champions) e la miseria di appena 9 gare da titolare. A niente sono serviti gli schiaffi figurati, a parole, e reali, <a href=\"https:\/\/www.gazzetta.it\/Calcio\/Serie-A\/Juventus\/21-01-2026\/juve-benfica-spalletti.shtml?intcmp=hyperlink-articolo-gazit\" title=\"Spalletti litiga con un tifoso: \" la=\"\" prossima=\"\" volta=\"\" stai=\"\" a=\"\" casa=\"\" poi=\"\" molla=\"\" uno=\"\" schiaffo=\"\" openda=\"\" cas mol opend rel=\"nofollow noopener\" target=\"_blank\">contro il Benfica<\/a>, di Spalletti, che, contro il Sassuolo, l&#8217;ha escluso dalla totalmente dalla partita per la terza volta consecutiva. Indizi di un&#8217;avventura a Torino destinata a finire in estate, nonostante Openda si sia recentemente trasferito <a href=\"https:\/\/www.gazzetta.it\/Calcio\/Serie-A\/Juventus\/11-03-2026\/juve-openda-cambia-casa-e-va-ad-abitare-nella-villa-che-fu-di-ronaldo-e-pogba.shtml?intcmp=hyperlink-articolo-gazit\" title=\"Openda cambia casa: si trasferisce nella villa che fu di CR7. Ma il suo futuro alla Juve...\" rel=\"nofollow noopener\" target=\"_blank\">nella villa che fu di Cristiano Ronaldo, Paul Pogba e Nico Gonzalez<\/a>. Certo, con questi presupposti per i dirigenti bianconeri sar\u00e0 un gran problema riuscire a piazzarlo, considerato che al raggiungimento del decimo posto (mancano 9 punti) scatter\u00e0 l&#8217;obbligo di riscatto da 40,6 milioni, da aggiungere al prestito da 3,3 pagato la scorsa estate. Un totale di quasi 44 milioni, che complice l&#8217;ingaggio da 7,4 lordi l&#8217;anno, porta il rapporto costo-gol del belga a quasi 26 milioni a rete e oltre 50.000 euro al minuto tra tutte le competizioni.<\/p>\n<p><a class=\"is-partner-link\" href=\"https:\/\/aipredictor.gazzetta.it\/?intcmp=linkArticoloSerieA\" rel=\"nofollow noopener\" target=\"_blank\">Pronostici sulla Serie A generati dalla nostra IA. Prova gratis Gazzetta AI Predictor.<\/a><\/p>\n<p>    questione di feeling\u2014 \u00a0<\/p>\n<p class=\"paragraph is-inline\" spellcheck=\"true\">Se il feeling tra Openda e Spalletti non \u00e8 mai sbocciato, quella di Jonathan David, invece, \u00e8 stata una bocciatura improvvisa. Perch\u00e9 il canadese a un certo punto sembrava, se non aver convinto appieno l&#8217;ex ct, quantomeno aver trovato quella continuit\u00e0 realizzativa che, per un centravanti, nasconde ogni difetto. Il suo, per\u00f2, tra gennaio e febbraio, con 4 gol e 3 assist, \u00e8 stato un fuoco di paglia. L&#8217;ex Lilla \u00e8 ritornato presto vittima di errori sanguinosi in appoggio (vedasi gol del momentaneo 1-0 dell&#8217;Inter) e sotto porta, che hanno portato l&#8217;ex ct, dall&#8217;intervallo della partita contro il Pisa in poi, a preferirgli Boga falso nove. Certo, la sua situazione tecnica ed economica \u00e8 nettamente migliore di quella di Openda: essendo il secondo miglior marcatore alle spalle di Haaland tra i nati dopo il 2000 ha tanti estimatori (il Psg ha buttato l\u00ec alla Juve <a href=\"https:\/\/www.gazzetta.it\/Calcio\/Calciomercato\/Juventus\/18-03-2026\/kolo-muani-alla-juve-david-al-psg-la-trattativa-per-lo-scambio.shtml?intcmp=hyperlink-articolo-gazit\" title=\"Kolo Muani a Torino e David a Parigi? Juve e Psg al lavoro, i dettagli della trattativa\" rel=\"nofollow noopener\" target=\"_blank\">l&#8217;idea di uno scambio con Kolo Muani<\/a>) e, soprattutto, essendo arrivato a parametro zero (al netto dei 12,5 milioni di commissioni) non comporter\u00e0 il rischio di minusvalenze. Ma pure lui, dopo la prima partita intera, nella gestione Spalletti, passata a osservare i compagni dalla panchina, per la Juve pare ormai il passato.<\/p>\n<p class=\"is-copyright\">\u00a9 RIPRODUZIONE RISERVATA<\/p>\n","protected":false},"excerpt":{"rendered":"I due sono rimasti per 90&#8242; in panchina contro il Sassuolo, con Spalletti che gli ha preferito i&hellip;\n","protected":false},"author":3,"featured_media":408794,"comment_status":"","ping_status":"","sticky":false,"template":"","format":"standard","meta":{"footnotes":"","_share_on_mastodon":"0"},"categories":[1452],"tags":[5881,233070,233071,30943,233072,233073,840,279,114300,233068,721,20221,5886,12418,1533,724,9646,23699,1740,1976,1537,90,89,6948,43129,565,125075,4483,29738,3484,1290,3485,98,233069,1885,494,2441,6299,786,1739,24806,245,244,577,578],"class_list":["post-408793","post","type-post","status-publish","format-standard","has-post-thumbnail","category-calcio","tag-acquisti","tag-acquisti-prestazioni","tag-acquisti-prestazioni-squadra","tag-aggiungere","tag-aggiungere-prestito","tag-aggiungere-prestito-pagato","tag-appello","tag-belga","tag-bocciati","tag-bocciati-appello","tag-calcio","tag-canadese","tag-ct","tag-david","tag-estate","tag-euro","tag-fallimento","tag-feeling","tag-football","tag-gol","tag-it","tag-italia","tag-italy","tag-jonathan","tag-jonathan-david","tag-juve","tag-milik","tag-nuovi","tag-openda","tag-panchina","tag-partita","tag-passare","tag-porta","tag-preferirgli","tag-problema","tag-punto","tag-rischio","tag-sassuolo","tag-situazione","tag-soccer","tag-spalletti","tag-sport","tag-sports","tag-stagione","tag-vlahovic"],"share_on_mastodon":{"url":"","error":"Validation failed: Text character limit of 500 exceeded"},"_links":{"self":[{"href":"https:\/\/www.europesays.com\/it\/wp-json\/wp\/v2\/posts\/408793","targetHints":{"allow":["GET"]}}],"collection":[{"href":"https:\/\/www.europesays.com\/it\/wp-json\/wp\/v2\/posts"}],"about":[{"href":"https:\/\/www.europesays.com\/it\/wp-json\/wp\/v2\/types\/post"}],"author":[{"embeddable":true,"href":"https:\/\/www.europesays.com\/it\/wp-json\/wp\/v2\/users\/3"}],"replies":[{"embeddable":true,"href":"https:\/\/www.europesays.com\/it\/wp-json\/wp\/v2\/comments?post=408793"}],"version-history":[{"count":0,"href":"https:\/\/www.europesays.com\/it\/wp-json\/wp\/v2\/posts\/408793\/revisions"}],"wp:featuredmedia":[{"embeddable":true,"href":"https:\/\/www.europesays.com\/it\/wp-json\/wp\/v2\/media\/408794"}],"wp:attachment":[{"href":"https:\/\/www.europesays.com\/it\/wp-json\/wp\/v2\/media?parent=408793"}],"wp:term":[{"taxonomy":"category","embeddable":true,"href":"https:\/\/www.europesays.com\/it\/wp-json\/wp\/v2\/categories?post=408793"},{"taxonomy":"post_tag","embeddable":true,"href":"https:\/\/www.europesays.com\/it\/wp-json\/wp\/v2\/tags?post=408793"}],"curies":[{"name":"wp","href":"https:\/\/api.w.org\/{rel}","templated":true}]}}