{"id":409475,"date":"2026-03-23T17:25:12","date_gmt":"2026-03-23T17:25:12","guid":{"rendered":"https:\/\/www.europesays.com\/it\/409475\/"},"modified":"2026-03-23T17:25:12","modified_gmt":"2026-03-23T17:25:12","slug":"occasione-persa-avanti-ma-resta-il-rammarico","status":"publish","type":"post","link":"https:\/\/www.europesays.com\/it\/409475\/","title":{"rendered":"\u00abOccasione persa, avanti ma resta il rammarico\u00bb"},"content":{"rendered":"<p>            2026-03-23 18:01:59<br \/>\n            Schlein: da urne messaggio per noi, c&#8217;\u00e8 gi\u00e0 maggioranza alternativa<\/p>\n<p>\u00abArriva un messaggio politico chiaro a Meloni e al governo, che ora devono riflettere, devono ascoltare il Paese e le vere priorit\u00e0. E&#8217; anche un messaggio per noi. Il Paese chiede un&#8217;alternativa e noi abbiamo la responsabilit\u00e0 di organizzarla. C&#8217;\u00e8 gi\u00e0 una maggioranza alternativa al governo. Questo voto ci consegna una grande responsabilit\u00e0. Lavoreremo con le forze della coalizione progressista per costruire l&#8217;alternativa\u00bb. Lo ha detto la segretaria del Pd Elly\u00a0Schlein\u00a0in una conferenza stampa al Nazareno.\u00a0<\/p>\n<p>            2026-03-23 18:01:39<br \/>\n            Schlein: abbiamo vinto, i giovani hanno fatto la differenza<\/p>\n<p>\u00abAbbiamo vinto, una maggioranza del Paese ha fermato una riforma sbagliata. Una vittoria ancora pi\u00f9 bella, perch\u00e9 partivamo da una sconfitta annunciata, invece abbiamo ribaltato quell&#8217;esito. Hanno fatto la differenza i giovani, nonostante non potessero votare i fuorisede\u00bb. Lo ha detto la segretaria del Pd Elly\u00a0Schlein\u00a0in una conferenza stampa al Nazareno. \u00abCi sono pi\u00f9 elettori di destra che hanno votato No che il contrario\u00bb\u00a0<\/p>\n<p>            2026-03-23 17:24:08<br \/>\n            Tajani: ci inchiniamo a volont\u00e0 popolo, noi fatto tutto il possibile<\/p>\n<p>\u00abIl popolo sovrano si \u00e8 espresso, e noi ci inchiniamo alla sua volont\u00e0. Si \u00e8 espresso con un grado molto alto di partecipazione e questa, al di l\u00e0 del risultato, \u00e8 una grande prova di democrazia. Noi abbiamo fatto tutto il possibile per far comprendere l&#8217;importanza di una riforma che avrebbe reso la giustizia pi\u00f9 equa e l&#8217;Italia pi\u00f9 libera. Per\u00f2 gli italiani sono stati di diverso avviso e ne prendiamo atto con il massimo rispetto\u00bb. Cos\u00ec il segretario di Forza Italia, Antonio Tajani sul voto del\u00a0referendum\u00a0sulla giustizia.<\/p>\n<p>            2026-03-23 17:19:25<br \/>\n            Petrelli: la magistratura sempre pi\u00f9 un soggetto politico<\/p>\n<p>\u00a0\u00abC&#8217;\u00e8 un dato con cui ci dovremo confrontare tutti perch\u00e9 oggettivamente nell&#8217;ambito di questa campagna referendaria \u00e8 accaduto un fatto straordinario: una esondazione della magistratura rispetto al suo compito ordinario di organo della giurisdizione\u00bb. Lo ha detto Francesco Petrelli, presidente del Comitato Camere Penali per il S\u00ec, commentando lo scrutinio del\u00a0referendum\u00a0nel corso di una conferenza stampa. \u00abDa Mani Pulite in poi abbiamo dovuto constatare che la magistratura si \u00e8 fatta sempre pi\u00f9 soggetto politico. Per\u00f2 ai tempi di Mani Pulite il consenso che veniva ricercato dalla magistratura era di tipo mediatico mentre abbiamo assistito ad un salto di qualit\u00e0 che \u00e8 consistito da parte dell&#8217;Anm di fondare un Comitato. Significa che la magistratura ha tracimato al di fuori di quella che dovrebbe essere la sua vocazione di imparzialit\u00e0 istituzionale\u00bb, ha aggiunto.<\/p>\n<p>            2026-03-23 17:18:21<br \/>\n            Gratteri: vittoria del no \u00e8 un segnale forte e chiaro<\/p>\n<p>\u00abLa vittoria del No al\u00a0referendum\u00a0rappresenta un segnale forte e chiaro: la societ\u00e0 civile \u00e8 viva, attenta e pronta a mobilitarsi quando sono in gioco principi fondamentali. \u00c8 stata una scelta consapevole, in difesa della Costituzione e dell&#8217;equilibrio delle istituzioni. Non \u00e8 un rifiuto al cambiamento, ma di un metodo. La giustizia ha bisogno di riforme serie, capaci di ridurre i tempi dei processi e migliorarne il funzionamento, garantendo efficienza senza sacrificare le garanzie. Le riforme sono necessarie, ma vanno costruite con responsabilit\u00e0 e rispetto dei diritti\u00bb. Lo dice il procuratore di Napoli Nicola Gratteri.\u00a0<\/p>\n<p>            2026-03-23 17:00:40<br \/>\n            Nordio: prendo atto della decisione del popolo sovrano<\/p>\n<p>\u00a0\u00abPrendo atto con rispetto della decisione del popolo sovrano. Il nostro intendimento era quello di attuare definitivamente il progetto ideato da Giuliano Vassalli con il processo accusatorio e consacrato dall&#8217;articolo 111 della Costituzione che definisce il giudice terzo ed imparziale. Abbiamo impiegato tutte le nostre energie per spiegare, in termini accessibili, la complessit\u00e0 di questa riforma. Non \u00e8 nostra intenzione attribuire o meno a questo voto un significato politico. Ringraziamo la parte dell&#8217;elettorato che ci ha dato fiducia e comunque ci consola l&#8217;alta partecipazione al voto che conferma la solidit\u00e0 della nostra democrazia\u00bb. Cos\u00ec il ministro della Giustizia Carlo Nordio in merito al risultato del referendum sulla Giustizia.<\/p>\n<p>            2026-03-23 16:56:31<br \/>\n            Meloni: rammarico per un&#8217;occasione persa di modernizzare l&#8217;Italia<\/p>\n<p>\u00abLa sovranit\u00e0 appartiene al popolo e gli italiani oggi si sono espressi con chiarezza. Il governo ha fatto quello che aveva promesso, portare avanti una riforma della giustizia che era scritta nel nostro programma elettorale. L&#8217;abbiamo sostenuta fino in fondo e poi abbiamo rimesso la scelta ai cittadini e i cittadini hanno deciso. E noi come sempre rispettiamo la loro decisione\u00bb. Cos\u00ec la premier Giorgia\u00a0Meloni\u00a0in un video sui social. \u00abResta chiaramente il rammarico &#8211; aggiunge parlando all&#8217;aperto, con una siepe alle spalle &#8211; per un&#8217;occasione persa di modernizzare l&#8217;Italia ma questo non cambia il nostro impegno per continuare con seriet\u00e0 e determinazione a lavorare per il bene della nazione e per onorare il mandato che ci \u00e8 stato affidato. Andremo avanti come abbiamo sempre fatto, con responsabilit\u00e0, con determinazione e soprattutto con rispetto verso l&#8217;Italia e verso il suo popolo\u00bb.<\/p>\n<p>            2026-03-23 16:52:11<br \/>\n            Meloni: \u00abRispettiamo la decisione degli italiani. Avanti con responsabilit\u00e0 e rispetto verso l\u2019Italia\u00bb<\/p>\n<p>\u00abGli italiani hanno deciso. E noi rispettiamo questa decisione. Andremo avanti, come abbiamo sempre fatto, con responsabilit\u00e0, determinazione e rispetto verso il popolo italiano e verso l\u2019Italia\u00bb. Lo dice la premier Giorgia Meloni in un messaggio social.<\/p>\n<p>\u00a0<\/p>\n<p>            2026-03-23 16:39:18<br \/>\n             Landini: nuova Primavera per il Paese, festeggiamo in piazza<\/p>\n<p>\u00a0\u00abSi \u00e8 dimostrato che la Costituzione non va cambiata, non va stravolta, ma va applicata. E&#8217; un messaggio di unit\u00e0. Visto questo bellissimo risultato, questa bellissima giornata, noi pensiamo che sia anche utile dire a tutti quelli che vogliono festeggiare con noi che verso le 18-18.30 possiamo ritrovarci a piazza Barberini. E&#8217; cominciata una nuova primavera nel nostro Paese\u00bb. Cos\u00ec il segretario generale della Cgil, Maurizio Landini, dal Comitato societ\u00e0 civile per il no al\u00a0referendum\u00a0riunito al Centro congressi Frentani a Roma, sottolineando \u00abla grandissima partecipazione al voto\u00bb e \u00abla difesa dell&#8217;autonomia e dell&#8217;indipendeza della magistratura\u00bb.<\/p>\n<p>            2026-03-23 16:29:45<br \/>\n            Scrutinate 50 per cento sezioni, il No al 54,59 per cento<\/p>\n<p>Secondo i dati del Viminale, quando sono state scrutinate 30.967 su 61.533 sezioni, il 50 per cento del totale, al\u00a0referendum\u00a0confermativo sulla riforma della giustizia, il No ha ottenuto il 54,59 per cento dei voti, mentre il Si&#8217; il 45,41 per cento.<\/p>\n<p>            2026-03-23 16:29:13<br \/>\n            Conferenza stampa Schlein al Pd alle 17.30<\/p>\n<p>La segretaria del Pd Elly Schlein sar\u00e0 in conferenza stampa alle 17.30 nella sede del Pd al Nazareno. <\/p>\n<p>Si legge in una nota del Nazareno.<\/p>\n<p>            2026-03-23 16:04:55<br \/>\n            A un terzo delle sezioni scrutinate il NO in testa con il 54,42%<\/p>\n<p>\u00a0A quasi un terzo delle sezioni scrutinate il no \u00e8 al 54,42% e il s\u00ec \u00e8 al 45,58%. Sono i primi risultati parziali del\u00a0referendum\u00a0disponibili su Eligendo con i dati in continuo aggiornamento.<\/p>\n<p>            2026-03-23 15:45:23<br \/>\n            Instant poll Swg-La 7: il No sale a 50-54%, S\u00ec al 46-50%<\/p>\n<p>Il secondo instant poll di Swg per La 7 indica la prevalenza del No al\u00a0referendum\u00a0sulla riforma della Giustizia, con una forchetta compresa tra il 50% e il 54%. Il S\u00ec attesterebbe invece tra il 46% e il 50%. Copertura all&#8217;87%.<\/p>\n<p>            2026-03-23 15:40:17<br \/>\n            Prima proiezione Rai: No al 53,1%, S\u00ec al 46,9%<\/p>\n<p>Secondo la prima proiezione Opinio Rai (campione al 12%) il\u00a0No \u00e8 avanti al 53,1%, il S\u00ec si attesta sul 46,9%.<\/p>\n<p>            2026-03-23 15:17:47<br \/>\n            A met\u00e0 dei seggi l&#8217;affluenza \u00e8 al 58,54%<\/p>\n<p>L&#8217;affluenza al voto per il\u00a0referendum\u00a0costituzionale sulla riforma della giustizia \u00e8 il 58,54%. Il dato, che \u00e8 in costante aggiornamento, \u00e8 pubblicato sul sito Eligendo del Viminale. Al momento \u00e8 relativo a oltre il 50% dei seggi.<\/p>\n<p>            2026-03-23 15:16:00<br \/>\n            Comitato Camere Penali: attendiamo le proiezioni<\/p>\n<p>La parola d&#8217;ordine al Comitato Camere Penali per il S\u00ec \u00e8 \u00abattendere\u00bb dopo gli exit pool che danno avanti il No nella tornata referendaria. Al momento nel quartier generale di via del Banco di Santo Spirito a Roma c&#8217;\u00e8 massima cautela su questi prima dati. \u00abAttendiamo le prime proiezioni prima di commentare\u00bb spiegano dal Comitato.<\/p>\n<p>            2026-03-23 15:10:00<br \/>\n            Primo exit poll Mediaset, No avanti fra il 49 ed il 53 per cento<\/p>\n<p>Per il primo exit poll realizzato da Mediaset, al\u00a0referendum\u00a0confermativo sulla riforma della giustizia, il No si assesterebbe fra il 49 e il 53 per cento ed il Si&#8217; fra il 47 ed il 51 per cento.<\/p>\n<p>            2026-03-23 15:08:59<br \/>\n            Alle 15 affluenza parziale al 58,43 per cento<\/p>\n<p>\u00a0Alla chiusura delle urne, con un dato relativo a 11.827 su 61.553 sezioni, l&#8217;affluenza al referendum confermativo sulla riforma della giustizia, si attesta al 58,43 per per cento.\u00a0<\/p>\n<p>            2026-03-23 15:04:26<br \/>\n            Instant poll YouTrend-Sky: No in testa con forchetta 49,5-53,5%,S\u00ec al 46,5-50,5%<\/p>\n<p>L&#8217;instant poll di YouTrend per Sky TG24 indica la prevalenza del No al referendum sulla riforma della Giustizia, con una forchetta compresa tra il 49,5% e il 53,5%. Il S\u00ec si attesterebbe invece tra il 46,5% e il 50,5%. L&#8217;affluenza si attesta in una forbice compresa tra il 56% e il 60%&#8217;.\u00a0<\/p>\n<p>            2026-03-23 15:03:43<br \/>\n            Exit poll Opinio-Rai, NO in vantaggio al 49-53%, SI&#8217; al 47-51% <\/p>\n<p>\u00a0Il No in vantaggio tra il 49 e il 53% dei voti, il S\u00ec tra il 47 e il 51%. E&#8217; quanto emerge dagli exit poll del consorzio Opinio Italia per la Rai. La copertura del campione, alle 15, \u00e8 dell&#8217;83%.<\/p>\n<p>            2026-03-23 14:46:47<br \/>\n            Alle 15 urne chiuse e primi exit poll<\/p>\n<p>Alle 15 in punto &#8211; a chiusura dei seggi &#8211; saranno disponibili i primi\u00a0exit poll\u00a0con le prime indicazioni di massima sull&#8217;esito, seguite dalle proiezioni di voto. Con il passare dei minuti, il\u00a0Viminale\u00a0aggiorner\u00e0 i risultati in tempo reale sulla piattaforma di\u00a0Eligendo. I risultati definitivi dovrebbero arrivare nel tardo pomeriggio, quando per\u00f2 l&#8217;esito sar\u00e0 gi\u00e0 consolidato.<\/p>\n<p>            2026-03-23 09:35:03<br \/>\n            Meloni al voto: \u00abPartecipare \u00e8 importante\u00bb<\/p>\n<p>\u00abPronta per il voto. Ricordate: c&#8217;\u00e8 tempo fino alle 15 di oggi per recarsi al seggio. Partecipare \u00e8 importante\u00bb. Lo twitta su X la premier Giorgia Meloni, con una sua foto con la tessera elettorale per votare sul referendum costituzionale sulla riforma della giustizia.<\/p>\n<p>\u00a0<\/p>\n<p>            2026-03-23 07:07:43<br \/>\n            I dati di ieri in Sicilia<\/p>\n<p>Riaprono i seggi anche in Sicilia per l&#8217;ultima giornata di voto al referendum. Le urne sono aperte dalle 7 fino alle 15 di oggi. Ieri sera, alle chiusura dei seggi alle 23, in Sicilia ha votato il 34,94 per cento degli elettori. Un numero che pone l\u2019Isola all\u2019ultimo posto fra le regioni italiane per numero di votanti, dietro Calabria e Campania. La media nazionale, alle 23, \u00e8 del 46,07 per cento. \u00c8 Messina (37,19 per cento) la provincia siciliana con la maggiore affluenza, seguita da Palermo (36,20). All\u2019ultimo posto Caltanissetta (30,99).<\/p>\n<p>            2026-03-23 07:07:19<br \/>\n            Boom affluenza fino alle 23 di ieri<\/p>\n<p>Boom d&#8217;affluenza alle urne per il referendum sulla giustizia: alle 23 di ieri ha votato il 46,07% degli aventi diritto, cifra record. Seggi aperti anche oggi, dalle 7 alle 15.\u00a0<\/p>\n","protected":false},"excerpt":{"rendered":"2026-03-23 18:01:59 Schlein: da urne messaggio per noi, c&#8217;\u00e8 gi\u00e0 maggioranza alternativa \u00abArriva un messaggio politico chiaro a&hellip;\n","protected":false},"author":3,"featured_media":409476,"comment_status":"","ping_status":"","sticky":false,"template":"","format":"standard","meta":{"footnotes":"","_share_on_mastodon":"0"},"categories":[79],"tags":[23071,14,93,94,1537,90,89,7,15,477,2517,115345,243,11,84,91,12,85,92],"class_list":["post-409475","post","type-post","status-publish","format-standard","has-post-thumbnail","category-italia","tag-affluenza","tag-cronaca","tag-cronaca-italiana","tag-cronacaitaliana","tag-it","tag-italia","tag-italy","tag-news","tag-notizie","tag-politica","tag-referendum","tag-referendum-giustizia","tag-ultima-ora","tag-ultime-notizie","tag-ultime-notizie-e-news-di-oggi","tag-ultime-notizie-italia","tag-ultimenotizie","tag-ultimenotizieenewsdioggi","tag-ultimenotizieitalia"],"share_on_mastodon":{"url":"https:\/\/pubeurope.com\/@it\/116279661447957933","error":""},"_links":{"self":[{"href":"https:\/\/www.europesays.com\/it\/wp-json\/wp\/v2\/posts\/409475","targetHints":{"allow":["GET"]}}],"collection":[{"href":"https:\/\/www.europesays.com\/it\/wp-json\/wp\/v2\/posts"}],"about":[{"href":"https:\/\/www.europesays.com\/it\/wp-json\/wp\/v2\/types\/post"}],"author":[{"embeddable":true,"href":"https:\/\/www.europesays.com\/it\/wp-json\/wp\/v2\/users\/3"}],"replies":[{"embeddable":true,"href":"https:\/\/www.europesays.com\/it\/wp-json\/wp\/v2\/comments?post=409475"}],"version-history":[{"count":0,"href":"https:\/\/www.europesays.com\/it\/wp-json\/wp\/v2\/posts\/409475\/revisions"}],"wp:featuredmedia":[{"embeddable":true,"href":"https:\/\/www.europesays.com\/it\/wp-json\/wp\/v2\/media\/409476"}],"wp:attachment":[{"href":"https:\/\/www.europesays.com\/it\/wp-json\/wp\/v2\/media?parent=409475"}],"wp:term":[{"taxonomy":"category","embeddable":true,"href":"https:\/\/www.europesays.com\/it\/wp-json\/wp\/v2\/categories?post=409475"},{"taxonomy":"post_tag","embeddable":true,"href":"https:\/\/www.europesays.com\/it\/wp-json\/wp\/v2\/tags?post=409475"}],"curies":[{"name":"wp","href":"https:\/\/api.w.org\/{rel}","templated":true}]}}