{"id":409553,"date":"2026-03-23T18:46:10","date_gmt":"2026-03-23T18:46:10","guid":{"rendered":"https:\/\/www.europesays.com\/it\/409553\/"},"modified":"2026-03-23T18:46:10","modified_gmt":"2026-03-23T18:46:10","slug":"cesare-parodi-si-e-dimesso-da-presidente-dellanm","status":"publish","type":"post","link":"https:\/\/www.europesays.com\/it\/409553\/","title":{"rendered":"Cesare Parodi si \u00e8 dimesso da presidente dell&#8217;Anm"},"content":{"rendered":"<p><strong>Cesare Parodi <\/strong>si \u00e8 dimesso dalla carica di presidente dell&#8217;Associazione nazionale magistrati. La decisione \u00e8 dovuta, ha spiegato lo stesso Parodi all&#8217;Adnkronos, per &#8220;gravi ragioni familiari&#8221;. La sua scelta \u00e8 stata comunicata al &#8220;Comitato direttivo dimissioni&#8221; poco prima delle 15. La scelta sarebbe maturata gi\u00e0 da qualche tempo, anche se comunicata solo alla chiusura delle urne per il referendum sulla giustizia.\n<\/p>\n<p> Parodi torna quindi a tempo pieno a dedicarsi al suo incarico, ovvero il capo della procura di Alessandria. La decisione non ha nessun collegamento con la campagna referendaria o lo spoglio del referendum sulla riforma della giustizia: &#8220;Assolutamente no&#8221;, si limita a replicare in merito.<\/p>\n<p>Articolo in aggiornamento<\/p>\n","protected":false},"excerpt":{"rendered":"Cesare Parodi si \u00e8 dimesso dalla carica di presidente dell&#8217;Associazione nazionale magistrati. La decisione \u00e8 dovuta, ha spiegato&hellip;\n","protected":false},"author":3,"featured_media":409554,"comment_status":"","ping_status":"","sticky":false,"template":"","format":"standard","meta":{"footnotes":"","_share_on_mastodon":"0"},"categories":[79],"tags":[10080,14,93,94,1537,90,89,7,15,135,11,84,91,12,85,92],"class_list":["post-409553","post","type-post","status-publish","format-standard","has-post-thumbnail","category-italia","tag-anm","tag-cronaca","tag-cronaca-italiana","tag-cronacaitaliana","tag-it","tag-italia","tag-italy","tag-news","tag-notizie","tag-presidente","tag-ultime-notizie","tag-ultime-notizie-e-news-di-oggi","tag-ultime-notizie-italia","tag-ultimenotizie","tag-ultimenotizieenewsdioggi","tag-ultimenotizieitalia"],"share_on_mastodon":{"url":"https:\/\/pubeurope.com\/@it\/116279979991779089","error":""},"_links":{"self":[{"href":"https:\/\/www.europesays.com\/it\/wp-json\/wp\/v2\/posts\/409553","targetHints":{"allow":["GET"]}}],"collection":[{"href":"https:\/\/www.europesays.com\/it\/wp-json\/wp\/v2\/posts"}],"about":[{"href":"https:\/\/www.europesays.com\/it\/wp-json\/wp\/v2\/types\/post"}],"author":[{"embeddable":true,"href":"https:\/\/www.europesays.com\/it\/wp-json\/wp\/v2\/users\/3"}],"replies":[{"embeddable":true,"href":"https:\/\/www.europesays.com\/it\/wp-json\/wp\/v2\/comments?post=409553"}],"version-history":[{"count":0,"href":"https:\/\/www.europesays.com\/it\/wp-json\/wp\/v2\/posts\/409553\/revisions"}],"wp:featuredmedia":[{"embeddable":true,"href":"https:\/\/www.europesays.com\/it\/wp-json\/wp\/v2\/media\/409554"}],"wp:attachment":[{"href":"https:\/\/www.europesays.com\/it\/wp-json\/wp\/v2\/media?parent=409553"}],"wp:term":[{"taxonomy":"category","embeddable":true,"href":"https:\/\/www.europesays.com\/it\/wp-json\/wp\/v2\/categories?post=409553"},{"taxonomy":"post_tag","embeddable":true,"href":"https:\/\/www.europesays.com\/it\/wp-json\/wp\/v2\/tags?post=409553"}],"curies":[{"name":"wp","href":"https:\/\/api.w.org\/{rel}","templated":true}]}}