{"id":409683,"date":"2026-03-23T20:57:12","date_gmt":"2026-03-23T20:57:12","guid":{"rendered":"https:\/\/www.europesays.com\/it\/409683\/"},"modified":"2026-03-23T20:57:12","modified_gmt":"2026-03-23T20:57:12","slug":"nel-film-cena-di-classe-la-canzone-dei-pinguini","status":"publish","type":"post","link":"https:\/\/www.europesays.com\/it\/409683\/","title":{"rendered":"Nel film \u00abCena di classe\u00bb la canzone dei \u00abPinguini\u00bb"},"content":{"rendered":"\n<p>Le promesse \u00abche fai a diciott\u2019anni o durano un giorno o una vita intera\u00bb. E per quanto sia strano un \u00abper sempre\u00bb si pu\u00f2 consumare in un sabato sera. Comincia cos\u00ec \u00abCena di classe\u00bb una delle <strong class=\"nero\">canzoni pi\u00f9 amate dei Pinguini Tattici Nucleari<\/strong>, che ha ispirato l\u2019omonima commedia corale agrodolce di Francesco Mandelli, <strong class=\"nero\">in arrivo il 26 marzo con Medusa. <\/strong> <\/p>\n<p>Il film, costruito su un affiatato cast corale, che comprende Andrea Pisani, Beatrice Arnera, Roberto Lipari, Herbert Ballerina, Annandrea Vitrano, Giulia Vecchio, Nicola Nocella, Francesco Russo, Giovanni Esposito, \u00e8 la prova pi\u00f9 matura di Mandelli da regista.<\/p>\n<p>\u00abQuesto film \u00e8 stata una sfida sin dall\u2019inizio per me, a partire dal far nascere un film da una canzone &#8211; spiega all\u2019Ansa Mandelli &#8211; e poi perch\u00e9, come mi ha detto anche la mia compagna, ho avuto la possibilit\u00e0 di far vedere altri aspetti di me. Il nostro lavoro \u00e8 fatto di personaggi, ti posizionano probabilmente in un certo scaffale e la gente vuole quello da te. Stavolta ho avuto la possibilit\u00e0 di fare qualcosa che avesse anche dei toni diversi, pi\u00f9 simili a questo mio momento della vita. Ci sono pi\u00f9 emozioni dentro di me che ho voglia di esprimere rispetto alla semplice goliardia come poteva essere 15 anni fa\u00bb. <\/p>\n<p>  La storia <\/p>\n<p>Nel film (prodotto da Roadmovie con Medusa), che mescola due piani temporali e cita vari cult del genere ritroviamo molti dei personaggi presenti nella canzone, ex compagni di liceo ormai trentenni, riuniti 17 anni dopo la maturit\u00e0 per il funerale di Pozzi (Mandelli), l\u2019ex filmmaker del gruppo, che aveva documentato i loro sogni e speranze da adolescenti. Fra gli altri Bonelli (Pisani), che sognava di fare il musicista ed \u00e8 diventato impresario di pompe funebri; la coppia apparentemente idilliaca e ancora insieme composta da Marco (Lipari) e Laura (Vitrano); Nan\u00e9 (Arnera), avvocata di successo ma con un privato tormentato; Gemma (Vecchio) che subito dopo il liceo si \u00e8 confrontata con una scelta importante; l\u2019imprevedibile \u00abfiglio di pap\u00e0\u00bb Michael (Ballerina); il sensibile Alex (Nocella) che s\u2019\u00e8 lasciato andare dopo alcune sconfitte personali e lavorative; Romeo (Russo), stanco di essere ignorato dagli altri. <\/p>\n<p>La cena che chiude la giornata, a cui invitano anche il loro bidello preferito Nando (Esposito), rimasto vedovo, d\u00e0 il via a una notte tragicomica quando il gruppo assume, senza saperlo, una sostanza stupefacente. Gli ex compagni vanno a scatenarsi nella loro vecchia scuola e in un ritmo di racconto che va dallo slapstick alla tragicommedia, alla dramedy, si susseguono scherzi, goliardate (compresa la scomparsa del feretro di Pozzi), rivelazioni, disillusioni, emergenze e nuovi inizi. <\/p>\n<p>\u00abL\u2019idea del funerale iniziale (che richiama un cult come \u00abIl Grande freddo\u00bb, ndr) in realt\u00e0 viene da un\u2019esperienza vissuta da Francesco, una cena di classe dopo la morte di un ex compagno di liceo &#8211; dice Lipari -. Da l\u00ec \u00e8 venuta la domanda che d\u00e0 il via alla storia: \u00abSe domani finisse tutto, che vita avremmo vissuto?\u00bb. Nella \u00abmia generazione &#8211; osserva Pisani &#8211; siamo sempre stati investiti da modelli ispirazionali, come quello di Messi, diventato un mito superando tante avversit\u00e0. Per\u00f2 ci sono pure un milione di aspiranti Messi che non sono riusciti a realizzare quello che volevano, perch\u00e9 volere non \u00e8 sempre potere. Persone che ora sono frustrate e magari si sentono in colpa, pensando di non essersi impegnati abbastanza&#8230; volevamo parlare di loro\u00bb. <\/p>\n<p>In occasione dell\u2019uscita del film \u00abCena di Classe\u00bb, nelle sale dal 26 marzo,  viene pubblicato il <strong class=\"nero\">video della canzone<\/strong> che, contenuta nell\u2019album \u00abFake News\u00bb del 2022 (Cinque Dischi di Platino) \u00e8 un vero e proprio manifesto generazionale. Nel video, prodotto da Roadmovie, le immagini del film si alternano all\u2019esibizione live della band pi\u00f9 importante del panorama musicale italiano. <\/p>\n<p> <strong class=\"nero\">Il 27 marzo uscir\u00e0 anche la colonna sonora del film firmata da Riccardo Zanotti e Marco Paganelli<\/strong> (Sony Music) che vede tutti brani strumentali ad eccezione di \u00abWe Failed\u00bb a cui la giovane Lysa ha prestato la voce, un brano nostalgico che procede per immagini e tratta un tema esistenziale malinconico ed effimero: le illusioni che tutti si fanno tra i banchi di scuola. <\/p>\n<p>  La track list <\/p>\n<p>Qui si fa la storia <br \/>We Failed <br \/>Poesia Tagliata <br \/>Do you really wanna know? <br \/>Tra i Corridoi <br \/>Ricordo <br \/>Irruzione <br \/>Romeo Bugiardo <br \/>Marisa <br \/>Bolla <\/p>\n","protected":false},"excerpt":{"rendered":"Le promesse \u00abche fai a diciott\u2019anni o durano un giorno o una vita intera\u00bb. E per quanto sia&hellip;\n","protected":false},"author":3,"featured_media":409684,"comment_status":"","ping_status":"","sticky":false,"template":"","format":"standard","meta":{"footnotes":"","_share_on_mastodon":"0"},"categories":[174],"tags":[88644,233532,1615,88645,640,1644,203,1909,204,1537,90,89,25021,1539,87477,2259,233531,2258],"class_list":["post-409683","post","type-post","status-publish","format-standard","has-post-thumbnail","category-intrattenimento","tag-andrea-pisani","tag-annandrea-vitrano","tag-arte","tag-beatrice-arnera","tag-cinema","tag-cultura","tag-entertainment","tag-famiglia","tag-intrattenimento","tag-it","tag-italia","tag-italy","tag-medusa","tag-musica","tag-pinguini-tattici-nucleari","tag-questioni-sociali-generico","tag-roberto-lipari","tag-sociale"],"share_on_mastodon":{"url":"https:\/\/pubeurope.com\/@it\/116280494783267192","error":""},"_links":{"self":[{"href":"https:\/\/www.europesays.com\/it\/wp-json\/wp\/v2\/posts\/409683","targetHints":{"allow":["GET"]}}],"collection":[{"href":"https:\/\/www.europesays.com\/it\/wp-json\/wp\/v2\/posts"}],"about":[{"href":"https:\/\/www.europesays.com\/it\/wp-json\/wp\/v2\/types\/post"}],"author":[{"embeddable":true,"href":"https:\/\/www.europesays.com\/it\/wp-json\/wp\/v2\/users\/3"}],"replies":[{"embeddable":true,"href":"https:\/\/www.europesays.com\/it\/wp-json\/wp\/v2\/comments?post=409683"}],"version-history":[{"count":0,"href":"https:\/\/www.europesays.com\/it\/wp-json\/wp\/v2\/posts\/409683\/revisions"}],"wp:featuredmedia":[{"embeddable":true,"href":"https:\/\/www.europesays.com\/it\/wp-json\/wp\/v2\/media\/409684"}],"wp:attachment":[{"href":"https:\/\/www.europesays.com\/it\/wp-json\/wp\/v2\/media?parent=409683"}],"wp:term":[{"taxonomy":"category","embeddable":true,"href":"https:\/\/www.europesays.com\/it\/wp-json\/wp\/v2\/categories?post=409683"},{"taxonomy":"post_tag","embeddable":true,"href":"https:\/\/www.europesays.com\/it\/wp-json\/wp\/v2\/tags?post=409683"}],"curies":[{"name":"wp","href":"https:\/\/api.w.org\/{rel}","templated":true}]}}