{"id":410464,"date":"2026-03-24T10:56:14","date_gmt":"2026-03-24T10:56:14","guid":{"rendered":"https:\/\/www.europesays.com\/it\/410464\/"},"modified":"2026-03-24T10:56:14","modified_gmt":"2026-03-24T10:56:14","slug":"svelato-il-cast-della-nuova-stagione-ecco-chi-ci-sara","status":"publish","type":"post","link":"https:\/\/www.europesays.com\/it\/410464\/","title":{"rendered":"svelato il cast della nuova stagione, ecco chi ci sar\u00e0"},"content":{"rendered":"<p>\n                            Il punto serale sulle notizie del giorno<br \/>\n                            <b>Iscriviti<\/b> e ricevi le notizie via email\n                        <\/p>\n<p><strong><a href=\"https:\/\/www.ilmessaggero.it\/t\/x-factor\" rel=\"nofollow noopener\" target=\"_blank\">X Factor<\/a><\/strong> si prepara per la nuova edizione con una novit\u00e0 in giuria. <strong><a href=\"https:\/\/www.ilmessaggero.it\/t\/achille-lauro\" rel=\"nofollow noopener\" target=\"_blank\">Achille Lauro<\/a><\/strong> sarebbe infatti deciso a lasciare la sedia di giudice. Ad anticiparlo \u00e8 il settimanale &#8220;Chi&#8221;, in edicola il prossimo mercoled\u00ec 25 marzo.<\/p>\n<p><a class=\"link_item\" data-linked_from=\"null\" href=\"https:\/\/www.ilmessaggero.it\/schede\/04_dicembre_2025_paola_iezzi_figli_carriera_separazione_chiara_perche-9226443.html\" rel=\"nofollow noopener\" target=\"_blank\">Paola Iezzi: \u00abHo scelto di non avere figli per non dire addio alla mia carriera. La separazione con Chiara? Un dolore immenso. Per anni non ci siamo parlate\u00bb<\/a><\/p>\n<p>&#13;<br \/>\n    APPROFONDIMENTI&#13;<\/p>\n<p>&#13;<\/p>\n<p>                <a href=\"https:\/\/www.ilmessaggero.it\/persone\/achille_lauro_vita_privata_compagna_figli-9429573.html\" title=\"Achille Lauro: \u00abNon \u00e8 ancora tempo di legami e di avere una famiglia con tanti bambini. Ho commesso tanti errori\u00bb\" rel=\"nofollow noopener\" target=\"_blank\"><img loading=\"lazy\" decoding=\"async\" src=\"https:\/\/www.europesays.com\/it\/wp-content\/uploads\/2026\/03\/9429573_21124422_achille_lauro_famiglia.jpg\" title=\"Achille Lauro: \u00abNon \u00e8 ancora tempo di legami e di avere una famiglia con tanti bambini. Ho commesso tanti errori\u00bb\" width=\"64\" height=\"64\" data-pagespeed-no-transform=\"\"\/><\/a>            <\/p>\n<p>    &#13;<\/p>\n<p>    &#13;<\/p>\n<p>X Factor 2026, il nuovo cast <\/p>\n<p>Secondo il settimanale l&#8217;obiettivo della produzione era confermare in blocco l&#8217;intero cast dell&#8217;ultima edizione, formato da Francesco Gabbani (entrato al posto di Manuel Agnelli), Jake La Furia, Paola Iezzi, Achille Lauro e Giorgia alla conduzione. <\/p>\n<p>Obiettivo mancato, proprio per il passo indietro del cantante romano. Nessun dissidio o problema con i colleghi, ma solo la necessit\u00e0 per Lauro di concentrarsi su alcuni progetti personali. Confermata invece il resto della truppa.<\/p>\n<p>L&#8217;addio sembra ormai certo. La produzione sta provando una difficile opera di convincimento per provare a trattenerlo, ma in parallelo sono scattati i casting per il sostituto. Al momento bocche cucite su presunti nomi. Ci\u00f2 che \u00e8 certo, \u00e8 che dovr\u00e0 essere un personaggio con appeal simile o superiore al suo predecessore, che lascer\u00e0 un vuoto importante.\u00a0<\/p>\n<p>&#13;<br \/>\n                            \u00a9 RIPRODUZIONE RISERVATA&#13;<\/p>\n<p>&#13;<\/p>\n","protected":false},"excerpt":{"rendered":"Il punto serale sulle notizie del giorno Iscriviti e ricevi le notizie via email X Factor si prepara&hellip;\n","protected":false},"author":3,"featured_media":410465,"comment_status":"","ping_status":"","sticky":false,"template":"","format":"standard","meta":{"footnotes":"","_share_on_mastodon":"0"},"categories":[174],"tags":[13555,203,204,1537,90,89,233875],"class_list":["post-410464","post","type-post","status-publish","format-standard","has-post-thumbnail","category-intrattenimento","tag-achille-lauro","tag-entertainment","tag-intrattenimento","tag-it","tag-italia","tag-italy","tag-x-factor-2026"],"share_on_mastodon":{"url":"https:\/\/pubeurope.com\/@it\/116283794240212153","error":""},"_links":{"self":[{"href":"https:\/\/www.europesays.com\/it\/wp-json\/wp\/v2\/posts\/410464","targetHints":{"allow":["GET"]}}],"collection":[{"href":"https:\/\/www.europesays.com\/it\/wp-json\/wp\/v2\/posts"}],"about":[{"href":"https:\/\/www.europesays.com\/it\/wp-json\/wp\/v2\/types\/post"}],"author":[{"embeddable":true,"href":"https:\/\/www.europesays.com\/it\/wp-json\/wp\/v2\/users\/3"}],"replies":[{"embeddable":true,"href":"https:\/\/www.europesays.com\/it\/wp-json\/wp\/v2\/comments?post=410464"}],"version-history":[{"count":0,"href":"https:\/\/www.europesays.com\/it\/wp-json\/wp\/v2\/posts\/410464\/revisions"}],"wp:featuredmedia":[{"embeddable":true,"href":"https:\/\/www.europesays.com\/it\/wp-json\/wp\/v2\/media\/410465"}],"wp:attachment":[{"href":"https:\/\/www.europesays.com\/it\/wp-json\/wp\/v2\/media?parent=410464"}],"wp:term":[{"taxonomy":"category","embeddable":true,"href":"https:\/\/www.europesays.com\/it\/wp-json\/wp\/v2\/categories?post=410464"},{"taxonomy":"post_tag","embeddable":true,"href":"https:\/\/www.europesays.com\/it\/wp-json\/wp\/v2\/tags?post=410464"}],"curies":[{"name":"wp","href":"https:\/\/api.w.org\/{rel}","templated":true}]}}