{"id":41054,"date":"2025-08-11T11:17:09","date_gmt":"2025-08-11T11:17:09","guid":{"rendered":"https:\/\/www.europesays.com\/it\/41054\/"},"modified":"2025-08-11T11:17:09","modified_gmt":"2025-08-11T11:17:09","slug":"rafa-nadal-e-mery-perello-sono-diventati-genitori-per-la-seconda-volta-e-nato-il-e-piccolo-miquel","status":"publish","type":"post","link":"https:\/\/www.europesays.com\/it\/41054\/","title":{"rendered":"Rafa Nadal e Mery Perell\u00f3 sono diventati genitori per la seconda volta: \u00e8 nato il \u00e8 piccolo Miquel"},"content":{"rendered":"<p class=\"has-dropcap\"><strong>L&#8217;ex tennista <a href=\"https:\/\/www.vanityfair.it\/article\/rafael-nadal-e-la-moglie-mery-perello-aspettano-un-figlio\" rel=\"nofollow noopener\" target=\"_blank\">Rafa Nadal<\/a><\/strong>, 39 anni, e sua moglie <a href=\"https:\/\/www.vanityfair.it\/article\/mery-perello-vita-riservata-nadal-rifugio-vista-mediterraneo-cene-amici-giornate-a-bordo-superyacht-tennista\" rel=\"nofollow noopener\" target=\"_blank\"><strong>Mery Perell\u00f3<\/strong><\/a> detta Xisca, 37, hanno dato il benvenuto al loro secondo figlio. Il piccolo, come rivela la stampa spagnola, si chiama <strong>Miquel<\/strong> ed \u00e8 nato a Palma di Maiorca nello stesso ospedale in cui quasi tre anni fa era venuto alla luce il <strong>fratello maggiore Rafael<\/strong>. <a href=\"https:\/\/www.vanityfair.it\/article\/rafa-nadal-mery-perello-genitori-seconda-volta\" rel=\"nofollow noopener\" target=\"_blank\">Le prime indiscrezioni sulla gravidanza erano iniziate a circolare lo scorso aprile<\/a>. Nadal e Mery, riservartissimi sul loro privato, non avevano confermato n\u00e9 smentito i rumors. Ma le foto che nei mesi scorsi avevano mostrato la futura mamma col pancione lasciavano pochi dubbi. E infatti ora \u00e8 nato <strong>Miquel<\/strong>, il cui nome \u00e8 <strong>un omaggio al padre di Mery<\/strong>, scomparso nell\u2019aprile 2023, a 63 anni, dopo una lunga malattia. Secondo Hola! a differenza della prima gravidanza, durante la quale Perell\u00f2 dovette stare a riposo e farsi addirittura ricoverare in ospedale per alcuni giorni, la seconda \u00e8 andata avanti senza problemi. Mamma e beb\u00e8, come racconta la stampa spagnola, sabato scorso hanno lasciato la clinica e sono tornati a casa.<\/p>\n<p>Nadal, com&#8217;\u00e8 nel suo stile, sul nuovo arrivato non ha detto una parola. Ma di certo \u00e8 al settimo cielo. L&#8217;ex campione di tennis, infatti, non ha mai nascosto il suo desiderio di diventare padre: \u00abMi piacerebbe avere figli. <strong>Sono una persona che ama i bambini, sono molto legato alla famiglia<\/strong> e, ovviamente, mi piacerebbe formare una famiglia quando la mia carriera sportiva sar\u00e0 finita\u00bb, aveva detto nel 2017. Poi nel 2020, durante un&#8217;intervista in tv, era tornato sul tema: \u00abMi piacerebbe essere padre. Ho sempre pensato di diventarlo verso i 26 anni, quando immaginavo di andare in pensione. Ma ho 34 anni e sono ancora qui\u00bb. Due anni dopo, lui e Mery hanno dato il benvenuto al loro primo figlio. E lo scorso ottobre<a href=\"https:\/\/www.vanityfair.it\/article\/addio-tennis-rafa-nadal-annuncio-video\" rel=\"nofollow noopener\" target=\"_blank\">, annunciando il suo addio al tennis<\/a>, Nadal aveva dedicato alla sua famiglia parola piene d&#8217;amore: \u00ab<strong>Per me sono tutto<\/strong>. Mia moglie Mery\u2026 stiamo insieme da 19 anni, grazie per tutto quello che hai fatto. Penso tu sia stata la compagna di viaggio ideale in tutti questi anni di carriera. Tornare a casa ogni giorno e <strong>vedere come cresce mio figlio \u00e8 una forza che mi ha davvero tenuto vivo<\/strong> e mi ha dato l\u2019energia per andare avanti\u00bb.<\/p>\n<p>L&#8217;ex tennista e la moglie &#8211; che dal 2019 \u00e8 direttrice della Fundaci\u00f3n Rafa Nadal &#8211; si sono conosciuti <strong>nel 2005<\/strong> tramite Maria Isabel, sorella di lui. Nel maggio 2018 \u00e8 arrivata la <a href=\"https:\/\/www.vanityfair.it\/people\/mondo\/2019\/01\/31\/rafa-nadal-si-sposa-foto-fidanzata-xisca-chi-e-proposta-gossip\" rel=\"nofollow noopener\" target=\"_blank\"><strong>proposta di nozze italiana<\/strong><\/a>: <strong>il campione si \u00e8 inginocchiato davanti all\u2019amata a Roma<\/strong>, durante gli Internazionali di Tennis che l\u2019hanno visto trionfare per la nona volta al Foro Italico. I futuri sposi hanno mantenuto il segreto fino al gennaio 2019, quando il magazine spagnolo Hola! ha svelato al mondo i loro progetti nuziali. Poi, a ottobre di quello stesso anno, il <a href=\"https:\/\/www.vanityfair.it\/people\/mondo\/2019\/10\/20\/nozze-rafa-nadal-storica-fidanzata-xisca-perello-dettagli-foto-gossip\" rel=\"nofollow noopener\" target=\"_blank\"><strong>matrimonio a Maiorca<\/strong><\/a>, a Sa Fortalesa, in <strong>una tenuta da favola con tanto di castello del 17esimo secolo<\/strong>. Nell&#8217;ottobre 2022 \u00e8 nato il primo figlio della coppia, Rafael. E ora, a distanza di quasi tre anni, Nadal e Mery hanno dato il benvenuto al piccolo Miquel.<\/p>\n","protected":false},"excerpt":{"rendered":"L&#8217;ex tennista Rafa Nadal, 39 anni, e sua moglie Mery Perell\u00f3 detta Xisca, 37, hanno dato il benvenuto&hellip;\n","protected":false},"author":3,"featured_media":41055,"comment_status":"","ping_status":"","sticky":false,"template":"","format":"standard","meta":{"footnotes":""},"categories":[1451],"tags":[1621,1620,203,2799,204,1537,90,89,8533,6123,6124],"class_list":{"0":"post-41054","1":"post","2":"type-post","3":"status-publish","4":"format-standard","5":"has-post-thumbnail","7":"category-celebrita","8":"tag-celebrita","9":"tag-celebrities","10":"tag-entertainment","11":"tag-gossip","12":"tag-intrattenimento","13":"tag-it","14":"tag-italia","15":"tag-italy","16":"tag-people","17":"tag-textabovecenterfullbleed","18":"tag-web"},"share_on_mastodon":{"url":"","error":""},"_links":{"self":[{"href":"https:\/\/www.europesays.com\/it\/wp-json\/wp\/v2\/posts\/41054","targetHints":{"allow":["GET"]}}],"collection":[{"href":"https:\/\/www.europesays.com\/it\/wp-json\/wp\/v2\/posts"}],"about":[{"href":"https:\/\/www.europesays.com\/it\/wp-json\/wp\/v2\/types\/post"}],"author":[{"embeddable":true,"href":"https:\/\/www.europesays.com\/it\/wp-json\/wp\/v2\/users\/3"}],"replies":[{"embeddable":true,"href":"https:\/\/www.europesays.com\/it\/wp-json\/wp\/v2\/comments?post=41054"}],"version-history":[{"count":0,"href":"https:\/\/www.europesays.com\/it\/wp-json\/wp\/v2\/posts\/41054\/revisions"}],"wp:featuredmedia":[{"embeddable":true,"href":"https:\/\/www.europesays.com\/it\/wp-json\/wp\/v2\/media\/41055"}],"wp:attachment":[{"href":"https:\/\/www.europesays.com\/it\/wp-json\/wp\/v2\/media?parent=41054"}],"wp:term":[{"taxonomy":"category","embeddable":true,"href":"https:\/\/www.europesays.com\/it\/wp-json\/wp\/v2\/categories?post=41054"},{"taxonomy":"post_tag","embeddable":true,"href":"https:\/\/www.europesays.com\/it\/wp-json\/wp\/v2\/tags?post=41054"}],"curies":[{"name":"wp","href":"https:\/\/api.w.org\/{rel}","templated":true}]}}