{"id":41060,"date":"2025-08-11T11:21:15","date_gmt":"2025-08-11T11:21:15","guid":{"rendered":"https:\/\/www.europesays.com\/it\/41060\/"},"modified":"2025-08-11T11:21:15","modified_gmt":"2025-08-11T11:21:15","slug":"i-tempi-lunghi-di-radio-2","status":"publish","type":"post","link":"https:\/\/www.europesays.com\/it\/41060\/","title":{"rendered":"I tempi lunghi di Radio 2"},"content":{"rendered":"<p>Tanti si chiedono come sar\u00e0 il palinsesto invernale di Radio2, che non \u00e8 ancora stato annunciato nonostante manchi circa un mese all&#8217;inizio della programmazione. Di certo l&#8217;arrivo all&#8217;improvviso a giugno del nuovo direttore Giovanni Alibrandi ha ritardato i tempi. Secondo L&#8217;Espresso, aveva chiesto una dilazione nella consegna del nuovo palinsesto ma i termini sarebbero scaduti. Non sar\u00e0 facile per lui dare un&#8217;impronta diversa e vincente a una radio che l&#8217;ex direttrice Simona Sala aveva costruito passo dopo passo con un invidiabile equilibrio. Troppo netta resta ancora quell&#8217;impronta per cambiarla senza disorientare l&#8217;ascoltatore. In ogni caso, oltre al ritorno a ottobre inoltrato di Fiorello (sempre sia lodato), paiono sicuri gli arrivi di Bel\u00e9n Rodriguez e, in un&#8217;altra collocazione, di Elenoire Casalegno nella fascia del mattino. E se il mezzogiorno cambier\u00e0 quantomeno assetto perch\u00e9 uno dei due conduttori di Non \u00e8 un paese per giovani (Tommaso Labate) passa a Mediaset, rimangono incerte le collocazioni di Serena Bortone e di altri programmi-cardine. Per il resto, al momento sono solo voci.\n<\/p>\n<p> Ad esempio a Lillo&amp;Greg potrebbe essere affidata una fascia quotidiana, mentre Nunzia De Girolamo e Gianluca Semprini saranno confermati con Maschio Selvaggio, che and\u00f2 benissimo alla prima edizione. Squadra che vince non si cambia e, forse, raddoppia.<\/p>\n","protected":false},"excerpt":{"rendered":"Tanti si chiedono come sar\u00e0 il palinsesto invernale di Radio2, che non \u00e8 ancora stato annunciato nonostante manchi&hellip;\n","protected":false},"author":3,"featured_media":41061,"comment_status":"","ping_status":"","sticky":false,"template":"","format":"standard","meta":{"footnotes":""},"categories":[1443],"tags":[1764,37004,203,204,1537,90,89,1538,1539,37003,37002,32462],"class_list":{"0":"post-41060","1":"post","2":"type-post","3":"status-publish","4":"format-standard","5":"has-post-thumbnail","7":"category-musica","8":"tag-belen-rodriguez","9":"tag-elenoire-casalegno","10":"tag-entertainment","11":"tag-intrattenimento","12":"tag-it","13":"tag-italia","14":"tag-italy","15":"tag-music","16":"tag-musica","17":"tag-palinsesto","18":"tag-rai-radio-2","19":"tag-rosario-fiorello"},"share_on_mastodon":{"url":"","error":""},"_links":{"self":[{"href":"https:\/\/www.europesays.com\/it\/wp-json\/wp\/v2\/posts\/41060","targetHints":{"allow":["GET"]}}],"collection":[{"href":"https:\/\/www.europesays.com\/it\/wp-json\/wp\/v2\/posts"}],"about":[{"href":"https:\/\/www.europesays.com\/it\/wp-json\/wp\/v2\/types\/post"}],"author":[{"embeddable":true,"href":"https:\/\/www.europesays.com\/it\/wp-json\/wp\/v2\/users\/3"}],"replies":[{"embeddable":true,"href":"https:\/\/www.europesays.com\/it\/wp-json\/wp\/v2\/comments?post=41060"}],"version-history":[{"count":0,"href":"https:\/\/www.europesays.com\/it\/wp-json\/wp\/v2\/posts\/41060\/revisions"}],"wp:featuredmedia":[{"embeddable":true,"href":"https:\/\/www.europesays.com\/it\/wp-json\/wp\/v2\/media\/41061"}],"wp:attachment":[{"href":"https:\/\/www.europesays.com\/it\/wp-json\/wp\/v2\/media?parent=41060"}],"wp:term":[{"taxonomy":"category","embeddable":true,"href":"https:\/\/www.europesays.com\/it\/wp-json\/wp\/v2\/categories?post=41060"},{"taxonomy":"post_tag","embeddable":true,"href":"https:\/\/www.europesays.com\/it\/wp-json\/wp\/v2\/tags?post=41060"}],"curies":[{"name":"wp","href":"https:\/\/api.w.org\/{rel}","templated":true}]}}