{"id":41078,"date":"2025-08-11T11:33:11","date_gmt":"2025-08-11T11:33:11","guid":{"rendered":"https:\/\/www.europesays.com\/it\/41078\/"},"modified":"2025-08-11T11:33:11","modified_gmt":"2025-08-11T11:33:11","slug":"fp-cgil-a-schillaci-dipendenti-della-sanita-pubblica-non-piu-pubblici-preoccupante","status":"publish","type":"post","link":"https:\/\/www.europesays.com\/it\/41078\/","title":{"rendered":"Fp Cgil a Schillaci: &#8220;Dipendenti della sanit\u00e0 pubblica non pi\u00f9 pubblici? Preoccupante&#8221;"},"content":{"rendered":"<p>\u201cTogliere i dipendenti della sanit\u00e0 dal perimetro della pubblica amministrazione per avere orari e contratti pi\u00f9 flessibili?\u00a0Una dichiarazione del ministro Schillaci che non solo\u00a0ci preoccupa tantissimo,\u00a0ma rappresenta un\u2019implicita\u00a0ammissione dell\u2019inefficacia del nuovo Ccnl Sanit\u00e0, che non riesce a essere attrattivo e a rispondere ai bisogni del Servizio sanitario nazionale e dei suoi dipendenti e che, proprio per questo, ci siamo rifiutati di firmare\u201d. Cos\u00ec <strong>Fp Cgil<\/strong>\u00a0commenta la dichiarazione rilasciata in un\u2019intervista a La Stampa dal ministro della Sanit\u00e0, <strong>Orazio Schillaci<\/strong>.<\/p>\n<p>\u201cIl ministro continua a parlare della necessit\u00e0 di assumere nuovo personale \u2013 prosegue Fp Cgil -. Noi non possiamo che concordare, ma dobbiamo prendere atto del fatto che finora si \u00e8 trattato solo di parole. Infatti dagli ultimi dati del Conto annuale Mef 2023 emerge che\u00a0oltre il 70% delle ultime assunzioni riguarda personale che gi\u00e0 lavorava all\u2019interno del Servizio sanitario nazionale, ma come precario. Non si tratta, dunque, di nuovo personale per rafforzare la sanit\u00e0 pubblica, ma di stabilizzazioni ottenute grazie alle nostre battaglie. Quella della precariet\u00e0, poi, \u00e8 una piaga ancora presente, che coinvolge oggi 36mila persone\u00a0e vede\u00a0un aumento di contratti di collaborazione, che oggi sono 14mila\u201d.<\/p>\n<p>Conclude Fp Cgil: \u201cNoi lo sosteniamo da tempo e i dati del Conto annuale confermano la sensatezza della nostra proposta:\u00a0la sanit\u00e0 pubblica ha bisogno di 510mila nuove assunzioni\u00a0per sostituire il personale che nei prossimi anni andr\u00e0 in pensione e potenziare ospedali, ambulatori e tutti i servizi sanitari.\u00a0Chiediamo al ministro un confronto\u00a0strutturato con i sindacati per discutere insieme di un piano straordinario di nuove assunzioni e di come rendere attrattive le professioni sanitarie. Temi a cui il nuovo Contratto rinnovato non risponde in alcun modo\u201d.<\/p>\n<p><strong>Redazione Nurse Times<\/strong><\/p>\n<p><strong>Articoli correlati<\/strong><\/p>\n","protected":false},"excerpt":{"rendered":"\u201cTogliere i dipendenti della sanit\u00e0 dal perimetro della pubblica amministrazione per avere orari e contratti pi\u00f9 flessibili?\u00a0Una dichiarazione&hellip;\n","protected":false},"author":3,"featured_media":41079,"comment_status":"","ping_status":"","sticky":false,"template":"","format":"standard","meta":{"footnotes":""},"categories":[1481],"tags":[2065,2066,26170,37021,239,2063,2064,1537,90,89,6830,28364,240,522],"class_list":{"0":"post-41078","1":"post","2":"type-post","3":"status-publish","4":"format-standard","5":"has-post-thumbnail","7":"category-assistenza-sanitaria","8":"tag-assistenza-sanitaria","9":"tag-assistenzasanitaria","10":"tag-assunzioni","11":"tag-fp-cgil","12":"tag-health","13":"tag-health-care","14":"tag-healthcare","15":"tag-it","16":"tag-italia","17":"tag-italy","18":"tag-nurse-times","19":"tag-orazio-schillaci","20":"tag-salute","21":"tag-sanita-pubblica"},"share_on_mastodon":{"url":"","error":""},"_links":{"self":[{"href":"https:\/\/www.europesays.com\/it\/wp-json\/wp\/v2\/posts\/41078","targetHints":{"allow":["GET"]}}],"collection":[{"href":"https:\/\/www.europesays.com\/it\/wp-json\/wp\/v2\/posts"}],"about":[{"href":"https:\/\/www.europesays.com\/it\/wp-json\/wp\/v2\/types\/post"}],"author":[{"embeddable":true,"href":"https:\/\/www.europesays.com\/it\/wp-json\/wp\/v2\/users\/3"}],"replies":[{"embeddable":true,"href":"https:\/\/www.europesays.com\/it\/wp-json\/wp\/v2\/comments?post=41078"}],"version-history":[{"count":0,"href":"https:\/\/www.europesays.com\/it\/wp-json\/wp\/v2\/posts\/41078\/revisions"}],"wp:featuredmedia":[{"embeddable":true,"href":"https:\/\/www.europesays.com\/it\/wp-json\/wp\/v2\/media\/41079"}],"wp:attachment":[{"href":"https:\/\/www.europesays.com\/it\/wp-json\/wp\/v2\/media?parent=41078"}],"wp:term":[{"taxonomy":"category","embeddable":true,"href":"https:\/\/www.europesays.com\/it\/wp-json\/wp\/v2\/categories?post=41078"},{"taxonomy":"post_tag","embeddable":true,"href":"https:\/\/www.europesays.com\/it\/wp-json\/wp\/v2\/tags?post=41078"}],"curies":[{"name":"wp","href":"https:\/\/api.w.org\/{rel}","templated":true}]}}