{"id":41081,"date":"2025-08-11T11:36:17","date_gmt":"2025-08-11T11:36:17","guid":{"rendered":"https:\/\/www.europesays.com\/it\/41081\/"},"modified":"2025-08-11T11:36:17","modified_gmt":"2025-08-11T11:36:17","slug":"pallavolo-indeco-molfetta-nico-ruggiero-confermato-per-la-serie-b-2025","status":"publish","type":"post","link":"https:\/\/www.europesays.com\/it\/41081\/","title":{"rendered":"PALLAVOLO, INDECO MOLFETTA: NICO RUGGIERO CONFERMATO PER LA SERIE B 2025"},"content":{"rendered":"<p>Blitz di mercato e grande conferma per l\u2019<strong>Indeco Molfetta<\/strong> nel suo progetto che vede affiancare i migliori giovani del territorio a giocatori esperti per una difficilissima serie B. Il centrale di San Vito dei Normanni, ormai barese d\u2019adozione, <strong>Nico Ruggiero<\/strong>, firma per i colori biancorossi e sar\u00e0 al secondo in maglia Indeco Molfetta.<\/p>\n<p>Classe 1994, 195 cm, il nuovo centrale dei biancorossi, nelle ultime stagioni si \u00e8 distinto come uno dei migliori centrali di Puglia. Prima il grandissimo campionato a Bari, culminato con la promozione in A3, poi la stagione a Turi con i biancoazzurri primi in classifica e i biancorossi dell\u2019Indeco secondi con i playoff conquistati, infine la stagione a Gioia, prima del trasferimento a Molfetta, sempre lottando per le primissime posizioni.<\/p>\n<p>\u00abMi aspetto una stagione ricca di soddisfazioni, sia a livello personale che di squadra. Abbiamo fatto un buon percorso l\u2019anno scorso e sono convinto che, continuando a lavorare con la stessa determinazione, possiamo toglierci belle soddisfazioni anche quest\u2019anno \u2013 il commento di Nico Ruggiero \u2013 Sono contento di poter proseguire il lavoro iniziato nella scorsa stagione con gli stessi compagni perch\u00e9 credo che la continuit\u00e0 sia la chiave per crescere ancora e raggiungere obiettivi importanti\u00bb.<\/p>\n<p>Nico Ruggiero \u00e8 l\u2019ennesima conferma dell\u2019estate biancorossa e si affianca ai \u201csenior\u201d Bernardi, Ciavarella, Incampo, Pisani e ai pi\u00f9 giovani Verroca, Auciello, Gadaleta, Cappelluti con l\u2019unica new entry rappresentata da Marco Ciccia, di ritorno dal prestito a Ruvo. Un progetto che punta forte sulla continuit\u00e0 e sull\u2019ottimo lavoro svolto dallo staff di mister Castellaneta.<\/p>\n<p>\u00abNico \u00e8 una persona squisita, oltre che uno dei migliori centrali della nostra zona. \u00c8 un piacere averlo ancora con noi, \u00e8 una preziosa guida e figura nello spogliatoio. La linea \u00e8 chiara: siamo molto soddisfatti della passata stagione, abbiamo puntellato qualcosa, ma siamo ripartiti dalle certezze. E Nico Ruggiero fa parte del gruppo delle certezze acquisite durante la scorsa, ottima, stagione\u00bb, il commento del vicepresidente Danilo Lazzizzera. Il nuovo acquisto biancorosso vestir\u00e0 la maglia numero 14.<\/p>\n","protected":false},"excerpt":{"rendered":"Blitz di mercato e grande conferma per l\u2019Indeco Molfetta nel suo progetto che vede affiancare i migliori giovani&hellip;\n","protected":false},"author":3,"featured_media":41082,"comment_status":"","ping_status":"","sticky":false,"template":"","format":"standard","meta":{"footnotes":""},"categories":[1474],"tags":[14239,1537,90,89,2347,245,244,1869],"class_list":{"0":"post-41081","1":"post","2":"type-post","3":"status-publish","4":"format-standard","5":"has-post-thumbnail","7":"category-volley","8":"tag-indeco-molfetta","9":"tag-it","10":"tag-italia","11":"tag-italy","12":"tag-pallavolo","13":"tag-sport","14":"tag-sports","15":"tag-volley"},"share_on_mastodon":{"url":"","error":""},"_links":{"self":[{"href":"https:\/\/www.europesays.com\/it\/wp-json\/wp\/v2\/posts\/41081","targetHints":{"allow":["GET"]}}],"collection":[{"href":"https:\/\/www.europesays.com\/it\/wp-json\/wp\/v2\/posts"}],"about":[{"href":"https:\/\/www.europesays.com\/it\/wp-json\/wp\/v2\/types\/post"}],"author":[{"embeddable":true,"href":"https:\/\/www.europesays.com\/it\/wp-json\/wp\/v2\/users\/3"}],"replies":[{"embeddable":true,"href":"https:\/\/www.europesays.com\/it\/wp-json\/wp\/v2\/comments?post=41081"}],"version-history":[{"count":0,"href":"https:\/\/www.europesays.com\/it\/wp-json\/wp\/v2\/posts\/41081\/revisions"}],"wp:featuredmedia":[{"embeddable":true,"href":"https:\/\/www.europesays.com\/it\/wp-json\/wp\/v2\/media\/41082"}],"wp:attachment":[{"href":"https:\/\/www.europesays.com\/it\/wp-json\/wp\/v2\/media?parent=41081"}],"wp:term":[{"taxonomy":"category","embeddable":true,"href":"https:\/\/www.europesays.com\/it\/wp-json\/wp\/v2\/categories?post=41081"},{"taxonomy":"post_tag","embeddable":true,"href":"https:\/\/www.europesays.com\/it\/wp-json\/wp\/v2\/tags?post=41081"}],"curies":[{"name":"wp","href":"https:\/\/api.w.org\/{rel}","templated":true}]}}