{"id":410988,"date":"2026-03-24T18:27:13","date_gmt":"2026-03-24T18:27:13","guid":{"rendered":"https:\/\/www.europesays.com\/it\/410988\/"},"modified":"2026-03-24T18:27:13","modified_gmt":"2026-03-24T18:27:13","slug":"leao-assente-in-campo-ma-attivo-sui-social-il-tempo-e-la-risposta","status":"publish","type":"post","link":"https:\/\/www.europesays.com\/it\/410988\/","title":{"rendered":"Leao assente in campo ma attivo sui social: &#8220;Il tempo \u00e8 la risposta&#8221;"},"content":{"rendered":"<p>                                L&#8217;attaccante portoghese risponde cos\u00ec alle recenti critiche, confidando evidentemente in un suo immediato futuro fatto di rivincite personali e conferme del proprio valore<\/p>\n<p class=\"paragraph\" spellcheck=\"true\">Dalla citazione evangelica a quella filosofica. In una settimana Rafa Leao sta offrendo su Instagram un saggio delle sue conoscenze, oppure una sorta di show per attirare un po&#8217; l&#8217;attenzione. &#8220;<a href=\"https:\/\/www.gazzetta.it\/Calcio\/Serie-A\/Milan\/17-03-2026\/leao-citazione-biblica-fai-cio-che-e-in-tuo-potere.shtml?refresh_ce\" rel=\"nofollow noopener\" target=\"_blank\">Fai ci\u00f2 che \u00e8 in tuo potere. L&#8217;impossibile \u00e8 compito mio<\/a>&#8220;, scriveva Rafa citando il Vangelo dopo le polemiche seguite a Lazio-Milan, in cui l&#8217;attaccante portoghese si era lasciato andare ad atteggiamenti poco professionali, passando dal battibecco con Pulisic alla plateale critica alla sostituzione. Con reiterata coda polemica negli spogliatoi.\u00a0<\/p>\n<p>    il bis\u2014 \u00a0<\/p>\n<p class=\"paragraph is-inline\" spellcheck=\"true\">Ieri invece Leao in una storia social si \u00e8 limitato a un: &#8220;Il tempo \u00e8 la risposta&#8221;. Stavolta nessuno spunto legato al campo: nella pi\u00f9 recente vittoria rossonera, il 3-2 contro il Torino, Leao non figura infatti nel tabellino a causa dell&#8217;infiammazione a un adduttore che lo sta condizionando e frenando <a href=\"https:\/\/www.gazzetta.it\/Calcio\/Serie-A\/Milan\/23-03-2026\/leao-niente-nazionale-il-portogallo-non-lo-convoca-resta-a-milanello.shtml\" rel=\"nofollow noopener\" target=\"_blank\">pure sul fronte della nazionale<\/a>. E quindi? Quindi \u00e8 probabile che il portoghese affidi al tempo il ruolo di giudice insindacabile, immaginando un suo immediato futuro fatto di rivincite personali e conferme del proprio valore. Alla faccia di chi lo critica o mette in dubbio il suo futuro milanista. Di certo il Milan \u00e8 il primo a tifare affinch\u00e9 la sua profezia si avveri.\u00a0<\/p>\n","protected":false},"excerpt":{"rendered":"L&#8217;attaccante portoghese risponde cos\u00ec alle recenti critiche, confidando evidentemente in un suo immediato futuro fatto di rivincite personali&hellip;\n","protected":false},"author":3,"featured_media":410989,"comment_status":"","ping_status":"","sticky":false,"template":"","format":"standard","meta":{"footnotes":"","_share_on_mastodon":"0"},"categories":[1452],"tags":[562,39312,721,26173,234094,14335,1740,10562,234095,234096,1537,90,89,8007,553,30890,234097,13201,1739,245,244],"class_list":["post-410988","post","type-post","status-publish","format-standard","has-post-thumbnail","category-calcio","tag-attaccante","tag-attaccante-portoghese","tag-calcio","tag-conferme","tag-conferme-valore","tag-critica","tag-football","tag-immediato","tag-immediato-rivincite","tag-immediato-rivincite-personali","tag-it","tag-italia","tag-italy","tag-leao","tag-milan","tag-personali","tag-personali-conferme","tag-portoghese","tag-soccer","tag-sport","tag-sports"],"share_on_mastodon":{"url":"https:\/\/pubeurope.com\/@it\/116285567675456529","error":""},"_links":{"self":[{"href":"https:\/\/www.europesays.com\/it\/wp-json\/wp\/v2\/posts\/410988","targetHints":{"allow":["GET"]}}],"collection":[{"href":"https:\/\/www.europesays.com\/it\/wp-json\/wp\/v2\/posts"}],"about":[{"href":"https:\/\/www.europesays.com\/it\/wp-json\/wp\/v2\/types\/post"}],"author":[{"embeddable":true,"href":"https:\/\/www.europesays.com\/it\/wp-json\/wp\/v2\/users\/3"}],"replies":[{"embeddable":true,"href":"https:\/\/www.europesays.com\/it\/wp-json\/wp\/v2\/comments?post=410988"}],"version-history":[{"count":0,"href":"https:\/\/www.europesays.com\/it\/wp-json\/wp\/v2\/posts\/410988\/revisions"}],"wp:featuredmedia":[{"embeddable":true,"href":"https:\/\/www.europesays.com\/it\/wp-json\/wp\/v2\/media\/410989"}],"wp:attachment":[{"href":"https:\/\/www.europesays.com\/it\/wp-json\/wp\/v2\/media?parent=410988"}],"wp:term":[{"taxonomy":"category","embeddable":true,"href":"https:\/\/www.europesays.com\/it\/wp-json\/wp\/v2\/categories?post=410988"},{"taxonomy":"post_tag","embeddable":true,"href":"https:\/\/www.europesays.com\/it\/wp-json\/wp\/v2\/tags?post=410988"}],"curies":[{"name":"wp","href":"https:\/\/api.w.org\/{rel}","templated":true}]}}