{"id":411041,"date":"2026-03-24T19:07:13","date_gmt":"2026-03-24T19:07:13","guid":{"rendered":"https:\/\/www.europesays.com\/it\/411041\/"},"modified":"2026-03-24T19:07:13","modified_gmt":"2026-03-24T19:07:13","slug":"in-emilia-romagna-e-allerta-meteo","status":"publish","type":"post","link":"https:\/\/www.europesays.com\/it\/411041\/","title":{"rendered":"in Emilia Romagna \u00e8 allerta meteo"},"content":{"rendered":"<p>Bologna, 24 marzo 2026 \u2013\u00a0Vento forte, <strong>mareggiate<\/strong>, temperature in picchiata e <strong>neve a bassa quota in Emilia Romagna<\/strong> e anche nelle <a rel=\"follow nofollow noopener\" href=\"https:\/\/www.ilrestodelcarlino.it\/meteo\/marche-ciclone-artico-neve-vento-2485aac9\" target=\"_blank\"><strong>Marche<\/strong><\/a>. Si avvicina aprile e, invece, <strong>torna l\u2019inverno<\/strong>.\u00a0L\u2019attenzione degli esperti \u00e8 tutta concentrata sulla giornata di gioved\u00ec 25 marzo quando un intenso fronte di bassa pressione stazioner\u00e0 sull\u2019Adriatico davanti alle nostre coste, con un grave rischio mareggiate in zone gi\u00e0 alle prese con l\u2019<strong><a rel=\"follow nofollow noopener\" href=\"https:\/\/www.ilrestodelcarlino.it\/ferrara\/cronaca\/erosione-della-costa-una-montagna-afe9a9dc\" target=\"_blank\">erosione<\/a><\/strong> e l\u2019innalzamento del livello del mare. Inoltre, molte stazioni balneari hanno gi\u00e0 iniziato a spianare le dune in vista della ripresa della <strong><a rel=\"follow nofollow noopener\" href=\"https:\/\/www.ilrestodelcarlino.it\/rimini\/cronaca\/pasqua-non-scalda-gli-hotel-b88a1a69\" target=\"_blank\">stagione turistica<\/a><\/strong> che, si spera, aprir\u00e0 a Pasqua. Ma le previsioni meteo non fanno ben sperare neanche per i primi giorni di aprile.<\/p>\n<p>Approfondisci:<\/p>\n<p><a href=\"https:\/\/www.ilrestodelcarlino.it\/ravenna\/cronaca\/barriera-ostriche-reef-erosione-quando-ang2uaar\" class=\"ArticleEmbed_article__embed__content__Jzqnz\" rel=\"nofollow noopener\" target=\"_blank\">La barriera di ostriche, il primo reef naturale per contrastare l\u2019erosione: \u201cEntro maggio in acqua\u201d<img alt=\"La barriera di ostriche, il primo reef naturale per contrastare l\u2019erosione: \u201cEntro maggio in acqua\u201d\" loading=\"lazy\" width=\"140\" height=\"78\" decoding=\"async\" data-nimg=\"1\" style=\"color:transparent\"  src=\"https:\/\/www.europesays.com\/it\/wp-content\/uploads\/2026\/03\/1774379233_511_una-scogliera-naturale-per-la-biodiversita-a-ravenna-sara-casa-per-le-ostriche.webp.webp\"\/><\/a> <\/p>\n","protected":false},"excerpt":{"rendered":"Bologna, 24 marzo 2026 \u2013\u00a0Vento forte, mareggiate, temperature in picchiata e neve a bassa quota in Emilia Romagna&hellip;\n","protected":false},"author":3,"featured_media":411042,"comment_status":"","ping_status":"","sticky":false,"template":"","format":"standard","meta":{"footnotes":"","_share_on_mastodon":"0"},"categories":[79],"tags":[4167,14,93,94,7109,3440,1537,90,89,54151,8682,419,22542,7,15,10759,11,84,91,12,85,92,443],"class_list":["post-411041","post","type-post","status-publish","format-standard","has-post-thumbnail","category-italia","tag-allerta","tag-cronaca","tag-cronaca-italiana","tag-cronacaitaliana","tag-emilia","tag-forte","tag-it","tag-italia","tag-italy","tag-mareggiate","tag-marzo","tag-meteo","tag-neve","tag-news","tag-notizie","tag-romagna","tag-ultime-notizie","tag-ultime-notizie-e-news-di-oggi","tag-ultime-notizie-italia","tag-ultimenotizie","tag-ultimenotizieenewsdioggi","tag-ultimenotizieitalia","tag-vento"],"share_on_mastodon":{"url":"https:\/\/pubeurope.com\/@it\/116285724908870032","error":""},"_links":{"self":[{"href":"https:\/\/www.europesays.com\/it\/wp-json\/wp\/v2\/posts\/411041","targetHints":{"allow":["GET"]}}],"collection":[{"href":"https:\/\/www.europesays.com\/it\/wp-json\/wp\/v2\/posts"}],"about":[{"href":"https:\/\/www.europesays.com\/it\/wp-json\/wp\/v2\/types\/post"}],"author":[{"embeddable":true,"href":"https:\/\/www.europesays.com\/it\/wp-json\/wp\/v2\/users\/3"}],"replies":[{"embeddable":true,"href":"https:\/\/www.europesays.com\/it\/wp-json\/wp\/v2\/comments?post=411041"}],"version-history":[{"count":0,"href":"https:\/\/www.europesays.com\/it\/wp-json\/wp\/v2\/posts\/411041\/revisions"}],"wp:featuredmedia":[{"embeddable":true,"href":"https:\/\/www.europesays.com\/it\/wp-json\/wp\/v2\/media\/411042"}],"wp:attachment":[{"href":"https:\/\/www.europesays.com\/it\/wp-json\/wp\/v2\/media?parent=411041"}],"wp:term":[{"taxonomy":"category","embeddable":true,"href":"https:\/\/www.europesays.com\/it\/wp-json\/wp\/v2\/categories?post=411041"},{"taxonomy":"post_tag","embeddable":true,"href":"https:\/\/www.europesays.com\/it\/wp-json\/wp\/v2\/tags?post=411041"}],"curies":[{"name":"wp","href":"https:\/\/api.w.org\/{rel}","templated":true}]}}