{"id":411078,"date":"2026-03-24T19:48:13","date_gmt":"2026-03-24T19:48:13","guid":{"rendered":"https:\/\/www.europesays.com\/it\/411078\/"},"modified":"2026-03-24T19:48:13","modified_gmt":"2026-03-24T19:48:13","slug":"napoli-conte-una-pausa-nazionale-dopo-dal-conteout-a-torna-e-vinciamo-lo-scudetto","status":"publish","type":"post","link":"https:\/\/www.europesays.com\/it\/411078\/","title":{"rendered":"Napoli, Conte, una pausa nazionale dopo: dal #conteout a &#8220;torna e vinciamo lo scudetto&#8221;"},"content":{"rendered":"<p>                                L&#8217;allenatore del Napoli approfitta della sosta nazionale per trascorrere quattro giorni con la famiglia e poi preparare il big match di Pasquetta contro il Milan. E stavolta gli umori della piazza sono ben diversi rispetto alla &#8220;fuga&#8221; post Bologna&#8230;<\/p>\n<p>\n                                                                    Alessandra Vaccaro\n                            <\/p>\n<p>                    24 marzo 2026 (modifica alle 18:08)  &#8211; MILANO<\/p>\n<p class=\"paragraph\" spellcheck=\"true\">Antonio Conte si prende una meritata vacanza. Approfittando della pausa nazionale, forte del filotto di quattro vittorie consecutive, tranquillo del terzo posto in classifica (con affaccio primo), l\u2019allenatore del Napoli stacca la spina per qualche giorno. Ieri mattina \u00e8 salito sul primo volo destinazione Torino per raggiungere la famiglia e godersi una settimana di relax prima del rush finale. Mancano otto partite alla fine del campionato e Conte intende vincerle tutte, non solo per dar fastidio alle milanesi, ma per sperare di ridurre il gap con l\u2019Inter e, chiss\u00e0, <a href=\"https:\/\/www.gazzetta.it\/Calcio\/Serie-A\/Napoli\/21-03-2026\/conte-non-ci-sta-e-rilancia-per-lo-scudetto-sara-di-nuovo-il-napoli-l-anti-inter.shtml\" rel=\"nofollow noopener\" target=\"_blank\">combattere punto a punto fino all\u2019ultima giornata<\/a>. L\u2019allenatore del Napoli non si nasconde pi\u00f9, \u201cNessuno pu\u00f2 impedirci di guardare avanti. Mettiamo pressione a chi ci precede\u201d, ha ammesso dopo la vittoria di Cagliari, riaprendo di fatto la corsa scudetto.\u00a0<\/p>\n<p>    la rincorsa\u2014 \u00a0<\/p>\n<p class=\"paragraph is-inline\" spellcheck=\"true\">Il distacco c\u2019\u00e8. Il Napoli \u00e8 a -7 dall\u2019Inter e a -1 dal Milan, ma se Conte parla di scudetto vale la pena fidarsi e gli appassionati di calcio di serie A sanno che non \u00e8 corretto sottovalutarlo: i tifosi delle milanesi si preoccupano, i napoletani ci credono.\u00a0Conte a Napoli \u00e8 diventato un guru, un semidio, un dogma,<a href=\"https:\/\/www.gazzetta.it\/Calcio\/Serie-A\/Napoli\/21-03-2026\/napoli-scudetto-conte-social.shtml\" rel=\"nofollow noopener\" target=\"_blank\"> i supporters azzurri si fidano ciecamente di lui<\/a>. Prima di recarsi a Torino, questa volta ha fatto le cose per bene: ha lasciato le consegne al suo secondo Stellini, ha trascorso il weekend in citt\u00e0 al seguito della Primavera, ha fatto il giro dei suoi ristoranti preferiti e, soprattutto, ha gi\u00e0 predisposto ogni cosa per il ritorno. La prossima partita del Napoli sar\u00e0 la sera di Pasquetta, contro il Milan di Massimiliano Allegri, seconda contro terza. Allo stadio Diego Armando Maradona andr\u00e0 in scena lo snodo cruciale della stagione e Conte vuole arrivarci carico. Una settimana a Torino con la moglie e la figlia sar\u00e0 un toccasana per l\u2019allenatore del Napoli che la lotta scudetto intende giocarla anche sui nervi.\u00a0<\/p>\n<p>    questione di nervi\u2014 \u00a0<\/p>\n<p class=\"paragraph is-inline\" spellcheck=\"true\">Quei nervi che sembravano essere saltati nella scorsa pausa. Era met\u00e0 novembre, il Napoli aveva appena perso per un grave infortunio Kevin De Bruyne, era reduce da una serie di pareggi in campionato e da un cammino Champions, gi\u00e0 all\u2019epoca discutibile, segnato dalla pesante sconfitta di Eindhoven per 6-2. Oltre che dalle parole di insofferenza di Conte: \u201cSar\u00e0 un anno complesso\u201d, \u201cNove giocatori nuovi sono troppi, serve tempo\u201d, \u201cNon tutte le ciambelle escono col buco\u201d. C\u2019era malcontento e le parole dell\u2019allenatore non facevano che gettare benzina sul fuoco, in un ambiente di per s\u00e9 in confusione. La sconfitta di Bologna fu un vero e proprio terremoto. \u201cQualcosa bisogna fare, perch\u00e9 non ho voglia di accompagnare un morto. Io sono il primo eventualmente a prendermi le mie responsabilit\u00e0\u201d, disse a margine della partita. Dichiarazioni forti, significative, che suonarono come una vera e propria pausa di riflessione. Da Bologna rientr\u00f2 direttamente a Torino, dove rest\u00f2 per una settimana: lunghissima e piena di interrogativi. Tanto che dovette scendere in campo il presidente Aurelio De Laurentiis per distendere gli animi attraverso un lungo post su X: \u201cLeggo sul web la favola delle dimissioni di Conte. Io amo molto i social perch\u00e9 sono un modo contemporaneo e veloce di far viaggiare i pensieri. Ma voi sapete che non sempre i pensieri sono giusti o condivisibili. Ai tifosi che hanno letto qualche stupidaggine dico: sono orgoglioso di avere al mio fianco e al fianco del Napoli e dei calciatori, un uomo vero come Antonio Conte\u201d.<\/p>\n<p><a class=\"is-partner-link\" href=\"https:\/\/aipredictor.gazzetta.it\/?intcmp=linkArticoloSerieA\" rel=\"nofollow noopener\" target=\"_blank\">Pronostici sulla Serie A generati dalla nostra IA. Prova gratis Gazzetta AI Predictor.<\/a><\/p>\n<p>    le voci\u2014 \u00a0<\/p>\n<p class=\"paragraph is-inline\" spellcheck=\"true\">Inizi\u00f2 a farsi largo anche la possibilit\u00e0 che Conte potesse abbandonare la squadra in piena stagione. Seguirono giorni di religioso silenzio, mentre sui social per la prima volta impazzava il #conteout: \u201cVai via e vedi come ritroviamo energia positiva\u201d, \u201cResponsabilit\u00e0 assoluta di Conte, non fa rotazioni per dare respiro ai giocatori in affanno\u201d, \u201cConte \u00e8 l\u2019anticalcio\u201d, \u201cResta a Torino, il tuo scopo \u00e8 tornare alla Juve\u201d. Conte rientr\u00f2 in Campania giusto in tempo per preparare la sfida con l\u2019Atalanta, appena affidata a Raffaele Palladino. Il Napoli vinse 3-1, aprendo ad un filotto di quattro vittorie consecutive. Proprio come quelle che ha racimolato ora, prima di prendersi qualche giorno di relax. Nel frattempo Conte ha vinto la Supercoppa, ha combattuto l\u2019emergenza infortuni facendo di necessit\u00e0 virt\u00f9, ma soprattutto ha scelto di lavorare tanto e parlare poco e niente. L\u2019allenatore del Napoli ha risposto alle critiche col campo, con i risultati, in quella che ha definito la stagione pi\u00f9 significativa in carriera, a livello umano e professionale. La nuova pausa ha un sapore diametralmente opposto rispetto a quella di novembre. Conte, adesso, pu\u00f2 contare sul supporto incondizionato dei tifosi, che gli hanno perdonato anche la mancanza del gioco che, a Napoli, \u00e8 sempre stato un must: \u201cConte a vita\u201d, si sente per strada e si legge sui social. Non c\u2019\u00e8 tifoso del Napoli che non sia disposto a difendere l\u2019allenatore che in un anno e mezzo ha regalato alla citt\u00e0 Scudetto e Supercoppa. I napoletani, questa volta, benedicono la vacanza di Conte: \u201cMister goditi il riposo e torna carico per lo scudetto\u201d, \u201cGi\u00e0 manchi mister\u201d, \u201cDai mister, un ultimo sforzo, proviamo il miracolo e sarai il miglior allenatore della nostra storia\u201d, \u201cChi l\u2019avrebbe mai detto che avremmo amato uno juventino\u201d, \u201cTe lo meriti, giusto staccare un po\u2019 la spina\u201d, \u201cRitorna carico e stracciamo il campionato\u201d. I napoletani hanno abbracciato il \u201cpacchetto Conte\u201d, con i silenzi, le pause, le parole forti e tutto ci\u00f2 che comporta. E anche se la vacanza dovesse durare qualche ora in pi\u00f9, Conte potrebbe non avvisare: Napoli sarebbe pronta a difenderlo, \u201cFino alla fine\u201d.<\/p>\n<p class=\"is-copyright\">\u00a9 RIPRODUZIONE RISERVATA<\/p>\n","protected":false},"excerpt":{"rendered":"L&#8217;allenatore del Napoli approfitta della sosta nazionale per trascorrere quattro giorni con la famiglia e poi preparare il&hellip;\n","protected":false},"author":3,"featured_media":411079,"comment_status":"","ping_status":"","sticky":false,"template":"","format":"standard","meta":{"footnotes":"","_share_on_mastodon":"0"},"categories":[1452],"tags":[22313,159504,234115,1960,84958,119,11807,2201,586,721,1856,921,17722,63540,2790,234110,277,1909,3964,210857,234111,234112,1740,435,3412,1975,30035,350,1537,90,89,553,60,24450,73035,248,49055,7030,4979,1290,36232,234113,2168,2095,26124,978,4514,494,32928,984,3674,1270,12044,6072,1821,989,1739,1686,337,45585,245,244,577,24043,6035,1641,5583,234114,2100,5489,24126,106421],"class_list":["post-411078","post","type-post","status-publish","format-standard","has-post-thumbnail","category-calcio","tag-abbandonare","tag-abbandonare-squadra","tag-abbandonare-squadra-piena","tag-allenatore","tag-allenatore-napoli","tag-antonio","tag-antonio-conte","tag-appena","tag-bologna","tag-calcio","tag-campionato","tag-campo","tag-carico","tag-consecutive","tag-conte","tag-conteout","tag-de","tag-famiglia","tag-fianco","tag-filotto","tag-filotto-vittorie","tag-filotto-vittorie-consecutive","tag-football","tag-forti","tag-giocatori","tag-giusto","tag-intende","tag-inter","tag-it","tag-italia","tag-italy","tag-milan","tag-milanesi","tag-mister","tag-napoletani","tag-napoli","tag-nervi","tag-novembre","tag-parole","tag-partita","tag-pasquetta","tag-pasquetta-milan","tag-pausa","tag-pensieri","tag-piena","tag-post","tag-preparare","tag-punto","tag-relax","tag-responsabilita","tag-rientro","tag-rispetto","tag-sconfitta","tag-scudetto","tag-serie","tag-settimana","tag-soccer","tag-social","tag-soprattutto","tag-spina","tag-sport","tag-sports","tag-stagione","tag-supercoppa","tag-tifosi","tag-torino","tag-torna","tag-torna-carico","tag-vacanza","tag-vero","tag-vittorie","tag-vittorie-consecutive"],"share_on_mastodon":{"url":"","error":"Validation failed: Text character limit of 500 exceeded"},"_links":{"self":[{"href":"https:\/\/www.europesays.com\/it\/wp-json\/wp\/v2\/posts\/411078","targetHints":{"allow":["GET"]}}],"collection":[{"href":"https:\/\/www.europesays.com\/it\/wp-json\/wp\/v2\/posts"}],"about":[{"href":"https:\/\/www.europesays.com\/it\/wp-json\/wp\/v2\/types\/post"}],"author":[{"embeddable":true,"href":"https:\/\/www.europesays.com\/it\/wp-json\/wp\/v2\/users\/3"}],"replies":[{"embeddable":true,"href":"https:\/\/www.europesays.com\/it\/wp-json\/wp\/v2\/comments?post=411078"}],"version-history":[{"count":0,"href":"https:\/\/www.europesays.com\/it\/wp-json\/wp\/v2\/posts\/411078\/revisions"}],"wp:featuredmedia":[{"embeddable":true,"href":"https:\/\/www.europesays.com\/it\/wp-json\/wp\/v2\/media\/411079"}],"wp:attachment":[{"href":"https:\/\/www.europesays.com\/it\/wp-json\/wp\/v2\/media?parent=411078"}],"wp:term":[{"taxonomy":"category","embeddable":true,"href":"https:\/\/www.europesays.com\/it\/wp-json\/wp\/v2\/categories?post=411078"},{"taxonomy":"post_tag","embeddable":true,"href":"https:\/\/www.europesays.com\/it\/wp-json\/wp\/v2\/tags?post=411078"}],"curies":[{"name":"wp","href":"https:\/\/api.w.org\/{rel}","templated":true}]}}