{"id":411416,"date":"2026-03-25T00:46:10","date_gmt":"2026-03-25T00:46:10","guid":{"rendered":"https:\/\/www.europesays.com\/it\/411416\/"},"modified":"2026-03-25T00:46:10","modified_gmt":"2026-03-25T00:46:10","slug":"il-caso-chiesa-dietro-ai-problemi-dellattaccante-che-ha-lasciato-il-ritiro-azzurro","status":"publish","type":"post","link":"https:\/\/www.europesays.com\/it\/411416\/","title":{"rendered":"Il caso Chiesa. Dietro ai problemi dell&#8217;attaccante che ha lasciato il ritiro azzurro"},"content":{"rendered":"<p>                                Nemmeno il Liverpool ha spiegato l&#8217;abbandono di Federico dal ritiro con la squadra di Gattuso. Ma le parole del ct fanno capire che i problemi sono altri<\/p>\n<p>                    24 marzo &#8211; 21:57  &#8211; LONDRA<\/p>\n<p class=\"paragraph\" spellcheck=\"true\">\u201cLe teste dei giocatori non sono tutte uguali\u201d. \u00c8 stato volutamente poco chiaro, Gennaro Gattuso, nel spiegare il perch\u00e9 Federico Chiesa si sia presentato a Coverciano per rispondere alla chiamata dell\u2019Italia in vista dello spareggio Mondiale e poi sia tornato a casa, d\u2019accordo con i medici e con ct. Niente pi\u00f9 di un comunicato scarno della federazione sulla situazione, rilanciato anche dal Liverpool. Niente pi\u00f9 delle spiegazioni volutamente vaghe del ct, che preferisce inevitabilmente pensare a chi ha e alla partita di gioved\u00ec con l\u2019Irlanda del Nord, la prima delle due che, potenzialmente, riporteranno la Nazionale al Mondiale. \u00c8 la missione di Gattuso, l\u2019unica che conta in questo momento. Sarebbe dovuta essere anche la missione di Chiesa, alla prima volta in azzurro dopo l\u2019Europeo 2024, ma quella dell\u2019attaccante del Liverpool non \u00e8 nemmeno cominciata.\u00a0<\/p>\n<p>        situazione\u2014 \u00a0<\/p>\n<p class=\"paragraph\" spellcheck=\"true\">L\u2019ultima partita di Chiesa in Nazionale resta quella del 29 giugno 2024, l\u2019ottavo di finale a Berlino dell\u2019Europeo perso 2-0 con la Svizzera. L\u2019attaccante oggi al Liverpool gioc\u00f2 titolare in quella che era l\u2019Italia di Spalletti, il ct che nel novembre 2023 aveva detto che Fede era \u201cil nostro Sinner\u201d, un paragone che l\u2019attaccante si era portato dietro e che ha sempre detto di considerare un onore. Quella partita a Berlino non ha pi\u00f9 avuto un seguito: Chiesa dopo l\u2019Europeo \u00e8 finito fuori rosa alla Juve, si \u00e8 trasferito al Liverpool dove per tutta la prima stagione ha faticato e ha chiuso giocando pochissimo. Nei pensieri della Nazionale \u00e8 rimasto quando sulla panchina si \u00e8 seduto Gennaro Gattuso: il nuovo ct ha sempre provato a convincere Chiesa a rendersi disponibile, ma il no sembrava fermo. Nessun problema con Gattuso, nessun rifiuto per l\u2019azzurro, ma una scelta personale come aveva pi\u00f9 volte ribadito il ct. Rimasta invariata fino alla settimana scorsa, quando nella sorpresa generale Chiesa era nell\u2019elenco dei convocati per il doppio spareggio. Nonostante a Liverpool continui a giocare poco, nonostante per Slot resti in fondo alle gerarchie dell\u2019attacco anche se il pubblico di Anfield lo adora. E anche se lui ci mette tanto impegno, determinato com\u2019\u00e8 a dimostrare che in Premier League ci pu\u00f2 stare eccome. Mercoled\u00ec scorso, in Champions col Galatasaray, Chiesa ha giocato solo nel finale. Sabato a Brighton, nonostante le assenze di Isak e Salah e l\u2019infortunio a inizio partite di Ekitike, Slot si \u00e8 ricordato del suo attaccante italiano solo a 14\u2019 dalla fine.<\/p>\n<p><a class=\"is-partner-link\" href=\"https:\/\/abbonamenti.gazzetta.it\/calciatori-panini-2025\/?pwcmp_promo_panini_cta&amp;forceBrowser=true\" rel=\"nofollow noopener\" target=\"_blank\">Gazzetta digital + Box Panini + Album a soli 80\u20ac, il modo pi\u00f9 veloce e conveniente per completare la collezione!<\/a><\/p>\n<p>        italia\u2014 \u00a0<\/p>\n<p class=\"paragraph\" spellcheck=\"true\">Le attese per il ritorno in azzurro erano altre. Chiesa andava valutato per la condizione, visto lo scarso minutaggio (una sola volta oltre i 20\u2019 di impiego negli ultimi due mesi), ma la sua classe e la sua esperienza dovevano essere un plus per il gruppo. E il suo impegno, la voglia di spaccare il mondo che mostra ogni volta scende che in campo per il Liverpool, che siano 20\u2019 o il recupero, una risorsa per Gattuso e per l\u2019Italia. Luned\u00ec mattina \u00e8 arrivato per\u00f2 il comunicato dei medici che parlava di scelta, di comune accordo, di mandare a casa il giocatore. Poi la spiegazione di Gattuso: &#8220;Chiesa si \u00e8 presentato, ma aveva dei problemi e abbiamo deciso che era inutile che rimanesse &#8211; ha raccontato il ct in conferenza stampa -. Perch\u00e9 lui non \u00e8 rimasto? Le teste dei giocatori non sono tutte uguali e se uno \u00e8 titubante, devo fare delle scelte. Posso convincere per un po&#8217;, ma se uno non sta bene, non puoi insistere troppo. Ripeto, abbiamo deciso insieme: non stava al 100% e voleva tornare a casa ed \u00e8 giusto che lo abbia fatto\u201d. Come dire, capitolo chiuso, almeno per ora. Il fatto che Chiesa abbia detto s\u00ec alla convocazione lascia intendere che non considera chiusa la sua avventura con la Nazionale. Il fatto che sia tornato indietro, che \u201cle teste dei giocatori non sono tutte uguali\u201d fa capire che i problemi sono altri. Problemi che solo Chiesa pu\u00f2 chiarire. Per ora, anche lui da casa si metter\u00e0 davanti alla televisione gioved\u00ec a tifare Italia, a sperare che la partita con l\u2019Irlanda del Nord diventi il primo passo verso il ritorno al Mondiale.<\/p>\n<p class=\"is-copyright\">\u00a9 RIPRODUZIONE RISERVATA<\/p>\n","protected":false},"excerpt":{"rendered":"Nemmeno il Liverpool ha spiegato l&#8217;abbandono di Federico dal ritiro con la squadra di Gattuso. Ma le parole&hellip;\n","protected":false},"author":3,"featured_media":411417,"comment_status":"","ping_status":"","sticky":false,"template":"","format":"standard","meta":{"footnotes":"","_share_on_mastodon":"0"},"categories":[1452],"tags":[579,562,146803,7920,6475,721,6880,234328,819,234329,2206,2275,6611,5886,3059,3889,7217,1426,1740,11332,11335,11336,3412,5302,1167,2014,2015,1537,90,89,3978,1222,1351,1353,101,1290,3036,3277,8689,1738,3675,1739,245,244,29688,234327],"class_list":["post-411416","post","type-post","status-publish","format-standard","has-post-thumbnail","category-calcio","tag-accordo","tag-attaccante","tag-attaccante-liverpool","tag-azzurro","tag-berlino","tag-calcio","tag-capire","tag-capire-problemi","tag-chiesa","tag-chiesa-presentato","tag-chiuso","tag-comunicato","tag-convincere","tag-ct","tag-deciso","tag-europeo","tag-federico","tag-finale","tag-football","tag-gattuso","tag-gennaro","tag-gennaro-gattuso","tag-giocatori","tag-giovedi","tag-impegno","tag-irlanda","tag-irlanda-nord","tag-it","tag-italia","tag-italy","tag-liverpool","tag-medici","tag-missione","tag-mondiale","tag-nord","tag-partita","tag-presentato","tag-problemi","tag-rimasto","tag-ritiro","tag-ritorno","tag-soccer","tag-sport","tag-sports","tag-teste","tag-teste-giocatori"],"share_on_mastodon":{"url":"","error":"Validation failed: Text character limit of 500 exceeded"},"_links":{"self":[{"href":"https:\/\/www.europesays.com\/it\/wp-json\/wp\/v2\/posts\/411416","targetHints":{"allow":["GET"]}}],"collection":[{"href":"https:\/\/www.europesays.com\/it\/wp-json\/wp\/v2\/posts"}],"about":[{"href":"https:\/\/www.europesays.com\/it\/wp-json\/wp\/v2\/types\/post"}],"author":[{"embeddable":true,"href":"https:\/\/www.europesays.com\/it\/wp-json\/wp\/v2\/users\/3"}],"replies":[{"embeddable":true,"href":"https:\/\/www.europesays.com\/it\/wp-json\/wp\/v2\/comments?post=411416"}],"version-history":[{"count":0,"href":"https:\/\/www.europesays.com\/it\/wp-json\/wp\/v2\/posts\/411416\/revisions"}],"wp:featuredmedia":[{"embeddable":true,"href":"https:\/\/www.europesays.com\/it\/wp-json\/wp\/v2\/media\/411417"}],"wp:attachment":[{"href":"https:\/\/www.europesays.com\/it\/wp-json\/wp\/v2\/media?parent=411416"}],"wp:term":[{"taxonomy":"category","embeddable":true,"href":"https:\/\/www.europesays.com\/it\/wp-json\/wp\/v2\/categories?post=411416"},{"taxonomy":"post_tag","embeddable":true,"href":"https:\/\/www.europesays.com\/it\/wp-json\/wp\/v2\/tags?post=411416"}],"curies":[{"name":"wp","href":"https:\/\/api.w.org\/{rel}","templated":true}]}}