{"id":412271,"date":"2026-03-25T15:13:22","date_gmt":"2026-03-25T15:13:22","guid":{"rendered":"https:\/\/www.europesays.com\/it\/412271\/"},"modified":"2026-03-25T15:13:22","modified_gmt":"2026-03-25T15:13:22","slug":"raphael-sublime-poetry-la-nuova-mostra-su-raffaello-conquista-ny","status":"publish","type":"post","link":"https:\/\/www.europesays.com\/it\/412271\/","title":{"rendered":"&#8216;Raphael: Sublime Poetry&#8217;, la nuova mostra su Raffaello conquista NY"},"content":{"rendered":"<p>L&#8217;esibizione \u00e8 stata inaugurata al Metropolitan Museum, nel cuore della citt\u00e0, e sar\u00e0 visitabile fino al 28 giugno. Tra le opere anche lo Stendardo Processionale della Santissima Trinit\u00e0, presentato come il primo dipinto interamente autografo dell&#8217;artista<\/p>\n<p>Raffaello alla conquista di New York. \u00c8 arrivata una nuova mostra nella Grande Mela, si intitola \u201cRaphael: Sublime Poetry\u201d e sar\u00e0 visitabile al Metropolitan Museum fino al 28 giugno. Citt\u00e0 di Castello e l\u2019Umbria diventano cos\u00ec protagoniste della citt\u00e0 con lo Stendardo Processionale della Santissima Trinit\u00e0, presentato come il primo dipinto interamente autografo dell&#8217;artista.\u00a0Il sindaco di Citt\u00e0 di Castello Luca Secondi e l&#8217;assessore alla Cultura Michela Botteghi hanno dichiarato: \u201cQuesta \u00e8 una mostra straordinaria che scrive la storia dell\u2019arte\u201d.\u00a0<\/p>\n<p>\t\t\t&#8220;Raphael: Sublime Poetry&#8221;: cosa sapere<\/p>\n<p>La mostra antologica, dedicata al genio del Rinascimento italiano, attraversa la vita e le opere dell\u2019artista, dalle origini agli anni straordinari a Firenze, dove si confront\u00f2 con Leonardo da Vinci e Michelangelo, fino agli ultimi anni alla corte del Papa Giulio II a Roma: in tutto 237 opere tra cui 23 dipinti e 142 disegni (175 dello stesso Raffaello). La curatrice della mostra <strong>Carmen C. Bambach<\/strong>, una delle massime esperte del Rinascimento italiano, ha seguito anche il progetto scientifico del restauro dello Stendardo di Raffaello, elaborato dall\u2019ICR (Istituto centrale per il restauro). L&#8217;intervento \u00e8 stato condotto in sinergia con la Soprintendenza Archeologia, Belle Arti e Paesaggio per l\u2019Umbria e con il Comune di Citt\u00e0 di Castello, sotto l&#8217;egida della Direzione Generale Archeologia Belle Arti e Paesaggio del Ministero della Cultura.<\/p>\n<p>\t        <img decoding=\"async\" crossorigin=\"anonymous\" src=\"https:\/\/www.europesays.com\/it\/wp-content\/uploads\/2026\/03\/WhatsApp_Image_2026-03-24_at_12.45.08.jpeg\" class=\"c-inline-image__img j-lazyload\" itemprop=\"contentUrl\" loading=\"lazy\" data-cmp-hook-image=\"image\" alt=\"MET, New York \" title=\"MET, New York \"\/><\/p>\n<p>\t       \tMET, New York   <\/p>\n<p>\t\t\tBambach: &#8220;Raffaello \u00e8 stato un modello di perfezione&#8221;<\/p>\n<p>La curatrice ha spiegato la sua passione per l\u2019artista urbinate facendo un paragone con la contemporaneit\u00e0: &#8220;Mi piace pensare a Raffaello come al pi\u00f9 grande influencer di tutti i tempi: dal Cinquecento fino al tardo Settecento fu venerato come l\u2019artista italiano per eccellenza, insieme a Leonardo da Vinci e Michelangelo. Oggi viene spesso collocato al terzo posto, ma si pu\u00f2 sostenere che sia allo stesso livello e la storia dell\u2019arte lo dimostra: Raffaello \u00e8 stato un modello di perfezione, bellezza, grazia e forza espressiva\u201d.<\/p>\n<p>\t\t\tStendardo Processionale della Santissima Trinit\u00e0, Raffaello<\/p>\n<p>Dipinto olio su tela (166&#215;94 cm per lato), con cornice seicentesca, databile al 1499 circa e conservato nella Sala della Contemplazione della Pinacoteca comunale di Citt\u00e0 di Castello, costituisce una delle prime opere attribuite all&#8217;artista, l&#8217;unico dipinto di Raffaello rimasto a Citt\u00e0 di Castello e l\u2019unica opera mobile dell&#8217;artista in Umbria. Di propriet\u00e0 del comune di Citt\u00e0 di Castello, con un valore stimato di <strong>6 milioni di euro<\/strong>, \u00e8 considerato &#8211; e come tale studiato &#8211; opera di eccezionale valore culturale, sia perch\u00e9 attesta le primissime prove di Raffaello magister sia per il livello artistico, che presenta caratteri propri dell\u2019epoca matura dell\u2019artista.<\/p>\n<p>\t        <img decoding=\"async\" crossorigin=\"anonymous\" src=\"https:\/\/www.europesays.com\/it\/wp-content\/uploads\/2026\/03\/WhatsApp_Image_2026-03-24_at_12.45.06.jpeg\" class=\"c-inline-image__img j-lazyload\" itemprop=\"contentUrl\" loading=\"lazy\" data-cmp-hook-image=\"image\" alt=\"Stendardo Processionale della Santissima Trinit\u00e0, Raffaello\" title=\"Stendardo Processionale della Santissima Trinit\u00e0, Raffaello\"\/><\/p>\n<p>\t       \tStendardo Processionale della Santissima Trinit\u00e0, Raffaello  <\/p>\n<p>\t\t\tSecondi e Botteghi: &#8220;Il restauro dello stendardo \u00e8 il risultato di una grande sinergia tra livelli istituzionali&#8221;<\/p>\n<p>&#8220;Giunge a conclusione oggi un progetto di valorizzazione di grande importanza che il Comune di Citt\u00e0 di Castello ha condiviso con la Soprintendenza Archeologia Beni Culturali e Paesaggio dell\u2019Umbria e con l\u2019Istituto Centrale per il Restauro, a cui va il ringraziamento per avere restituito all\u2019opera la leggibilit\u00e0 che il tempo aveva ridotto\u201d, hanno dichiarato il sindaco di Citt\u00e0 di Castello Luca Secondi e l&#8217;assessore alla Cultura Michela Botteghi, affiancati dal professor Tom Henry fra i pi\u00f9 importanti storici dell\u2019arte al mondo ed il direttore dell\u2019Istituto Centrale per il Restauro, Luigi Oliva. \u201cLo Stendardo \u2013 hanno proseguito &#8211; oggi appare nel suo originale pregio e rilievo artistico, oggetto di nuove e approfondite indagini diagnostiche e storiche, che porteranno nuova luce anche sulla sua genesi. Vogliamo sottolineare come elemento rilevante la significativa sinergia tra livelli istituzionali che ha accompagnato questo complesso intervento e che si integra alla collaborazione con il MET che ha sostenuto il restauro\u201d.<\/p>\n<p>\t\t\tGiuli: &#8220;Ci impegniamo a condividere il nostro patrimonio&#8221;\u00a0<\/p>\n<p>\u201cCirca 50 opere vengono dall&#8217;Italia, uno dei partner pi\u00f9 preziosi del Met&#8221; ha dichiarato il direttore Max Hollein, luned\u00ec nel corso dell\u2019inaugurazione alla presenza del ministro della Cultura, Alessandro Giuli, che ha osservato come, &#8220;i prestiti italiani testimoniano una alleanza strategica e l&#8217;impegno a condividere il nostro patrimonio con il pubblico globale&#8221;.<\/p>\n<p>\t        <img decoding=\"async\" crossorigin=\"anonymous\" src=\"https:\/\/www.europesays.com\/it\/wp-content\/uploads\/2026\/03\/WhatsApp_Image_2026-03-24_at_12.45.07_1.jpeg\" class=\"c-inline-image__img j-lazyload\" itemprop=\"contentUrl\" loading=\"lazy\" data-cmp-hook-image=\"image\" alt=\"MET, New York \" title=\"MET, New York \"\/><\/p>\n<p>\t       \tMET, New York   <\/p>\n<p>\t            TAG:<\/p>\n","protected":false},"excerpt":{"rendered":"L&#8217;esibizione \u00e8 stata inaugurata al Metropolitan Museum, nel cuore della citt\u00e0, e sar\u00e0 visitabile fino al 28 giugno.&hellip;\n","protected":false},"author":3,"featured_media":412272,"comment_status":"","ping_status":"","sticky":false,"template":"","format":"standard","meta":{"footnotes":"","_share_on_mastodon":"0"},"categories":[1446],"tags":[1615,1613,1614,1611,1610,1612,203,204,1537,90,89,90265],"class_list":["post-412271","post","type-post","status-publish","format-standard","has-post-thumbnail","category-arte-e-design","tag-arte","tag-arte-e-design","tag-arteedesign","tag-arts","tag-arts-and-design","tag-design","tag-entertainment","tag-intrattenimento","tag-it","tag-italia","tag-italy","tag-opere-d"],"share_on_mastodon":{"url":"https:\/\/pubeurope.com\/@it\/116290467003172519","error":""},"_links":{"self":[{"href":"https:\/\/www.europesays.com\/it\/wp-json\/wp\/v2\/posts\/412271","targetHints":{"allow":["GET"]}}],"collection":[{"href":"https:\/\/www.europesays.com\/it\/wp-json\/wp\/v2\/posts"}],"about":[{"href":"https:\/\/www.europesays.com\/it\/wp-json\/wp\/v2\/types\/post"}],"author":[{"embeddable":true,"href":"https:\/\/www.europesays.com\/it\/wp-json\/wp\/v2\/users\/3"}],"replies":[{"embeddable":true,"href":"https:\/\/www.europesays.com\/it\/wp-json\/wp\/v2\/comments?post=412271"}],"version-history":[{"count":0,"href":"https:\/\/www.europesays.com\/it\/wp-json\/wp\/v2\/posts\/412271\/revisions"}],"wp:featuredmedia":[{"embeddable":true,"href":"https:\/\/www.europesays.com\/it\/wp-json\/wp\/v2\/media\/412272"}],"wp:attachment":[{"href":"https:\/\/www.europesays.com\/it\/wp-json\/wp\/v2\/media?parent=412271"}],"wp:term":[{"taxonomy":"category","embeddable":true,"href":"https:\/\/www.europesays.com\/it\/wp-json\/wp\/v2\/categories?post=412271"},{"taxonomy":"post_tag","embeddable":true,"href":"https:\/\/www.europesays.com\/it\/wp-json\/wp\/v2\/tags?post=412271"}],"curies":[{"name":"wp","href":"https:\/\/api.w.org\/{rel}","templated":true}]}}