{"id":412618,"date":"2026-03-25T20:33:16","date_gmt":"2026-03-25T20:33:16","guid":{"rendered":"https:\/\/www.europesays.com\/it\/412618\/"},"modified":"2026-03-25T20:33:16","modified_gmt":"2026-03-25T20:33:16","slug":"volta-a-catalunya-2026-caduta-e-ritiro-per-jay-vine-nella-terza-tappa","status":"publish","type":"post","link":"https:\/\/www.europesays.com\/it\/412618\/","title":{"rendered":"Volta a Catalunya 2026, caduta e ritiro per Jay Vine nella terza tappa"},"content":{"rendered":"<p>\t\t<img width=\"1200\" height=\"675\" src=\"https:\/\/www.europesays.com\/it\/wp-content\/uploads\/2026\/03\/Vine-ritiro-tappa-3-Volta-a-Catalunya-2026.jpg\" class=\"attachment-full size-full wp-post-image\" alt=\"\" data-main-img=\"1\" decoding=\"async\" fetchpriority=\"high\"  \/><\/p>\n<p>\t\t\t\t\t<a href=\"https:\/\/cyclingpro.net\/spaziociclismo\/altro\/scopri-lapp-ufficiale-di-spaziociclismo\/\" title=\"\" rel=\"nofollow noopener\" target=\"_blank\"><br \/>\n\t\t\t\t\t\t<img loading=\"lazy\" decoding=\"async\" src=\"https:\/\/www.europesays.com\/it\/wp-content\/uploads\/2025\/09\/1758060682_662_Banner-App-SpazioCiclismo.png\" alt=\"\" width=\"728\" height=\"91\"\/><br \/>\n\t\t\t\t\t<\/a><\/p>\n<p>Continua il periodo sfortunato per la <strong>UAE Team Emirates XRG<\/strong> e per<strong> Jay Vine<\/strong>. Appena rientrato alle corse alla <strong>Volta a Catalunya 2026<\/strong> dopo uno stop di due mesi per via di <a href=\"https:\/\/cyclingpro.net\/spaziociclismo\/worldtour\/uae-team-emirates-xrg-anche-jay-vine-ha-saubito-una-frattura-nella-caduta-provocata-da-un-canguro\/\" rel=\"nofollow noopener\" target=\"_blank\">una frattura allo scafoide riportata al Tour Down Under<\/a>, l\u2019australiano \u00e8 stato coinvolto in una caduta avvenuta a una settantina di chilometri dal traguardo della terza tappa della gara spagnola, finendo a terra con il compagno di squadra<strong> Ivo Oliveira<\/strong> e altri corridori. Se il portoghese \u00e8 per\u00f2 riuscito a ripartire, il 30enne \u00e8 apparso sin da subito abbastanza dolorante ed \u00e8 stato infine costretto ad abbandonare la corsa, salendo in ammiraglia.<\/p>\n<p>Seguiranno maggiori informazioni<\/p>\n<p>Seguici<\/p>\n<p>\t\t\t\t\t\t\t\t\t\t<a href=\"https:\/\/news.google.com\/publications\/CAAqBwgKMNaVhQswhaiCAw?hl=it&amp;gl=IT&amp;ceid=IT%3Ait\" title=\"Google News\" target=\"_blank\" rel=\"nofollow noopener\" class=\"post-followus-btn google-new-btn\"><br \/>\n\t\t\t\t\t\t<img decoding=\"async\" src=\"https:\/\/cyclingpro.net\/spaziociclismo\/wp-content\/themes\/jannah\/assets\/images\/google-news.svg\" alt=\"Google News\" loading=\"lazy\" width=\"120\" height=\"22\"\/><br \/>\n\t\t\t\t\t<\/a><br \/>\n\t\t\t\t\t\t\t\t\t\t<a href=\"https:\/\/flipboard.com\/@SpazioCiclismo\" title=\"Flipboard\" target=\"_blank\" rel=\"nofollow noopener\" class=\"post-followus-btn flipboard-btn\"><br \/>\n\t\t\t\t\t\t<img decoding=\"async\" src=\"https:\/\/cyclingpro.net\/spaziociclismo\/wp-content\/themes\/jannah\/assets\/images\/flipboard.svg\" alt=\"Flipboard\" loading=\"lazy\" width=\"152\" height=\"30\"\/><br \/>\n\t\t\t\t\t<\/a><\/p>\n","protected":false},"excerpt":{"rendered":"Continua il periodo sfortunato per la UAE Team Emirates XRG e per Jay Vine. Appena rientrato alle corse&hellip;\n","protected":false},"author":3,"featured_media":412619,"comment_status":"","ping_status":"","sticky":false,"template":"","format":"standard","meta":{"footnotes":"","_share_on_mastodon":"0"},"categories":[1456],"tags":[1824,1825,1537,90,89,19068,245,244,145510,184728],"class_list":["post-412618","post","type-post","status-publish","format-standard","has-post-thumbnail","category-ciclismo","tag-ciclismo","tag-cycling","tag-it","tag-italia","tag-italy","tag-jay-vine","tag-sport","tag-sports","tag-uae-team-emirates-xrg-2026","tag-volta-a-catalunya-2026"],"share_on_mastodon":{"url":"https:\/\/pubeurope.com\/@it\/116291725401709177","error":""},"_links":{"self":[{"href":"https:\/\/www.europesays.com\/it\/wp-json\/wp\/v2\/posts\/412618","targetHints":{"allow":["GET"]}}],"collection":[{"href":"https:\/\/www.europesays.com\/it\/wp-json\/wp\/v2\/posts"}],"about":[{"href":"https:\/\/www.europesays.com\/it\/wp-json\/wp\/v2\/types\/post"}],"author":[{"embeddable":true,"href":"https:\/\/www.europesays.com\/it\/wp-json\/wp\/v2\/users\/3"}],"replies":[{"embeddable":true,"href":"https:\/\/www.europesays.com\/it\/wp-json\/wp\/v2\/comments?post=412618"}],"version-history":[{"count":0,"href":"https:\/\/www.europesays.com\/it\/wp-json\/wp\/v2\/posts\/412618\/revisions"}],"wp:featuredmedia":[{"embeddable":true,"href":"https:\/\/www.europesays.com\/it\/wp-json\/wp\/v2\/media\/412619"}],"wp:attachment":[{"href":"https:\/\/www.europesays.com\/it\/wp-json\/wp\/v2\/media?parent=412618"}],"wp:term":[{"taxonomy":"category","embeddable":true,"href":"https:\/\/www.europesays.com\/it\/wp-json\/wp\/v2\/categories?post=412618"},{"taxonomy":"post_tag","embeddable":true,"href":"https:\/\/www.europesays.com\/it\/wp-json\/wp\/v2\/tags?post=412618"}],"curies":[{"name":"wp","href":"https:\/\/api.w.org\/{rel}","templated":true}]}}