{"id":412800,"date":"2026-03-25T23:06:20","date_gmt":"2026-03-25T23:06:20","guid":{"rendered":"https:\/\/www.europesays.com\/it\/412800\/"},"modified":"2026-03-25T23:06:20","modified_gmt":"2026-03-25T23:06:20","slug":"askatasuna-e-no-kings-previste-15mila-persone-in-piazza","status":"publish","type":"post","link":"https:\/\/www.europesays.com\/it\/412800\/","title":{"rendered":"Askatasuna e No Kings, previste 15mila persone in piazza"},"content":{"rendered":"<p>Roma blindata. Il lavoro della digos e del nucleo informativo dei carabinieri \u00e8 gi\u00e0 iniziato e sotto la lente c&#8217;\u00e8 la manifestazione prevista per sabato 28 marzo nella Capitale. In piazza scender\u00e0 il movimento No Kings Italia nell&#8217;ambito della mobilitazione globale in programma nel fine settimana &#8220;Together. Contro i Re e le loro guerre&#8221;.<\/p>\n<p>No Kings Roma<\/p>\n<p>Si attendono, come da preavviso, inviato regolarmente in questura, 15mila persone, ma il numero &#8211; all&#8217;indomani della vittoria del <a href=\"https:\/\/www.romatoday.it\/politica\/risultati-referendum-giustizia-municipi-roma.html\" rel=\"nofollow noopener\" target=\"_blank\">no al referendum<\/a> &#8211; potrebbe essere anche superiore. La manifestazione \u00e8 stata gi\u00e0 al centro di alcune riunioni in prefettura, nel corso delle quali \u00e8 stata fatta un&#8217;analisi approfondita, poi sar\u00e0 all&#8217;ordine del giorno del comitato provinciale per l&#8217;ordine e la sicurezza pubblica che si terr\u00e0 gioved\u00ec.<\/p>\n<p>Il piano sicurezza<\/p>\n<p>I dettagli del piano sicurezza saranno infine messi a punto nel corso del tavolo tecnico che si terr\u00e0 in questura dopo il comitato.<\/p>\n<p>Attenzione massima<\/p>\n<p>L&#8217;attenzione \u00e8 massima. La data del 28 marzo, infatti, era nota da tempo ed era stata scelta dagli attivisti di Askatasuna nell&#8217;ambito di una serie di mobilitazioni avviate dopo lo sgombero, che risale al 18 dicembre scorso, e da subito era stato considerato un appuntamento delicato sul fronte della sicurezza. Ora dopo l&#8217;esplosione nel casolare al parco degli Acquedotti di Roma, dove i due <a href=\"https:\/\/www.romatoday.it\/tag\/anarchici\/\" rel=\"nofollow noopener\" target=\"_blank\">anarchici<\/a> Sara Ardizzone e Alessandro Mecogliano sono morti costruendo un ordigno, il livello di attenzione \u00e8 stato elevato anche se, dal monitoraggio degli investigatori, al momento non emergono allarmi particolari.<\/p>\n<p>Timore infiltrati<\/p>\n<p>Il timore \u00e8 legato alla possibilit\u00e0 che frange estreme possano infiltrarsi al corteo. In particolare saranno monitorati gli arrivi da fuori regione, con controlli negli snodi principali, come stazioni di treni e pullman, ma anche ai caselli autostradali, che si faranno sempre pi\u00f9 stringenti, a ridosso dell&#8217;evento.<\/p>\n<p>Il corteo No Kings Roma<\/p>\n<p>La partenza del corteo \u00e8 prevista alle 14 da piazza della Repubblica e raggiunger\u00e0 piazza San Giovanni, passando per via Luigi Einaudi, piazza dei Cinquecento, via Cavour, piazza dell&#8217;Esquilino, via Liberiana, piazza Santa Maria Maggiore, via Merulana.<\/p>\n<p><img decoding=\"async\" src=\"https:\/\/www.europesays.com\/it\/wp-content\/uploads\/2026\/03\/no-kings-italia.jpg\" alt=\"No Kings Italia\" title=\"No Kings Roma\"\/><\/p>\n","protected":false},"excerpt":{"rendered":"Roma blindata. Il lavoro della digos e del nucleo informativo dei carabinieri \u00e8 gi\u00e0 iniziato e sotto la&hellip;\n","protected":false},"author":3,"featured_media":412801,"comment_status":"","ping_status":"","sticky":false,"template":"","format":"standard","meta":{"footnotes":"","_share_on_mastodon":"0"},"categories":[6],"tags":[53964,14,8,1537,90,89,13166,7,15,82,9,83,10,13,11,80,84,12,81,85],"class_list":["post-412800","post","type-post","status-publish","format-standard","has-post-thumbnail","category-ultime-notizie","tag-cortei","tag-cronaca","tag-headlines","tag-it","tag-italia","tag-italy","tag-manifestazioni","tag-news","tag-notizie","tag-notizie-di-cronaca","tag-notizie-principali","tag-notiziedicronaca","tag-notizieprincipali","tag-titoli","tag-ultime-notizie","tag-ultime-notizie-di-cronaca","tag-ultime-notizie-e-news-di-oggi","tag-ultimenotizie","tag-ultimenotiziedicronaca","tag-ultimenotizieenewsdioggi"],"share_on_mastodon":{"url":"https:\/\/pubeurope.com\/@it\/116292326939984193","error":""},"_links":{"self":[{"href":"https:\/\/www.europesays.com\/it\/wp-json\/wp\/v2\/posts\/412800","targetHints":{"allow":["GET"]}}],"collection":[{"href":"https:\/\/www.europesays.com\/it\/wp-json\/wp\/v2\/posts"}],"about":[{"href":"https:\/\/www.europesays.com\/it\/wp-json\/wp\/v2\/types\/post"}],"author":[{"embeddable":true,"href":"https:\/\/www.europesays.com\/it\/wp-json\/wp\/v2\/users\/3"}],"replies":[{"embeddable":true,"href":"https:\/\/www.europesays.com\/it\/wp-json\/wp\/v2\/comments?post=412800"}],"version-history":[{"count":0,"href":"https:\/\/www.europesays.com\/it\/wp-json\/wp\/v2\/posts\/412800\/revisions"}],"wp:featuredmedia":[{"embeddable":true,"href":"https:\/\/www.europesays.com\/it\/wp-json\/wp\/v2\/media\/412801"}],"wp:attachment":[{"href":"https:\/\/www.europesays.com\/it\/wp-json\/wp\/v2\/media?parent=412800"}],"wp:term":[{"taxonomy":"category","embeddable":true,"href":"https:\/\/www.europesays.com\/it\/wp-json\/wp\/v2\/categories?post=412800"},{"taxonomy":"post_tag","embeddable":true,"href":"https:\/\/www.europesays.com\/it\/wp-json\/wp\/v2\/tags?post=412800"}],"curies":[{"name":"wp","href":"https:\/\/api.w.org\/{rel}","templated":true}]}}