{"id":413303,"date":"2026-03-26T08:33:13","date_gmt":"2026-03-26T08:33:13","guid":{"rendered":"https:\/\/www.europesays.com\/it\/413303\/"},"modified":"2026-03-26T08:33:13","modified_gmt":"2026-03-26T08:33:13","slug":"tragica-carambola-in-a1-lauto-sbanda-e-viene-travolta-da-due-camion-un-48enne-muore-nellincidente","status":"publish","type":"post","link":"https:\/\/www.europesays.com\/it\/413303\/","title":{"rendered":"Tragica carambola in A1, l\u2019auto sbanda e viene travolta da due camion. Un 48enne muore nell\u2019incidente"},"content":{"rendered":"<p>Barberino del Mugello (Firenze), 26 marzo 2026 \u2013\u00a0Una tragica carambola, l\u2019auto perde il controllo a causa della grandinata e <strong>viene travolta da due camion<\/strong>. E\u2019 successo poco dopo la mezzanotte di oggi, gioved\u00ec 26 marzo, nel tratto appenninico dell\u2019Autostrada del Sole. L\u2019incidente \u00e8 costato la vita <strong>ad un uomo di 48 anni<\/strong>, mentre una seconda persona che in quel momento era in macchina con lui \u00e8 rimasta ferita.<\/p>\n<p> <img alt=\"I vigili del fuoco hanno estratto dall'auto il corpo senza vita del 48enne (Foto di repertorio)\" loading=\"lazy\" width=\"2048\" height=\"1536\" decoding=\"async\" data-nimg=\"1\" style=\"color:transparent;max-width:100%;height:auto\"   src=\"https:\/\/www.europesays.com\/it\/wp-content\/uploads\/2026\/03\/i-vigili-del-fuoco-hanno-estratto-dall-auto-il-corpo-senza-vita-del-48enne-foto-di-repertorio.webp.webp\"\/><\/p>\n<p>I vigili del fuoco hanno estratto dall&#8217;auto il corpo senza vita del 48enne (Foto di repertorio)<\/p>\n<p>L\u2019incidente a causa della grandine <\/p>\n<p>In base a quanto appreso, lo schianto <strong>si \u00e8 verificato intorno a mezzanotte e mezzo<\/strong>\u00a0sul tratto autostradale A1 al km 258 in direzione Sud, nel Comune di Barberino del Mugello. Sul posto sono immediatamente intervenuti i vigili del fuoco del comando di Firenze, distaccamento di Barberino di Mugello. L\u2019auto su cui viaggiava il 48enne\u00a0ha perso il controllo in uscita dalla galleria ed \u00e8 finita contro un mezzo pesante in un&#8217;isola di sosta, per poi tornare al centro della carreggiata dove <strong>\u00e8 stata urtata violentemente da altri due mezzi pesanti<\/strong> che stavano transitando. Al momento dell\u2019evento la zona era interessata da una forte perturbazione con grandine.<\/p>\n<p>Approfondisci:<\/p>\n<p><a href=\"https:\/\/www.lanazione.it\/arezzo\/cronaca\/bloccata-auto-neve-y4u9eten\" class=\"ArticleEmbed_article__embed__content__Jzqnz\" rel=\"nofollow noopener\" target=\"_blank\">Bloccata con l\u2019auto nella bufera di neve, l\u2019intervento dei vigili del fuoco per liberare una donna<img alt=\"Bloccata con l\u2019auto nella bufera di neve, l\u2019intervento dei vigili del fuoco per liberare una donna\" loading=\"lazy\" width=\"140\" height=\"78\" decoding=\"async\" data-nimg=\"1\" style=\"color:transparent\"  src=\"https:\/\/www.europesays.com\/it\/wp-content\/uploads\/2026\/03\/i-mezzi-dei-vigili-del-fuoco-in-azione-alla-consuma.webp.webp\"\/><\/a> <\/p>\n<p>Inutili i soccorsi <\/p>\n<p>I Vigili del fuoco hanno estratto dall\u2019abitacolo l\u2019uomo, ma le ferite riportate <strong>erano davvero troppo gravi, <\/strong>tant&#8217;\u00e8 che il medico intervenuto insieme ai sanitari del 118 ne ha constatato il decesso sul posto, mentre la seconda persona \u00e8 stata soccorsa dal personale sanitario e trasportata in ospedale. La circolazione <strong>\u00e8 rimasta a lungo bloccata per consentire le operazioni di soccorso<\/strong>. Durante la notte, con il sopraggiungere delle avverse condizioni meteo sono stati effettuati altri 6 interventi nella provinciale, per alberi caduti e rami pericolanti.<\/p>\n","protected":false},"excerpt":{"rendered":"Barberino del Mugello (Firenze), 26 marzo 2026 \u2013\u00a0Una tragica carambola, l\u2019auto perde il controllo a causa della grandinata&hellip;\n","protected":false},"author":3,"featured_media":413304,"comment_status":"","ping_status":"","sticky":false,"template":"","format":"standard","meta":{"footnotes":"","_share_on_mastodon":"0"},"categories":[79],"tags":[2765,691,132011,14,93,94,298,1537,90,89,13293,7,15,204977,28160,13291,11,84,91,12,85,92,2529],"class_list":["post-413303","post","type-post","status-publish","format-standard","has-post-thumbnail","category-italia","tag-auto","tag-camion","tag-carambola","tag-cronaca","tag-cronaca-italiana","tag-cronacaitaliana","tag-incidente","tag-it","tag-italia","tag-italy","tag-muore","tag-news","tag-notizie","tag-sbanda","tag-tragica","tag-travolta","tag-ultime-notizie","tag-ultime-notizie-e-news-di-oggi","tag-ultime-notizie-italia","tag-ultimenotizie","tag-ultimenotizieenewsdioggi","tag-ultimenotizieitalia","tag-viene"],"share_on_mastodon":{"url":"","error":""},"_links":{"self":[{"href":"https:\/\/www.europesays.com\/it\/wp-json\/wp\/v2\/posts\/413303","targetHints":{"allow":["GET"]}}],"collection":[{"href":"https:\/\/www.europesays.com\/it\/wp-json\/wp\/v2\/posts"}],"about":[{"href":"https:\/\/www.europesays.com\/it\/wp-json\/wp\/v2\/types\/post"}],"author":[{"embeddable":true,"href":"https:\/\/www.europesays.com\/it\/wp-json\/wp\/v2\/users\/3"}],"replies":[{"embeddable":true,"href":"https:\/\/www.europesays.com\/it\/wp-json\/wp\/v2\/comments?post=413303"}],"version-history":[{"count":0,"href":"https:\/\/www.europesays.com\/it\/wp-json\/wp\/v2\/posts\/413303\/revisions"}],"wp:featuredmedia":[{"embeddable":true,"href":"https:\/\/www.europesays.com\/it\/wp-json\/wp\/v2\/media\/413304"}],"wp:attachment":[{"href":"https:\/\/www.europesays.com\/it\/wp-json\/wp\/v2\/media?parent=413303"}],"wp:term":[{"taxonomy":"category","embeddable":true,"href":"https:\/\/www.europesays.com\/it\/wp-json\/wp\/v2\/categories?post=413303"},{"taxonomy":"post_tag","embeddable":true,"href":"https:\/\/www.europesays.com\/it\/wp-json\/wp\/v2\/tags?post=413303"}],"curies":[{"name":"wp","href":"https:\/\/api.w.org\/{rel}","templated":true}]}}