{"id":413542,"date":"2026-03-26T11:58:23","date_gmt":"2026-03-26T11:58:23","guid":{"rendered":"https:\/\/www.europesays.com\/it\/413542\/"},"modified":"2026-03-26T11:58:23","modified_gmt":"2026-03-26T11:58:23","slug":"mini-case-da-13-mq-elle-decor","status":"publish","type":"post","link":"https:\/\/www.europesays.com\/it\/413542\/","title":{"rendered":"Mini-case da 13 mq | Elle Decor"},"content":{"rendered":"<p data-journey-content=\"true\" data-node-id=\"6\" class=\"css-6wxqfj emevuu60\">Lo studio <strong data-node-id=\"6.1\">Madeiguincho<\/strong> ha realizzato un progetto innovativo ad Alqueva, una regione dell&#8217;Alentejo nota per il suo paesaggio montuoso e il cielo stellato, ideale per l&#8217;astroturismo. Con &#8220;Terra 1 2 3&#8221;, hanno creato <strong data-node-id=\"6.3\">tre <a href=\"https:\/\/www.elledecor.com\/it\/case\/g69726155\/mini-case-piu-belle-2025\/\" target=\"_blank\" data-vars-ga-outbound-link=\"https:\/\/www.elledecor.com\/it\/case\/g69726155\/mini-case-piu-belle-2025\/\" data-vars-ga-ux-element=\"Hyperlink\" data-vars-ga-call-to-action=\"mini case\" data-node-id=\"6.3.1\" class=\"body-link css-g36lkp emevuu60\" rel=\"nofollow noopener\">mini case<\/a> <\/strong>progettate per offrire un&#8217;esperienza di vita in perfetta armonia con l&#8217;ambiente naturale. Questo progetto si distingue per il rispetto del patrimonio architettonico locale e per l&#8217;attenzione alla sostenibilit\u00e0 e all&#8217;efficienza energetica. Ciascuna delle mini case, di <strong data-node-id=\"6.5\">13 metri-quadrati<\/strong>, \u00e8 situata strategicamente in diversi punti di una tenuta dedicata all&#8217;agricoltura rigenerativa. Questa posizione offre una vista mozzafiato sul bacino idrico di Alqueva, una delle pi\u00f9 grandi dighe d&#8217;Europa, consentendo al contempo una perfetta integrazione con l&#8217;ambiente boschivo e i <a href=\"https:\/\/www.elledecor.com\/it\/arte\/a70743101\/restauro-statue-isola-di-pasqua\/\" target=\"_blank\" data-vars-ga-outbound-link=\"https:\/\/www.elledecor.com\/it\/arte\/a70743101\/restauro-statue-isola-di-pasqua\/\" data-vars-ga-ux-element=\"Hyperlink\" data-vars-ga-call-to-action=\"monumenti megalitici\" data-node-id=\"6.7\" class=\"body-link css-g36lkp emevuu60\" rel=\"nofollow noopener\">monumenti megalitici<\/a> che caratterizzano la regione.<\/p>\n<p><img draggable=\"true\" alt=\"3 mini casas de madera, sostenibles y de 13 metros cuadrados inspiradas en la arquitectura portuguesa y perfectas para ver las estrellas\" title=\"3 mini casas de madera, sostenibles y de 13 metros cuadrados inspiradas en la arquitectura portuguesa y perfectas para ver las estrellas\" loading=\"lazy\" width=\"1181\" height=\"1654\" decoding=\"async\" data-nimg=\"1\" style=\"color:transparent;width:100%;height:auto;\"   src=\"https:\/\/www.europesays.com\/it\/wp-content\/uploads\/2026\/03\/02-mini-casa-terra-3-66d571adc8fab.jpg\" class=\"css-0 e1g79fud0\"\/><\/p>\n<p>Jo\u00e3o Carranca<\/p>\n<p><img draggable=\"true\" alt=\"3 mini casas de madera, sostenibles y de 13 metros cuadrados inspiradas en la arquitectura portuguesa y perfectas para ver las estrellas\" title=\"3 mini casas de madera, sostenibles y de 13 metros cuadrados inspiradas en la arquitectura portuguesa y perfectas para ver las estrellas\" loading=\"lazy\" width=\"1417\" height=\"2126\" decoding=\"async\" data-nimg=\"1\" style=\"color:transparent;width:100%;height:auto;\"   src=\"https:\/\/www.europesays.com\/it\/wp-content\/uploads\/2026\/03\/1-mini-casa-terra-3-66d571ae3a5a7.jpg\" class=\"css-0 e1g79fud0\"\/><\/p>\n<p>Jo\u00e3o Carranca<\/p>\n<p><img draggable=\"true\" alt=\"3 mini casas de madera, sostenibles y de 13 metros cuadrados inspiradas en la arquitectura portuguesa y perfectas para ver las estrellas\" title=\"3 mini casas de madera, sostenibles y de 13 metros cuadrados inspiradas en la arquitectura portuguesa y perfectas para ver las estrellas\" loading=\"lazy\" width=\"1181\" height=\"1850\" decoding=\"async\" data-nimg=\"1\" style=\"color:transparent;width:100%;height:auto;\"   src=\"https:\/\/www.europesays.com\/it\/wp-content\/uploads\/2026\/03\/01-mini-casa-terra-3-66d571af10d1f.jpg\" class=\"css-0 e1g79fud0\"\/><\/p>\n<p>Jo\u00e3o Carranca<\/p>\n<p><img draggable=\"true\" alt=\"3 mini casas de madera, sostenibles y de 13 metros cuadrados inspiradas en la arquitectura portuguesa y perfectas para ver las estrellas\" title=\"3 mini casas de madera, sostenibles y de 13 metros cuadrados inspiradas en la arquitectura portuguesa y perfectas para ver las estrellas\" loading=\"lazy\" width=\"1772\" height=\"2657\" decoding=\"async\" data-nimg=\"1\" style=\"color:transparent;width:100%;height:auto;\"   src=\"https:\/\/www.europesays.com\/it\/wp-content\/uploads\/2026\/03\/3-mini-casa-terra-3-66d571af0a8b7.jpg\" class=\"css-0 e1g79fud0\"\/><\/p>\n<p>Jo\u00e3o Carranca<\/p>\n<p><img draggable=\"true\" alt=\"3 mini casas de madera, sostenibles y de 13 metros cuadrados inspiradas en la arquitectura portuguesa y perfectas para ver las estrellas\" title=\"3 mini casas de madera, sostenibles y de 13 metros cuadrados inspiradas en la arquitectura portuguesa y perfectas para ver las estrellas\" loading=\"lazy\" width=\"2362\" height=\"3543\" decoding=\"async\" data-nimg=\"1\" style=\"color:transparent;width:100%;height:auto;\"   src=\"https:\/\/www.europesays.com\/it\/wp-content\/uploads\/2026\/03\/2-mini-casa-terra-3-66d571af4d4a3.jpg\" class=\"css-0 e1g79fud0\"\/><\/p>\n<p>Jo\u00e3o Carranca<\/p>\n<p data-journey-content=\"true\" data-node-id=\"18\" class=\"css-6wxqfj emevuu60\">Il design di queste mini-case trae profonda ispirazione dalle abitazioni tradizionali di Taipa dell\u2019Alentejo, note per le loro facciate monolitiche bianche, e dai monumenti megalitici presenti nella zona. Il team di Madeiguincho ha reinterpretato questi elementi per creare spazi abitativi che siano, al tempo stesso, <strong data-node-id=\"18.1\">moderni e rispettosi del contesto storico<\/strong> e naturale. L&#8217;interno delle case combina finiture in legno sbiancato con calce, seguendo la tradizione della regione, e pavimenti in pino portoghese. All&#8217;esterno, le facciate sono rivestite con corteccia di <strong data-node-id=\"18.3\"><a href=\"https:\/\/www.elledecor.com\/it\/case\/a46643750\/ristrutturare-con-il-sughero-lesempio-che-arriva-da-londra\/\" target=\"_blank\" data-vars-ga-outbound-link=\"https:\/\/www.elledecor.com\/it\/case\/a46643750\/ristrutturare-con-il-sughero-lesempio-che-arriva-da-londra\/\" data-vars-ga-ux-element=\"Hyperlink\" data-vars-ga-call-to-action=\"sughero\" data-node-id=\"18.3.0\" class=\"body-link css-g36lkp emevuu60\" rel=\"nofollow noopener\">sughero<\/a><\/strong>, un omaggio alle querce da sughero della foresta circostante, che fornisce inoltre un eccellente isolamento termico. Questa scelta di materiali non solo collega le case con l&#8217;ambiente circostante, ma promuove anche la sostenibilit\u00e0.<\/p>\n<p><img draggable=\"true\" alt=\"3 mini casas de madera, sostenibles y de 13 metros cuadrados inspiradas en la arquitectura portuguesa y perfectas para ver las estrellas\" title=\"3 mini casas de madera, sostenibles y de 13 metros cuadrados inspiradas en la arquitectura portuguesa y perfectas para ver las estrellas\" loading=\"lazy\" width=\"1181\" height=\"1475\" decoding=\"async\" data-nimg=\"1\" style=\"color:transparent;width:100%;height:auto;\"   src=\"https:\/\/www.europesays.com\/it\/wp-content\/uploads\/2026\/03\/4-mini-casa-terra-2-66d571cf62549.jpg\" class=\"css-0 e1g79fud0\"\/><\/p>\n<p>Jo\u00e3o Carranca<\/p>\n<p><img draggable=\"true\" alt=\"3 mini casas de madera, sostenibles y de 13 metros cuadrados inspiradas en la arquitectura portuguesa y perfectas para ver las estrellas\" title=\"3 mini casas de madera, sostenibles y de 13 metros cuadrados inspiradas en la arquitectura portuguesa y perfectas para ver las estrellas\" loading=\"lazy\" width=\"2362\" height=\"1734\" decoding=\"async\" data-nimg=\"1\" style=\"color:transparent;width:100%;height:auto;\"   src=\"https:\/\/www.europesays.com\/it\/wp-content\/uploads\/2026\/03\/8-mini-casa-terra-2-66d571cfcba28.jpg\" class=\"css-0 e1g79fud0\"\/><\/p>\n<p>Jo\u00e3o Carranca<\/p>\n<p><img draggable=\"true\" alt=\"3 mini casas de madera, sostenibles y de 13 metros cuadrados inspiradas en la arquitectura portuguesa y perfectas para ver las estrellas\" title=\"3 mini casas de madera, sostenibles y de 13 metros cuadrados inspiradas en la arquitectura portuguesa y perfectas para ver las estrellas\" loading=\"lazy\" width=\"2008\" height=\"2510\" decoding=\"async\" data-nimg=\"1\" style=\"color:transparent;width:100%;height:auto;\"   src=\"https:\/\/www.europesays.com\/it\/wp-content\/uploads\/2026\/03\/6-mini-casa-terra-2-66d571cfd7ed8.jpg\" class=\"css-0 e1g79fud0\"\/><\/p>\n<p>Jo\u00e3o Carranca<\/p>\n<p><img draggable=\"true\" alt=\"3 mini casas de madera, sostenibles y de 13 metros cuadrados inspiradas en la arquitectura portuguesa y perfectas para ver las estrellas\" title=\"3 mini casas de madera, sostenibles y de 13 metros cuadrados inspiradas en la arquitectura portuguesa y perfectas para ver las estrellas\" loading=\"lazy\" width=\"1772\" height=\"2214\" decoding=\"async\" data-nimg=\"1\" style=\"color:transparent;width:100%;height:auto;\"   src=\"https:\/\/www.europesays.com\/it\/wp-content\/uploads\/2026\/03\/9-mini-casa-terra-2-66d571cfed583.jpg\" class=\"css-0 e1g79fud0\"\/><\/p>\n<p>Jo\u00e3o Carranca<\/p>\n<p><img draggable=\"true\" alt=\"3 mini casas de madera, sostenibles y de 13 metros cuadrados inspiradas en la arquitectura portuguesa y perfectas para ver las estrellas\" title=\"3 mini casas de madera, sostenibles y de 13 metros cuadrados inspiradas en la arquitectura portuguesa y perfectas para ver las estrellas\" loading=\"lazy\" width=\"1772\" height=\"2215\" decoding=\"async\" data-nimg=\"1\" style=\"color:transparent;width:100%;height:auto;\"   src=\"https:\/\/www.europesays.com\/it\/wp-content\/uploads\/2026\/03\/5-mini-casa-terra-2-66d571cfea403.jpg\" class=\"css-0 e1g79fud0\"\/><\/p>\n<p>Jo\u00e3o Carranca<\/p>\n<p><img draggable=\"true\" alt=\"3 mini casas de madera, sostenibles y de 13 metros cuadrados inspiradas en la arquitectura portuguesa y perfectas para ver las estrellas\" title=\"3 mini casas de madera, sostenibles y de 13 metros cuadrados inspiradas en la arquitectura portuguesa y perfectas para ver las estrellas\" loading=\"lazy\" width=\"1772\" height=\"2214\" decoding=\"async\" data-nimg=\"1\" style=\"color:transparent;width:100%;height:auto;\"   src=\"https:\/\/www.europesays.com\/it\/wp-content\/uploads\/2026\/03\/7-mini-casa-terra-2-66d571d0b8af5.jpg\" class=\"css-0 e1g79fud0\"\/><\/p>\n<p>Jo\u00e3o Carranca<\/p>\n<p data-journey-content=\"true\" data-node-id=\"29\" class=\"css-6wxqfj emevuu60\">L&#8217;efficienza energetica \u00e8 un aspetto fondamentale nella progettazione di queste mini-case. Grazie a soluzioni di progettazione passiva, come la ventilazione incrociata e un&#8217;attenta pianificazione delle vedute e delle aperture in base all<strong data-node-id=\"29.1\">&#8216;orientamento e al paesaggio<\/strong>, le case riescono a mantenere un ambiente confortevole senza bisogno di sistemi di climatizzazione ad alto consumo energetico. Le facciate pi\u00f9 chiuse a sud e le ampie aperture verso est o nord contribuiscono a massimizzare l&#8217;efficienza termica, sfruttando le correnti d&#8217;aria e la luce naturale.<\/p>\n<p><img draggable=\"true\" alt=\"3 mini casas de madera, sostenibles y de 13 metros cuadrados inspiradas en la arquitectura portuguesa y perfectas para ver las estrellas\" title=\"3 mini casas de madera, sostenibles y de 13 metros cuadrados inspiradas en la arquitectura portuguesa y perfectas para ver las estrellas\" loading=\"lazy\" width=\"1181\" height=\"1477\" decoding=\"async\" data-nimg=\"1\" style=\"color:transparent;width:100%;height:auto;\"   src=\"https:\/\/www.europesays.com\/it\/wp-content\/uploads\/2026\/03\/12-mini-casa-terra-1-66d571ec4e2a3.jpg\" class=\"css-0 e1g79fud0\"\/><\/p>\n<p>Jo\u00e3o Carranca<\/p>\n<p><img draggable=\"true\" alt=\"3 mini casas de madera, sostenibles y de 13 metros cuadrados inspiradas en la arquitectura portuguesa y perfectas para ver las estrellas\" title=\"3 mini casas de madera, sostenibles y de 13 metros cuadrados inspiradas en la arquitectura portuguesa y perfectas para ver las estrellas\" loading=\"lazy\" width=\"1772\" height=\"2214\" decoding=\"async\" data-nimg=\"1\" style=\"color:transparent;width:100%;height:auto;\"   src=\"https:\/\/www.europesays.com\/it\/wp-content\/uploads\/2026\/03\/13-mini-casa-terra-1-66d571ec8a6c2.jpg\" class=\"css-0 e1g79fud0\"\/><\/p>\n<p>Jo\u00e3o Carranca<\/p>\n<p><img draggable=\"true\" alt=\"3 mini casas de madera, sostenibles y de 13 metros cuadrados inspiradas en la arquitectura portuguesa y perfectas para ver las estrellas\" title=\"3 mini casas de madera, sostenibles y de 13 metros cuadrados inspiradas en la arquitectura portuguesa y perfectas para ver las estrellas\" loading=\"lazy\" width=\"1417\" height=\"1773\" decoding=\"async\" data-nimg=\"1\" style=\"color:transparent;width:100%;height:auto;\"   src=\"https:\/\/www.europesays.com\/it\/wp-content\/uploads\/2026\/03\/11-mini-casa-terra-1-66d571ec8465d.jpg\" class=\"css-0 e1g79fud0\"\/><\/p>\n<p>Jo\u00e3o Carranca<\/p>\n<p><img draggable=\"true\" alt=\"3 mini casas de madera, sostenibles y de 13 metros cuadrados inspiradas en la arquitectura portuguesa y perfectas para ver las estrellas\" title=\"3 mini casas de madera, sostenibles y de 13 metros cuadrados inspiradas en la arquitectura portuguesa y perfectas para ver las estrellas\" loading=\"lazy\" width=\"1772\" height=\"2214\" decoding=\"async\" data-nimg=\"1\" style=\"color:transparent;width:100%;height:auto;\"   src=\"https:\/\/www.europesays.com\/it\/wp-content\/uploads\/2026\/03\/15-mini-casa-terra-1-66d571ec85c8a.jpg\" class=\"css-0 e1g79fud0\"\/><\/p>\n<p>Jo\u00e3o Carranca<\/p>\n<p><img draggable=\"true\" alt=\"3 mini casas de madera, sostenibles y de 13 metros cuadrados inspiradas en la arquitectura portuguesa y perfectas para ver las estrellas\" title=\"3 mini casas de madera, sostenibles y de 13 metros cuadrados inspiradas en la arquitectura portuguesa y perfectas para ver las estrellas\" loading=\"lazy\" width=\"1417\" height=\"1772\" decoding=\"async\" data-nimg=\"1\" style=\"color:transparent;width:100%;height:auto;\"   src=\"https:\/\/www.europesays.com\/it\/wp-content\/uploads\/2026\/03\/10-mini-casa-terra-1-66d571ec9c5fa.jpg\" class=\"css-0 e1g79fud0\"\/><\/p>\n<p>Jo\u00e3o Carranca<\/p>\n<p><img draggable=\"true\" alt=\"3 mini casas de madera, sostenibles y de 13 metros cuadrados inspiradas en la arquitectura portuguesa y perfectas para ver las estrellas\" title=\"3 mini casas de madera, sostenibles y de 13 metros cuadrados inspiradas en la arquitectura portuguesa y perfectas para ver las estrellas\" loading=\"lazy\" width=\"1772\" height=\"2215\" decoding=\"async\" data-nimg=\"1\" style=\"color:transparent;width:100%;height:auto;\"   src=\"https:\/\/www.europesays.com\/it\/wp-content\/uploads\/2026\/03\/14-mini-casa-terra-1-66d571eca0bac.jpg\" class=\"css-0 e1g79fud0\"\/><\/p>\n<p>Jo\u00e3o Carranca<\/p>\n<p data-journey-content=\"true\" data-node-id=\"43\" class=\"css-6wxqfj emevuu60\">Terra 1 si trova accanto a una piccola baia del bacino artificiale. Il suo design prevede una cucina a vista centrale che si collega a una terrazza sul tetto, accessibile tramite un lucernario, offrendo uno spazio intimo sotto le stelle. Terra 2 \u00e8 situata vicino a un piccolo lago, con la luce del nord che inonda l&#8217;interno attraverso grandi finestre alte, creando un&#8217;atmosfera serena e luminosa. Il letto, situato all&#8217;altezza della chioma delle querce, offre uno spazio di riposo unico. Infine, Terra 3, concepita come un osservatorio immerso nella natura, con una <strong data-node-id=\"43.1\">grande finestra circolare<\/strong> che domina il soggiorno, creando una sensazione di ampiezza e connessione con l&#8217;esterno. Una terrazza semicircolare invita alla contemplazione del paesaggio.<\/p>\n<p data-journey-content=\"true\" data-node-id=\"49\" class=\"css-6wxqfj emevuu60\"><a href=\"https:\/\/www.madeiguincho.pt\/\" target=\"_blank\" rel=\"nofollow noopener\" data-vars-ga-outbound-link=\"https:\/\/www.madeiguincho.pt\/\" data-vars-ga-ux-element=\"Hyperlink\" data-vars-ga-call-to-action=\"www.madeiguincho.pt\" data-node-id=\"49.0\" class=\"body-link css-g36lkp emevuu60\">www.madeiguincho.pt<\/a><\/p>\n<p data-journey-content=\"true\" data-node-id=\"53\" class=\"css-6wxqfj emevuu60\"><a href=\"https:\/\/www.elledecor.com\/es\/arquitectura\/a62031023\/minicasas-13-metros-sostenibles-prefabricadas\/\" target=\"_blank\" data-vars-ga-outbound-link=\"https:\/\/www.elledecor.com\/es\/arquitectura\/a62031023\/minicasas-13-metros-sostenibles-prefabricadas\/\" data-vars-ga-ux-element=\"Hyperlink\" data-vars-ga-call-to-action=\"Da ELLE Decor ES\" data-node-id=\"53.0\" class=\"body-link css-g36lkp emevuu60\" rel=\"nofollow noopener\">Da ELLE Decor ES<\/a><\/p>\n<p>Servizi piatti bellissimi<a target=\"_blank\" rel=\"nofollow noopener\" data-theme-key=\"product-image-wrapper\" href=\"https:\/\/click.linksynergy.com\/deeplink?id=2fv8O7DnZlc&amp;mid=49049&amp;murl=https%3A%2F%2Fwww.westwing.it%2Fset-18-piatti-in-porcellana-con-bordo-nero-per-6-persone-facile-136727.html&amp;u1=edcit|xid:{xid}\" aria-label=\"139\u00a0\u20ac su westwing.it per Servizio di piatti in porcellana Nessa, 4 persone (12 pz)\" data-href=\"https:\/\/www.westwing.it\/set-18-piatti-in-porcellana-con-bordo-nero-per-6-persone-facile-136727.html\" data-product-url=\"https:\/\/www.westwing.it\/set-18-piatti-in-porcellana-con-bordo-nero-per-6-persone-facile-136727.html\" data-affiliate=\"true\" data-affiliate-url=\"https:\/\/click.linksynergy.com\/deeplink?id=2fv8O7DnZlc&amp;mid=49049&amp;murl=https%3A%2F%2Fwww.westwing.it%2Fset-18-piatti-in-porcellana-con-bordo-nero-per-6-persone-facile-136727.html&amp;u1=edcit|xid:{xid}\" data-affiliate-network=\"{&quot;site_id&quot;:&quot;0550d705-7712-4019-a8b2-0f35da30918c&quot;,&quot;metadata&quot;:{&quot;trackonomics&quot;:{&quot;network_name&quot;:&quot;ls&quot;}},&quot;network&quot;:{&quot;name&quot;:&quot;Trackonomics&quot;},&quot;product_metadata&quot;:{&quot;0550d705-7712-4019-a8b2-0f35da30918c&quot;:{&quot;network_name&quot;:&quot;ls&quot;,&quot;link&quot;:&quot;https:\/\/click.linksynergy.com\/deeplink?id=2fv8O7DnZlc&amp;mid=49049&amp;murl=https%3A%2F%2Fwww.westwing.it%2Fset-18-piatti-in-porcellana-con-bordo-nero-per-6-persone-facile-136727.html&amp;u1={subid}&quot;}},&quot;afflink_redirect&quot;:&quot;\/_p\/afflink\/vX5n\/westwing-servizio-di-piatti-in-porcellana&quot;}\" data-vars-ga-call-to-action=\"139\u00a0\u20ac su westwing.it\" data-vars-ga-media-role=\"1\" data-vars-ga-media-type=\"Embedded Gallery List\" data-vars-ga-outbound-link=\"https:\/\/www.westwing.it\/set-18-piatti-in-porcellana-con-bordo-nero-per-6-persone-facile-136727.html\" data-vars-ga-product-id=\"e2398474-797c-4dc7-afa4-a4c9579f9e99\" data-vars-ga-product-price=\"139,00\u00a0\u20ac\" data-vars-ga-product-retailer-id=\"f7b9169b-94a8-406b-8006-5197bbfdf3bf\" data-vars-ga-gallery-display=\"list\" data-vars-ga-link-treatment=\"(not set) | (not set)\" data-vars-ga-sku=\"136727\" data-vars-ga-magento-tracking=\"1\" class=\"product-image-link ebgq4gw3 e12px3ys0 css-g6od0w e1socmtw0\"><img  alt=\"Servizio di piatti in porcellana Nessa, 4 persone (12 pz)\" title=\"Servizio di piatti in porcellana Nessa, 4 persone (12 pz)\" src=\"https:\/\/www.europesays.com\/it\/wp-content\/uploads\/2026\/03\/1774526301_807_1715760895-2065280.jpg\" width=\"1390\" height=\"1853\" decoding=\"async\" loading=\"lazy\"\/><\/a>Servizio di piatti in porcellana Nessa, 4 persone (12 pz)Credit: Courtesy photo<a target=\"_blank\" rel=\"nofollow noopener\" data-theme-key=\"product-image-wrapper\" href=\"https:\/\/click.linksynergy.com\/deeplink?id=2fv8O7DnZlc&amp;mid=49049&amp;murl=https%3A%2F%2Fwww.westwing.it%2Fservizio-di-piatti-in-porcellana-maira-12-pz-158543.html&amp;u1=edcit|xid:{xid}\" aria-label=\"159\u00a0\u20ac su westwing.it per Servizio di piatti in porcellana Maira, 4 persone (12 pz)\" data-href=\"https:\/\/www.westwing.it\/servizio-di-piatti-in-porcellana-maira-12-pz-158543.html\" data-product-url=\"https:\/\/www.westwing.it\/servizio-di-piatti-in-porcellana-maira-12-pz-158543.html\" data-affiliate=\"true\" data-affiliate-url=\"https:\/\/click.linksynergy.com\/deeplink?id=2fv8O7DnZlc&amp;mid=49049&amp;murl=https%3A%2F%2Fwww.westwing.it%2Fservizio-di-piatti-in-porcellana-maira-12-pz-158543.html&amp;u1=edcit|xid:{xid}\" data-affiliate-network=\"{&quot;site_id&quot;:&quot;0550d705-7712-4019-a8b2-0f35da30918c&quot;,&quot;metadata&quot;:{&quot;trackonomics&quot;:{&quot;network_name&quot;:&quot;ls&quot;}},&quot;network&quot;:{&quot;name&quot;:&quot;Trackonomics&quot;},&quot;product_metadata&quot;:{&quot;0550d705-7712-4019-a8b2-0f35da30918c&quot;:{&quot;network_name&quot;:&quot;ls&quot;,&quot;link&quot;:&quot;https:\/\/click.linksynergy.com\/deeplink?id=2fv8O7DnZlc&amp;mid=49049&amp;murl=https%3A%2F%2Fwww.westwing.it%2Fservizio-di-piatti-in-porcellana-maira-12-pz-158543.html&amp;u1={subid}&quot;}},&quot;afflink_redirect&quot;:&quot;\/_p\/afflink\/vX5m\/westwing-servizio-di-piatti-in-porcellana&quot;}\" data-vars-ga-call-to-action=\"159\u00a0\u20ac su westwing.it\" data-vars-ga-media-role=\"1\" data-vars-ga-media-type=\"Embedded Gallery List\" data-vars-ga-outbound-link=\"https:\/\/www.westwing.it\/servizio-di-piatti-in-porcellana-maira-12-pz-158543.html\" data-vars-ga-product-id=\"1e0081af-6777-4132-a135-92cb6af1ea6c\" data-vars-ga-product-price=\"159,00\u00a0\u20ac\" data-vars-ga-product-retailer-id=\"2f582f60-a84e-4108-a309-281021db4406\" data-vars-ga-gallery-display=\"list\" data-vars-ga-link-treatment=\"(not set) | (not set)\" data-vars-ga-sku=\"158543\" data-vars-ga-magento-tracking=\"1\" class=\"product-image-link ebgq4gw3 e12px3ys0 css-g6od0w e1socmtw0\"><img  alt=\"Servizio di piatti in porcellana Maira, 4 persone (12 pz)\" title=\"Servizio di piatti in porcellana Maira, 4 persone (12 pz)\" src=\"https:\/\/www.europesays.com\/it\/wp-content\/uploads\/2026\/03\/1774526302_780_1749724818-DEQ23WES19827-203731_85fef111f9ee13d7cb035bd6252684c5_dtl_1.jpg\" width=\"1140\" height=\"1520\" decoding=\"async\" loading=\"lazy\"\/><\/a>Servizio di piatti in porcellana Maira, 4 persone (12 pz)Credit: Courtesy photo<a target=\"_blank\" rel=\"nofollow noopener\" data-theme-key=\"product-image-wrapper\" href=\"https:\/\/click.linksynergy.com\/deeplink?id=2fv8O7DnZlc&amp;mid=49049&amp;murl=https%3A%2F%2Fwww.westwing.it%2Fset-12-piatti-in-gres-beige-lowri-4-persone-147242.html&amp;u1=edcit|xid:{xid}\" aria-label=\"99\u00a0\u20ac su westwing.it per Servizio di piatti Lowri, 4 persone (12 pz)\" data-href=\"https:\/\/www.westwing.it\/set-12-piatti-in-gres-beige-lowri-4-persone-147242.html\" data-product-url=\"https:\/\/www.westwing.it\/set-12-piatti-in-gres-beige-lowri-4-persone-147242.html\" data-affiliate=\"true\" data-affiliate-url=\"https:\/\/click.linksynergy.com\/deeplink?id=2fv8O7DnZlc&amp;mid=49049&amp;murl=https%3A%2F%2Fwww.westwing.it%2Fset-12-piatti-in-gres-beige-lowri-4-persone-147242.html&amp;u1=edcit|xid:{xid}\" data-affiliate-network=\"{&quot;site_id&quot;:&quot;0550d705-7712-4019-a8b2-0f35da30918c&quot;,&quot;metadata&quot;:{&quot;trackonomics&quot;:{&quot;network_name&quot;:&quot;ls&quot;}},&quot;network&quot;:{&quot;name&quot;:&quot;Trackonomics&quot;},&quot;product_metadata&quot;:{&quot;0550d705-7712-4019-a8b2-0f35da30918c&quot;:{&quot;network_name&quot;:&quot;ls&quot;,&quot;link&quot;:&quot;https:\/\/click.linksynergy.com\/deeplink?id=2fv8O7DnZlc&amp;mid=49049&amp;murl=https%3A%2F%2Fwww.westwing.it%2Fset-12-piatti-in-gres-beige-lowri-4-persone-147242.html&amp;u1={subid}&quot;}},&quot;afflink_redirect&quot;:&quot;\/_p\/afflink\/vX5k\/westwing-servizio-di-piatti-lowri-4&quot;}\" data-vars-ga-call-to-action=\"99\u00a0\u20ac su westwing.it\" data-vars-ga-media-role=\"1\" data-vars-ga-media-type=\"Embedded Gallery List\" data-vars-ga-outbound-link=\"https:\/\/www.westwing.it\/set-12-piatti-in-gres-beige-lowri-4-persone-147242.html\" data-vars-ga-product-id=\"4cd53ec3-e070-4d8b-af9f-9a97feeccfa7\" data-vars-ga-product-price=\"99,00\u00a0\u20ac\" data-vars-ga-product-retailer-id=\"f80e727b-885f-456b-beec-a573371d5837\" data-vars-ga-gallery-display=\"list\" data-vars-ga-link-treatment=\"(not set) | (not set)\" data-vars-ga-sku=\"147242\" data-vars-ga-magento-tracking=\"1\" class=\"product-image-link ebgq4gw3 e12px3ys0 css-g6od0w e1socmtw0\"><img  alt=\"Servizio di piatti Lowri, 4 persone (12 pz)\" title=\"Servizio di piatti Lowri, 4 persone (12 pz)\" src=\"https:\/\/www.europesays.com\/it\/wp-content\/uploads\/2026\/03\/1774526302_238_1743782615-DEQ22WES89558-187470_a694cdc4da4f0aa03a2a041e58a5d83f_dtl_1.jpg\" width=\"1140\" height=\"1520\" decoding=\"async\" loading=\"lazy\"\/><\/a>Servizio di piatti Lowri, 4 persone (12 pz)Credit: Courtesy photo<a target=\"_blank\" rel=\"nofollow noopener\" data-theme-key=\"product-image-wrapper\" href=\"https:\/\/click.linksynergy.com\/deeplink?id=2fv8O7DnZlc&amp;mid=49049&amp;murl=https%3A%2F%2Fwww.westwing.it%2Fservizio-di-piatti-in-porcellana-grace-4-persone-12-pz-158958.html&amp;u1=edcit|xid:{xid}\" aria-label=\"139\u00a0\u20ac su westwing.it per Servizio di piatti in porcellana Grace, 4 persone (12 pz)\" data-href=\"https:\/\/www.westwing.it\/servizio-di-piatti-in-porcellana-grace-4-persone-12-pz-158958.html\" data-product-url=\"https:\/\/www.westwing.it\/servizio-di-piatti-in-porcellana-grace-4-persone-12-pz-158958.html\" data-affiliate=\"true\" data-affiliate-url=\"https:\/\/click.linksynergy.com\/deeplink?id=2fv8O7DnZlc&amp;mid=49049&amp;murl=https%3A%2F%2Fwww.westwing.it%2Fservizio-di-piatti-in-porcellana-grace-4-persone-12-pz-158958.html&amp;u1=edcit|xid:{xid}\" data-affiliate-network=\"{&quot;site_id&quot;:&quot;0550d705-7712-4019-a8b2-0f35da30918c&quot;,&quot;metadata&quot;:{&quot;trackonomics&quot;:{&quot;network_name&quot;:&quot;ls&quot;}},&quot;network&quot;:{&quot;name&quot;:&quot;Trackonomics&quot;},&quot;product_metadata&quot;:{&quot;0550d705-7712-4019-a8b2-0f35da30918c&quot;:{&quot;network_name&quot;:&quot;ls&quot;,&quot;link&quot;:&quot;https:\/\/click.linksynergy.com\/deeplink?id=2fv8O7DnZlc&amp;mid=49049&amp;murl=https%3A%2F%2Fwww.westwing.it%2Fservizio-di-piatti-in-porcellana-grace-4-persone-12-pz-158958.html&amp;u1={subid}&quot;}},&quot;afflink_redirect&quot;:&quot;\/_p\/afflink\/vX5j\/westwing-servizio-di-piatti-in-porcellana&quot;}\" data-vars-ga-call-to-action=\"139\u00a0\u20ac su westwing.it\" data-vars-ga-media-role=\"1\" data-vars-ga-media-type=\"Embedded Gallery List\" data-vars-ga-outbound-link=\"https:\/\/www.westwing.it\/servizio-di-piatti-in-porcellana-grace-4-persone-12-pz-158958.html\" data-vars-ga-product-id=\"45fa870f-2be4-4e57-9fab-0f9ff04e0fb4\" data-vars-ga-product-price=\"139,00\u00a0\u20ac\" data-vars-ga-product-retailer-id=\"dc36fa30-f3e4-4f63-a29d-5da234658129\" data-vars-ga-gallery-display=\"list\" data-vars-ga-link-treatment=\"sale | (not set)\" data-vars-ga-sku=\"158958\" data-vars-ga-magento-tracking=\"1\" class=\"product-image-link ebgq4gw3 e12px3ys0 css-g6od0w e1socmtw0\"><img  alt=\"Servizio di piatti in porcellana Grace, 4 persone (12 pz)\" title=\"Servizio di piatti in porcellana Grace, 4 persone (12 pz)\" src=\"https:\/\/www.europesays.com\/it\/wp-content\/uploads\/2026\/03\/1774526302_167_1746189166-DEQ23WES73623-204261_53dd3e8d4b55ea58131626770e02d028_dtl_1.jpg\" width=\"1140\" height=\"1520\" decoding=\"async\" loading=\"lazy\"\/><\/a>Servizio di piatti in porcellana Grace, 4 persone (12 pz)<\/p>\n<p>Ora in sconto del 34%<\/p>\n<p>Credit: Courtesy photoRelated Stories<img src=\"https:\/\/www.europesays.com\/it\/wp-content\/uploads\/2026\/03\/1774526303_797_50497c57-8621-4a84-9b8c-4a48e0ae277b_1734433552.jpg\" alt=\"Headshot of Gala Mora\" title=\"Headshot of Gala Mora\" width=\"100%\" height=\"100%\" decoding=\"async\" loading=\"lazy\" class=\"css-o0wq4v ev8dhu53\"\/><\/p>\n<p>Gala Mora \u00e8 specializzata in architettura, design, interior design e lifestyle. Tutto ci\u00f2 che ha a che fare con il concetto di \u00abcasa\u00bb \u00e8 sacro alla sua devozione e persino la sua cerchia pi\u00f9 stretta gli chiede consigli per ristrutturare, acquistare, decorare o apportare alcune modifiche. Ama scrivere e sembra fortunato a poterlo fare sugli argomenti che pi\u00f9 gli appassionano. Ecco perch\u00e9 quando cammina per il mondo \u00e8 sempre attento alle mostre, agli stili di costruzione, all&#8217;urbanistica e, se glielo permettono, sbircia dalle finestre per vedere come le persone guardano le loro case. Un vero voyeur casalingo. Ha scritto due libri di interior design, Barcelona Interiors e Ibiza Interiors, entrambi pubblicati da Lannoo. Con oltre 20 anni di esperienza, si \u00e8 laureato in Scienze dell&#8217;Informazione presso l&#8217;Universit\u00e0 Complutense di Madrid e ha conseguito un Master in Comunicazione Integrale e un altro in Comunicazione e Gestione Politica. \u00c8 stata redattrice capo della rivista Glamour, direttrice di MMModa, responsabile stampa dell&#8217;azienda di abbigliamento Desigual e per diversi anni \u00e8 stata freelance, collaborando con media come AD, Manera, Architecture and Design, gestendo reti immobiliari e scrivendo il blog di aziende automobilistiche. Il suo rapporto con il gruppo Hearst \u00e8 iniziato con Runner&#8217;s e Men&#8217;s Health, testiere con cui continua a collaborare e alle quali ha aggiunto Elle Decor e New Style, con i quali ha iniziato una storia che spera che, come direbbe Humphrey Bogart, sia solo l&#8217;inizio di una bellissima amicizia.<\/p>\n","protected":false},"excerpt":{"rendered":"Lo studio Madeiguincho ha realizzato un progetto innovativo ad Alqueva, una regione dell&#8217;Alentejo nota per il suo paesaggio&hellip;\n","protected":false},"author":3,"featured_media":413543,"comment_status":"","ping_status":"","sticky":false,"template":"","format":"standard","meta":{"footnotes":"","_share_on_mastodon":"0"},"categories":[1446],"tags":[1615,1613,1614,1611,1610,1612,1616,203,204,1537,90,89,15327,17796,4911],"class_list":["post-413542","post","type-post","status-publish","format-standard","has-post-thumbnail","category-arte-e-design","tag-arte","tag-arte-e-design","tag-arteedesign","tag-arts","tag-arts-and-design","tag-design","tag-discover","tag-entertainment","tag-intrattenimento","tag-it","tag-italia","tag-italy","tag-mini-casa","tag-natura","tag-sostenibile"],"share_on_mastodon":{"url":"https:\/\/pubeurope.com\/@it\/116295363464700850","error":""},"_links":{"self":[{"href":"https:\/\/www.europesays.com\/it\/wp-json\/wp\/v2\/posts\/413542","targetHints":{"allow":["GET"]}}],"collection":[{"href":"https:\/\/www.europesays.com\/it\/wp-json\/wp\/v2\/posts"}],"about":[{"href":"https:\/\/www.europesays.com\/it\/wp-json\/wp\/v2\/types\/post"}],"author":[{"embeddable":true,"href":"https:\/\/www.europesays.com\/it\/wp-json\/wp\/v2\/users\/3"}],"replies":[{"embeddable":true,"href":"https:\/\/www.europesays.com\/it\/wp-json\/wp\/v2\/comments?post=413542"}],"version-history":[{"count":0,"href":"https:\/\/www.europesays.com\/it\/wp-json\/wp\/v2\/posts\/413542\/revisions"}],"wp:featuredmedia":[{"embeddable":true,"href":"https:\/\/www.europesays.com\/it\/wp-json\/wp\/v2\/media\/413543"}],"wp:attachment":[{"href":"https:\/\/www.europesays.com\/it\/wp-json\/wp\/v2\/media?parent=413542"}],"wp:term":[{"taxonomy":"category","embeddable":true,"href":"https:\/\/www.europesays.com\/it\/wp-json\/wp\/v2\/categories?post=413542"},{"taxonomy":"post_tag","embeddable":true,"href":"https:\/\/www.europesays.com\/it\/wp-json\/wp\/v2\/tags?post=413542"}],"curies":[{"name":"wp","href":"https:\/\/api.w.org\/{rel}","templated":true}]}}