{"id":413703,"date":"2026-03-26T13:58:10","date_gmt":"2026-03-26T13:58:10","guid":{"rendered":"https:\/\/www.europesays.com\/it\/413703\/"},"modified":"2026-03-26T13:58:10","modified_gmt":"2026-03-26T13:58:10","slug":"bergamo-professoressa-accoltellata-da-un-13enne-in-diretta-su-telegram-la-scritta-vendetta-sulla-maglia-lesplosivo-a-casa-e-il-pianto-a-dirotto-in-presidenza","status":"publish","type":"post","link":"https:\/\/www.europesays.com\/it\/413703\/","title":{"rendered":"Bergamo, professoressa accoltellata da un 13enne in diretta su Telegram: la scritta \u00abvendetta\u00bb sulla maglia, l&#8217;esplosivo a casa e il pianto a dirotto in presidenza"},"content":{"rendered":"<p>    di<br \/>\n    Giusi Fasano<\/p>\n<p class=\"summary-art is-line-h-12\">Il ragazzino, che indossava una maglietta con la scritta \u00abvendetta\u00bb, \u00e8 stato portato in comunit\u00e0. A casa aveva dell\u2019esplosivo. La ricerca del movente: forse un voto troppo basso<\/p>\n<p class=\"chapter-paragraph\">DALLA NOSTRA INVIATA<br \/>BERGAMO &#8211; La campanella \u00e8 appena suonata. C\u2019\u00e8 un ragazzino di terza media che entra nella sua scuola assieme a tutti gli altri. Ma non \u00e8 come tutti gli altri. Non stavolta.<b> In tasca ha un coltellaccio, nello zaino una scacciacani, addosso una t-shirt con la scritta \u00abVendetta\u00bb e nella testa pessime intenzioni.<\/b> Il suo telefonino \u00e8 acceso in modalit\u00e0 registrazione e tutto quello che far\u00e0, da questo momento in poi, sar\u00e0 trasmesso su un canale Telegram privato. Il concetto \u00e8: adesso vedrete di cosa sono capace.<\/p>\n<p class=\"chapter-paragraph\"><b>Il ragazzino tira dritto verso il suo obiettivo:<\/b> la professoressa di francese.<b> La sorprende alle spalle<\/b>, in corridoio, e<b> la colpisce con una prima coltellata al collo<\/b>. Lei si volta e lui<b> la colpisce ancora, all\u2019addome. <\/b>Ecco di cosa \u00e8 capace. <a href=\"https:\/\/bergamo.corriere.it\/notizie\/cronaca\/26_marzo_25\/trescore-balneario-studente-accoltella-insegnate-fuori-dalla-scuola-a8d8ac0d-ed7e-49c2-b54c-82e138741xlk.shtml\" title=\"Bergamo, studente di terza media accoltella l&#039;insegnante di francese: \u00e8 grave. La maglietta con la scritta \u00abvendetta\u00bb, la scacciacani e il telefono al collo per filmare\" rel=\"nofollow noopener\" target=\"_blank\">Uccidere, o almeno provarci. A 13 anni<\/a>.    &#13;<br \/>\n&#13;<br \/>\n&#13;<br \/>\n&#13;<br \/>\n&#13;<br \/>\n&#13;<br \/>\n&#13;<br \/>\n&#13;<br \/>\n&#13;<br \/>\n&#13;<br \/>\n&#13;<br \/>\n&#13;<br \/>\n&#13;<br \/>\n&#13;<br \/>\n&#13;<br \/>\n&#13;<br \/>\n&#13;<br \/>\n&#13;<br \/>\n&#13;<br \/>\n&#13;<br \/>\n&#13;<br \/>\n&#13;<br \/>\n&#13;<br \/>\n&#13;<br \/>\n&#13;<br \/>\n&#13;<br \/>\n&#13;<br \/>\n&#13;<br \/>\n&#13;<br \/>\n&#13;<br \/>\n&#13;<br \/>\n&#13;<br \/>\n&#13;<br \/>\n&#13;<br \/>\n&#13;<br \/>\n&#13;<br \/>\n&#13;<br \/>\n&#13;<br \/>\n&#13;<br \/>\n&#13;<br \/>\n&#13;<br \/>\n&#13;<br \/>\n&#13;<br \/>\n&#13;<br \/>\n&#13;<br \/>\n&#13;<br \/>\n&#13;<br \/>\n&#13;<br \/>\n&#13;<br \/>\n&#13;<br \/>\n&#13;<br \/>\n&#13;<br \/>\n&#13;\n<\/p>\n<p class=\"chapter-paragraph\"><a href=\"https:\/\/bergamo.corriere.it\/notizie\/cronaca\/26_marzo_25\/bergamo-chi-e-chiara-mocchi-l-insegnante-di-francese-accoltellata-da-uno-studente-l-amore-per-le-lingue-e-la-scuola-seria-e-1f5f6b57-e997-4962-a375-a05d119e9xlk.shtml\" title=\"Bergamo, chi \u00e8 Chiara, l&#039;insegnante accoltellata da un suo studente. L&#039;amore per il francese e per la poesia: \u00abSeria e stimata\u00bb\" rel=\"nofollow noopener\" target=\"_blank\">La prof si chiama Chiara,  ha 57 anni<\/a>, e anche se la prognosi \u00e8 ancora riservata, i medici dell\u2019ospedale Papa Giovanni XXIII di Bergamo \u2014 che l\u2019hanno ricoverata in terapia intensiva \u2014 <b>dicono che non \u00e8 in pericolo di vita.<\/b> Non lo \u00e8 grazie al fatto che sull\u2019elicottero che \u00e8 venuto a prenderla c\u2019erano strumenti e sacche di sangue per consentire la trasfusione immediata. \u00abQuesto sicuramente ha contribuito a salvarle la vita perch\u00e9<b> ha subito gravi danni e stava perdendo parecchio sangue<\/b>. Poi in sala operatoria \u00e8 stato fatto il resto\u00bb, \u00e8 la valutazione di Guido Bertolaso, assessore al Welfare della Regione Lombardia.<\/p>\n<p>    L&#8217;aggressione ripresa e trasmessa su Telegram<\/p>\n<p class=\"chapter-paragraph\">Ma torniamo alla scuola, al fatto. <b>Il ragazzino ha appena trasmesso l\u2019aggressione ai suoi spettatori di Telegram. <\/b>La professoressa \u00e8 per terra, nel sangue, e lui scappa via davanti ai pochi compagni di scuola che hanno assistito alla scena, sbigottiti.<\/p>\n<p class=\"chapter-paragraph\">Prima che lui si allontani <b>alcuni dei ragazzini hanno la prontezza di correre nelle aule e chiudere la porta<\/b>. Si barricano dentro, banchi contro l\u2019ingresso, per <b>la paura di diventare a loro volta bersagli<\/b> di quel ragazzetto con il coltello in mano. Che intanto prova a imboccare l\u2019uscita ma trova sulla sua rotta <b>un\u2019altra prof che gli sbarra la strada, lo fa cadere e riesce a bloccarlo<\/b> con l\u2019aiuto di due collaboratori scolastici.<\/p>\n<p>APPROFONDISCI CON IL PODCAST<\/p>\n<p class=\"chapter-paragraph\">Il resto di questa storia \u00e8 la ricostruzione scritta dai carabinieri del Comando provinciale di Bergamo, che hanno lavorato fino a notte per mettere assieme la relazione per la procura dei minori di Brescia. Il ragazzino non \u00e8 imputabile ma<b> per lui \u00e8 stato deciso il trasferimento in una comunit\u00e0 per minorenni<\/b>.<\/p>\n<p>    La ricerca del movente<\/p>\n<p class=\"chapter-paragraph\">Nella relazione <b>si prova a tracciare anche il movente<\/b>, ammesso che possa esserci un motivo per avere \u2014 a 13 anni \u2014 un tale livore verso una professoressa. <b>Sarebbero due gli episodi recenti che lui stesso ha raccontato davanti a quella domanda: perch\u00e9? <\/b>Il primo: <b>un voto pi\u00f9 basso<\/b> di quello che lui era convinto di meritare; circostanza vissuta come una profonda ingiustizia.<b> E poi una lite con un compagno di classe<\/b>, con la prof che ha difeso l\u2019altro e non lui che, evidentemente, si \u00e8 sentito umiliato da quella situazione. Roba di poco conto, ma vissuta come un affronto grandissimo.<\/p>\n<p>    L&#8217;odio per la prof di francese e l&#8217;esplosivo in casa<\/p>\n<p class=\"chapter-paragraph\">Tutti i suoi compagni ripetono che <b>il suo astio per \u00abquella di francese\u00bb era evidente e non recente<\/b>, quindi ci saranno stati molto pi\u00f9 di quei due episodi nella sua premeditazione e in quel desiderio di vendetta esibita sulla maglietta e via Telegram. Un desiderio per il quale forse aveva immaginato uno scenario pi\u00f9 grande, <b>perch\u00e9 a casa di sua madre i carabinieri hanno trovato (su sua indicazione) materiale esplosivo da assemblare, non \u00e8 chiaro a quale scopo<\/b>. Per scongiurare il rischio che ne avesse portato anche a scuola sono state necessarie le unit\u00e0 cinofile.<\/p>\n<p class=\"chapter-paragraph\">Quando l\u2019hanno portato in presidenza, mentre in tutta la scuola era allarme generale,<b> lui \u00e8 scoppiato a piangere<\/b>. Cos\u00ec raccontano i suoi compagni di classe; che giurano in coro: <b>\u00abMai lo avremmo pensato capace di una cosa del genere\u00bb<\/b>. Quel ragazzino un po\u2019 timido, mai eccessivo, anonimo, coltivava la sua vendetta sulle chat di Telegram, quasi certamente con sconosciuti, lontano dalle amicizie della scuola. <b>Chi erano gli utenti in linea mentre lui colpiva la professoressa? Sono stati loro a istigarlo perch\u00e9 facesse quello che ha fatto?<\/b><\/p>\n<p>    Le indagini e i quesiti ancora aperti<\/p>\n<p class=\"chapter-paragraph\">Le indagini (a partire dal suo telefono cellulare) cercheranno di dare una risposta anche a tutto questo, mentre il caso scuote la politica e le istituzioni. Il vicepremier e leader della Lega Matteo Salvini scrive su X: \u00abUn bambino. Sconvolgente. Avanti con le nuove norme volute da noi per contrastare il porto e l\u2019uso di coltelli a scuola e ovunque\u00bb.\u00a0<\/p>\n<p class=\"chapter-paragraph\">Irene Manzi, responsabile scuola del Pd, parla a nome del partito per \u00abdare solidariet\u00e0 alla docente\u00bb e \u00abauspicare che si rafforzino tutti gli strumenti di prevenzione, ascolto e supporto nelle scuole\u00bb. Il segretario generale della Cei, monsignor Giuseppe Baturi, dice che \u00absiamo basiti, sgomenti e dispiaciuti\u00bb. Il presidente dei presidi di Anp, Antonello Giannelli, legge questa storia come <b>\u00abun segnale allarmante<\/b>. Un nuovo e ulteriore sintomo del progressivo imbarbarimento della societ\u00e0, in una preoccupante spirale di violenza\u00bb.<\/p>\n<p class=\"chapter-paragraph\">Lui, il ragazzino, di tutto questo non sa nulla. Sa soltanto che adesso \u00e8 solo, lontano da tutto e tutti.<\/p>\n<p class=\"is-last-update\" datetime=\"2026-03-26T12:03:31+01:00\">26 marzo 2026 ( modifica il 26 marzo 2026 | 12:03)<\/p>\n<p class=\"is-copyright\">\n            \u00a9 RIPRODUZIONE RISERVATA\n        <\/p>\n","protected":false},"excerpt":{"rendered":"di Giusi Fasano Il ragazzino, che indossava una maglietta con la scritta \u00abvendetta\u00bb, \u00e8 stato portato in comunit\u00e0.&hellip;\n","protected":false},"author":3,"featured_media":413704,"comment_status":"","ping_status":"","sticky":false,"template":"","format":"standard","meta":{"footnotes":"","_share_on_mastodon":"0"},"categories":[6],"tags":[30220,235709,235710,18638,235711,235712,15335,235713,235714,3476,235715,235716,4593,2201,17039,4189,1687,8624,3905,3155,3199,4021,931,14,2276,12270,1230,65881,3368,8,486,1537,90,89,13045,7029,7,15,82,9,83,10,1916,32027,28231,83822,4696,10014,1234,11318,614,235708,6193,1466,22933,235315,2061,1567,9899,4470,13,62050,11,80,84,12,81,85,61001,17625,2424,235317],"class_list":["post-413703","post","type-post","status-publish","format-standard","has-post-thumbnail","category-ultime-notizie","tag-acceso","tag-acceso-modalita","tag-acceso-modalita-trasmesso","tag-accoltellata","tag-accoltellata-diretta","tag-accoltellata-diretta-telegram","tag-addome","tag-addome-capace","tag-addome-capace-uccidere","tag-addosso","tag-addosso-shirt","tag-addosso-shirt-scritta","tag-aggressione","tag-appena","tag-assieme","tag-basso","tag-bergamo","tag-capace","tag-carabinieri","tag-classe","tag-colpisce","tag-compagni","tag-comunita","tag-cronaca","tag-dare","tag-desiderio","tag-episodi","tag-esplosivo","tag-francese","tag-headlines","tag-indagini","tag-it","tag-italia","tag-italy","tag-maglietta","tag-movente","tag-news","tag-notizie","tag-notizie-di-cronaca","tag-notizie-principali","tag-notiziedicronaca","tag-notizieprincipali","tag-portato","tag-presidenza","tag-prof","tag-professoressa","tag-prova","tag-ragazzino","tag-relazione","tag-resto","tag-ricerca","tag-ricerca-movente","tag-sa","tag-sangue","tag-scritta","tag-scritta-vendetta","tag-scuola","tag-storia","tag-strumenti","tag-telegram","tag-titoli","tag-trasmesso","tag-ultime-notizie","tag-ultime-notizie-di-cronaca","tag-ultime-notizie-e-news-di-oggi","tag-ultimenotizie","tag-ultimenotiziedicronaca","tag-ultimenotizieenewsdioggi","tag-vendetta","tag-vissuta","tag-voto","tag-voto-basso"],"share_on_mastodon":{"url":"","error":"Validation failed: Text character limit of 500 exceeded"},"_links":{"self":[{"href":"https:\/\/www.europesays.com\/it\/wp-json\/wp\/v2\/posts\/413703","targetHints":{"allow":["GET"]}}],"collection":[{"href":"https:\/\/www.europesays.com\/it\/wp-json\/wp\/v2\/posts"}],"about":[{"href":"https:\/\/www.europesays.com\/it\/wp-json\/wp\/v2\/types\/post"}],"author":[{"embeddable":true,"href":"https:\/\/www.europesays.com\/it\/wp-json\/wp\/v2\/users\/3"}],"replies":[{"embeddable":true,"href":"https:\/\/www.europesays.com\/it\/wp-json\/wp\/v2\/comments?post=413703"}],"version-history":[{"count":0,"href":"https:\/\/www.europesays.com\/it\/wp-json\/wp\/v2\/posts\/413703\/revisions"}],"wp:featuredmedia":[{"embeddable":true,"href":"https:\/\/www.europesays.com\/it\/wp-json\/wp\/v2\/media\/413704"}],"wp:attachment":[{"href":"https:\/\/www.europesays.com\/it\/wp-json\/wp\/v2\/media?parent=413703"}],"wp:term":[{"taxonomy":"category","embeddable":true,"href":"https:\/\/www.europesays.com\/it\/wp-json\/wp\/v2\/categories?post=413703"},{"taxonomy":"post_tag","embeddable":true,"href":"https:\/\/www.europesays.com\/it\/wp-json\/wp\/v2\/tags?post=413703"}],"curies":[{"name":"wp","href":"https:\/\/api.w.org\/{rel}","templated":true}]}}