{"id":414205,"date":"2026-03-26T21:03:11","date_gmt":"2026-03-26T21:03:11","guid":{"rendered":"https:\/\/www.europesays.com\/it\/414205\/"},"modified":"2026-03-26T21:03:11","modified_gmt":"2026-03-26T21:03:11","slug":"qualificazioni-mondiali-galles-bosnia-live-calciomercato","status":"publish","type":"post","link":"https:\/\/www.europesays.com\/it\/414205\/","title":{"rendered":"Qualificazioni mondiali, Galles-Bosnia LIVE | Calciomercato"},"content":{"rendered":"<p>La vincente di questa partita pu\u00f2 diventare la potenziale avversaria dell&#8217;Italia se gli Azzurri dovessero battere l&#8217;Irlanda del Nord<\/p>\n<p>Gli occhi puntati su Italia-Irlanda del Nord, con un orecchio verso Cardiff per sentire come sta andando <b><strong>Galles-Bosnia.<\/strong><\/b> Stasera si giocher\u00e0 il penultimo step della fase di qualificazione europee al Mondiale in programma dal 10 giugno al 19 luglio prossimi, tra Stati Uniti, Canada e Messico. Se la squadra di Gattuso superer\u00e0 l&#8217;ostacolo Irlanda del Nord nella gara di Bergamo, marted\u00ec prossimo, 31 marzo, giocher\u00e0 contro la vincente della partita di stasera alle 20.45 tra Galles e Bosnia. La sfida di Cardiff quindi interesser\u00e0 indirettamente anche gli Azzurri, che ora per\u00f2 dovranno concentrarsi sul primo ostacolo da superare.<\/p>\n","protected":false},"excerpt":{"rendered":"La vincente di questa partita pu\u00f2 diventare la potenziale avversaria dell&#8217;Italia se gli Azzurri dovessero battere l&#8217;Irlanda del&hellip;\n","protected":false},"author":3,"featured_media":414206,"comment_status":"","ping_status":"","sticky":false,"template":"","format":"standard","meta":{"footnotes":"","_share_on_mastodon":"0"},"categories":[176],"tags":[235937,1537,90,89,63604,16389,1654,245,244,235938,63606],"class_list":["post-414205","post","type-post","status-publish","format-standard","has-post-thumbnail","category-sport","tag-galles-vs-bosnia-ed-erzegovina","tag-it","tag-italia","tag-italy","tag-mondiali-qualificazioni-uefa-playoff","tag-national-teams","tag-nazionali","tag-sport","tag-sports","tag-wales-vs-bosnia-and-herzegovina","tag-world-cup-qualification-uefa"],"share_on_mastodon":{"url":"https:\/\/pubeurope.com\/@it\/116297505568902873","error":""},"_links":{"self":[{"href":"https:\/\/www.europesays.com\/it\/wp-json\/wp\/v2\/posts\/414205","targetHints":{"allow":["GET"]}}],"collection":[{"href":"https:\/\/www.europesays.com\/it\/wp-json\/wp\/v2\/posts"}],"about":[{"href":"https:\/\/www.europesays.com\/it\/wp-json\/wp\/v2\/types\/post"}],"author":[{"embeddable":true,"href":"https:\/\/www.europesays.com\/it\/wp-json\/wp\/v2\/users\/3"}],"replies":[{"embeddable":true,"href":"https:\/\/www.europesays.com\/it\/wp-json\/wp\/v2\/comments?post=414205"}],"version-history":[{"count":0,"href":"https:\/\/www.europesays.com\/it\/wp-json\/wp\/v2\/posts\/414205\/revisions"}],"wp:featuredmedia":[{"embeddable":true,"href":"https:\/\/www.europesays.com\/it\/wp-json\/wp\/v2\/media\/414206"}],"wp:attachment":[{"href":"https:\/\/www.europesays.com\/it\/wp-json\/wp\/v2\/media?parent=414205"}],"wp:term":[{"taxonomy":"category","embeddable":true,"href":"https:\/\/www.europesays.com\/it\/wp-json\/wp\/v2\/categories?post=414205"},{"taxonomy":"post_tag","embeddable":true,"href":"https:\/\/www.europesays.com\/it\/wp-json\/wp\/v2\/tags?post=414205"}],"curies":[{"name":"wp","href":"https:\/\/api.w.org\/{rel}","templated":true}]}}