{"id":414362,"date":"2026-03-26T23:15:16","date_gmt":"2026-03-26T23:15:16","guid":{"rendered":"https:\/\/www.europesays.com\/it\/414362\/"},"modified":"2026-03-26T23:15:16","modified_gmt":"2026-03-26T23:15:16","slug":"beautiful-anticipazioni-dal-30-marzo-2026-il-ritorno-di-thomas-e-la-relazione-con-paris","status":"publish","type":"post","link":"https:\/\/www.europesays.com\/it\/414362\/","title":{"rendered":"Beautiful, anticipazioni dal 30 marzo 2026. Il ritorno di Thomas e la relazione con Paris"},"content":{"rendered":"<p>Ecco cosa vedremo la prossima settimana nelle puntate di Beautiful in onda da luned\u00ec 30 marzo a sabato 4 aprile. La nota soap opera americana che in questi giorni ha festeggiato il traguardo della 39esima stagione, va in onda in prima visione su <a href=\"https:\/\/www.ilmattino.it\/t\/canale-5\" rel=\"nofollow noopener\" target=\"_blank\">Canale 5<\/a> dal luned\u00ec al sabato alle ore 13:40 e on demand sulla piattaforma <strong>Mediaset Infinity<\/strong>.<\/p>\n<p>Nelle inedite puntate italiane verr\u00e0 mostrata al pubblico la nuova vita famigliare di Bill Spencer (Don Diamont) dopo il ricongiungimento con figlia Luna (Lisa Yamada), nata da una relazione avuta in giovent\u00f9 con Poppy (Romy Park) con cui l\u2019imprenditore torner\u00e0 a convivere dopo anni di lontananza. Vero scenario di un colpo di scena sar\u00e0 tuttavia la sede della Maison Forrester Creation dove Hope (Annika Noelle) si rifuger\u00e0 dedicandosi al lavoro senza sosta per non pensare ai propri fallimenti sentimentali. Avr\u00e0 tuttavia una sorpresa: il ritorno del figlio Douglas di rientro dall\u2019Europa con il padre Thomas (Matthew Atkinson) che, per\u00f2, non sembrer\u00e0 pi\u00f9 intento a ricucire il suo rapporto d\u2019amore con la Logan ma anzi sveler\u00e0 di aver intrapreso una nuova relazione di coppia.<\/p>\n","protected":false},"excerpt":{"rendered":"Ecco cosa vedremo la prossima settimana nelle puntate di Beautiful in onda da luned\u00ec 30 marzo a sabato&hellip;\n","protected":false},"author":3,"featured_media":414363,"comment_status":"","ping_status":"","sticky":false,"template":"","format":"standard","meta":{"footnotes":"","_share_on_mastodon":"0"},"categories":[1444],"tags":[1518,16275,685,203,204,1537,90,89,9060,9100,11579,33298,253],"class_list":["post-414362","post","type-post","status-publish","format-standard","has-post-thumbnail","category-tv","tag-anticipazioni","tag-beautiful","tag-canale-5","tag-entertainment","tag-intrattenimento","tag-it","tag-italia","tag-italy","tag-mediaset","tag-serie-tv","tag-soap","tag-soap-opera","tag-tv"],"share_on_mastodon":{"url":"https:\/\/pubeurope.com\/@it\/116298025135624799","error":""},"_links":{"self":[{"href":"https:\/\/www.europesays.com\/it\/wp-json\/wp\/v2\/posts\/414362","targetHints":{"allow":["GET"]}}],"collection":[{"href":"https:\/\/www.europesays.com\/it\/wp-json\/wp\/v2\/posts"}],"about":[{"href":"https:\/\/www.europesays.com\/it\/wp-json\/wp\/v2\/types\/post"}],"author":[{"embeddable":true,"href":"https:\/\/www.europesays.com\/it\/wp-json\/wp\/v2\/users\/3"}],"replies":[{"embeddable":true,"href":"https:\/\/www.europesays.com\/it\/wp-json\/wp\/v2\/comments?post=414362"}],"version-history":[{"count":0,"href":"https:\/\/www.europesays.com\/it\/wp-json\/wp\/v2\/posts\/414362\/revisions"}],"wp:featuredmedia":[{"embeddable":true,"href":"https:\/\/www.europesays.com\/it\/wp-json\/wp\/v2\/media\/414363"}],"wp:attachment":[{"href":"https:\/\/www.europesays.com\/it\/wp-json\/wp\/v2\/media?parent=414362"}],"wp:term":[{"taxonomy":"category","embeddable":true,"href":"https:\/\/www.europesays.com\/it\/wp-json\/wp\/v2\/categories?post=414362"},{"taxonomy":"post_tag","embeddable":true,"href":"https:\/\/www.europesays.com\/it\/wp-json\/wp\/v2\/tags?post=414362"}],"curies":[{"name":"wp","href":"https:\/\/api.w.org\/{rel}","templated":true}]}}