{"id":414577,"date":"2026-03-27T02:31:17","date_gmt":"2026-03-27T02:31:17","guid":{"rendered":"https:\/\/www.europesays.com\/it\/414577\/"},"modified":"2026-03-27T02:31:17","modified_gmt":"2026-03-27T02:31:17","slug":"enel-500-mila-euro-di-multa-per-il-telemarketing-offerte-commerciali-anche-a-chi-aveva-negato-il-consenso","status":"publish","type":"post","link":"https:\/\/www.europesays.com\/it\/414577\/","title":{"rendered":"Enel, 500 mila euro di multa per il telemarketing: offerte commerciali anche a chi aveva negato il consenso"},"content":{"rendered":"<p>    di<br \/>\n    Redazione Economia<\/p>\n<p class=\"summary-art is-line-h-12 is-mr-t-20\">Il procedimento nato da un reclamo e due segnalazioni in cui si lamentava la ricezione di numerose chiamate indesiderate. Sottoposte ai clienti ulteriori offerte commerciali in assenza di un&#8217;idonea base giuridica<\/p>\n<p class=\"chapter-paragraph\">Multa da oltre 500 mila euro per Enel Energia, societ\u00e0 del gruppo che gestisce la fornitura di luce e gas. La ha imposta il Garante privacy per <b>trattamento illecito di dati personali a fini\u00a0di telemarketing e teleselling.<\/b> Il procedimento \u00e8 nato da un reclamo e due\u00a0segnalazioni in cui si lamentava la ricezione di numerose chiamate indesiderate.\u00a0L&#8217;Autorit\u00e0 ha accertato che Enel Energia, anche\u00a0mediante societ\u00e0 terze, <b>nel corso di contatti prettamente gestionali,\u00a0sottoponeva ai clienti ulteriori offerte commerciali<\/b>, in assenza di un&#8217;idonea\u00a0base giuridica. Le proposte effettuate al termine dell&#8217;iter contrattuale di\u00a0fornitura (come le <a href=\"https:\/\/www.corriere.it\/economia\/consumi\/26_febbraio_19\/bollette-elettriche-la-bce-in-italia-le-famiglie-pagano-il-doppio-delle-industrie-quali-sono-i-motivi-e5d662a0-cc6b-48c4-a0bf-c238239cbxlk.shtml\" rel=\"nofollow noopener\" target=\"_blank\">bollette della luce per cui le famiglie in Italia pagano il doppio delle industrie<\/a>) avvenivano infatti anche quando i clienti avevano manifestato un\u00a0espresso diniego al trattamento dei dati per finalit\u00e0 di marketing.<\/p>\n<p>    L\u2019acquisizione del consenso\u00a0<\/p>\n<p class=\"chapter-paragraph\">Nel corso del procedimento, \u00e8 emerso anche che Enel Energia nelle procedure di ricontatto degli utenti,\u00a0non aveva adottato misure tecnico-organizzative che escludessero il rischio di\u00a0effettuare trattamenti illegittimi. Il Garante ribadisce che i\u00a0titolari devono adottare <b>modalit\u00e0 di acquisizione dei consensi in grado di\u00a0verificare l&#8217;identit\u00e0 dell&#8217;interessato<\/b> e garantire, dunque, la lecita\u00a0provenienza dei dati personali. Tra queste, il double opt-in, un\u00a0processo che richiede un <b>comportamento attivo da parte degli utenti volto a\u00a0confermare la volont\u00e0 di ricevere comunicazioni promozionali,<\/b> garantendo cos\u00ec\u00a0maggiori tutele sia per gli interessati sia per i titolari. Pertanto, oltre alla\u00a0sanzione di 563.052 euro, il Garante ha ordinato a Enel di implementare misure adeguate affinch\u00e9 il\u00a0trattamento dei dati personali degli interessati avvenga nel rispetto del Gdpr\u00a0lungo tutta la filiera del trattamento.    &#13;<br \/>\n&#13;<br \/>\n&#13;<br \/>\n&#13;<br \/>\n&#13;<br \/>\n&#13;<br \/>\n&#13;<br \/>\n&#13;<br \/>\n&#13;<br \/>\n&#13;<br \/>\n&#13;<br \/>\n&#13;<br \/>\n&#13;<br \/>\n&#13;<br \/>\n&#13;<br \/>\n&#13;<br \/>\n&#13;<br \/>\n&#13;<br \/>\n&#13;<br \/>\n&#13;<br \/>\n&#13;<br \/>\n&#13;<br \/>\n&#13;<br \/>\n&#13;<br \/>\n&#13;<br \/>\n&#13;<br \/>\n&#13;<br \/>\n&#13;<br \/>\n&#13;<br \/>\n&#13;<br \/>\n&#13;<br \/>\n&#13;<br \/>\n&#13;<br \/>\n&#13;<br \/>\n&#13;<br \/>\n&#13;<br \/>\n&#13;<br \/>\n&#13;<br \/>\n&#13;<br \/>\n&#13;<br \/>\n&#13;<br \/>\n&#13;<br \/>\n&#13;<br \/>\n&#13;<br \/>\n&#13;<br \/>\n&#13;<br \/>\n&#13;<br \/>\n&#13;<br \/>\n&#13;<br \/>\n&#13;<br \/>\n&#13;<br \/>\n&#13;<br \/>\n&#13;\n<\/p>\n<p>    Assoutenti: un far west<\/p>\n<p class=\"chapter-paragraph\">La multa \u00ab\u00e8 l&#8217;ennesima dimostrazione del far west che regna\u00a0in Italia sul fronte del telemarketing\u00bb, afferma Assoutenti.\u00a0\u00ab<b>Le molte iniziative di miglioramento proposte sul tema e\u00a0l&#8217;introduzione del registro delle opposizioni non hanno prodotto i risultati\u00a0sperati &#8211; afferma il presidente Gabriele Melluso<\/b>-. La\u00a0nuova multa del Garante \u00e8 l&#8217;ennesima riprova della necessit\u00e0 di un cambio di\u00a0rotta: oltre alle sanzioni delle autorit\u00e0, serve introdurre sistemi che\u00a0obblighino le societ\u00e0 e gli operatori a indennizzare in modo diretto i cittadini\u00a0vittime di telefonate commerciali indesiderate. Indispensabile poi un registro\u00a0delle autorizzazioni dove si iscrivono solo coloro che vogliono essere\u00a0interpellati telefonicamente per proposte commerciali. <b>Serve una riforma\u00a0radicale del sistema che porti dall&#8217;attuale opt-out al pi\u00f9 efficace opt-in<\/b>,\u00a0seguendo l&#8217;esempio di altri Paesi europei, in modo che solo chi fornisce\u00a0espressa autorizzazione possa ricevere telefonate commerciali, e senza tale\u00a0consenso call center e operatori non possano pi\u00f9 chiamare n\u00e9 disturbare i\u00a0cittadini\u00bb.<\/p>\n<p>    Unc: numerazione sia riconoscibile<\/p>\n<p class=\"chapter-paragraph\">\u00abAbbiamo chiesto da tempo al Parlamento anche in\u00a0audizioni parlamentari- dichiara Massimiliano Dona, presidente dell&#8217;Unione Nazionale Consumatori\u00a0&#8211; di togliere valore ai contratti fatti al telefono su\u00a0luce e gas, per i quali \u00e8 impossibile con una telefonata avere un quadro\u00a0informativo adeguato e di considerare sempre aggressiva la pratica di telefonare <br \/>a chi \u00e8 iscritto al Registro delle Opposizioni, anche se si tratta di una <br \/>singola chiamata, modificando il Codice del Consumo, cos\u00ec che anche l&#8217;Antitrust\u00a0possa intervenire a supporto del Garante della Privacy.\u00a0Vanno poi <b>obbligati i call center a usare sempre la numerazione\u00a0riconoscibile indicata dall&#8217;Autorit\u00e0 delle comunicazioni, ossia lo 0844<\/b>\u00bb.<\/p>\n<p>LEGGI ANCHE<\/p>\n<ul id=\"m17324-17323-17325\">\n<li id=\"m17329-17328-17330\">\n<p>            <a id=\"m17407-17406-17408\" href=\"https:\/\/www.corriere.it\/economia\/consumi\/26_marzo_26\/pagamenti-digitali-gli-italiani-non-usano-i-contanti-per-il-75-delle-spese-ricorrenti-c67ab3ad-21f8-4007-aaf0-582298f45xlk.shtml\" rel=\"nofollow noopener\" target=\"_blank\">Pagamenti digitali, gli italiani non usano i contanti per il 75% delle spese ricorrenti<\/a>di Redazione Economia<\/p>\n<\/li>\n<li id=\"m17342-17341-17343\">\n<p>            <a id=\"m17429-17428-17430\" href=\"https:\/\/www.corriere.it\/economia\/finanza\/26_marzo_26\/ocse-la-guerra-punisce-l-italia-crescita-ferma-a-0-4-e-ritorna-l-inflazione-tutte-le-stime-c08a052a-2313-480a-9481-b2ada4148xlk.shtml\" rel=\"nofollow noopener\" target=\"_blank\">Ocse, la guerra punisce l\u2019Italia: crescita ferma a +0,4% e ritorna l\u2019inflazione, tutte le stime<\/a>di Giuliana Ferraino<\/p>\n<\/li>\n<li id=\"m17355-17354-17356\">\n<p>            <a id=\"m17451-17450-17452\" href=\"https:\/\/www.corriere.it\/economia\/aziende\/26_marzo_26\/parmigiano-reggiano-il-giro-d-affari-sfiora-i-4-miliardi-l-export-vale-oltre-il-50-7f1f0820-d45e-4f66-bb87-66ffd6bc9xlk.shtml\" rel=\"nofollow noopener\" target=\"_blank\">Parmigiano Reggiano, il giro d\u2019affari sfiora i 4 miliardi: l\u2019export vale oltre il 50%<\/a>di Valentina Iorio<\/p>\n<\/li>\n<li id=\"m17368-17367-17369\">\n<p>            <a id=\"m17473-17472-17474\" href=\"https:\/\/www.corriere.it\/economia\/trasporti\/aerei\/26_marzo_26\/voli-america-caos-aeroporti-bdf6392a-a547-4b68-8a8b-04558c662xlk.shtml\" rel=\"nofollow noopener\" target=\"_blank\">Voli, l\u2019America in coda ai controlli negli aeroporti: \u00abPresentatevi al terminal 4 ore prima\u00bb. Ecco le ragioni del caos<\/a>di Leonard Berberi<\/p>\n<\/li>\n<li id=\"m17381-17380-17382\">\n<p>            <a id=\"m17495-17494-17496\" href=\"https:\/\/www.corriere.it\/economia\/mutui\/26_marzo_26\/il-mutuo-non-si-cerca-piu-in-banca-ora-si-chiede-a-chatgpt-e-la-nuova-partita-per-il-credito-e-rispondere-li-706fb39c-94bb-4b2f-96ef-287f73af9xlk.shtml\" rel=\"nofollow noopener\" target=\"_blank\">Il mutuo non si cerca pi\u00f9 in banca: ora si chiede a ChatGPT (e la nuova partita, per il credito, \u00e8 rispondere l\u00ec)<\/a>di Redazione Economia<\/p>\n<\/li>\n<li id=\"m17394-17393-17395\">\n<p>            <a id=\"m17517-17516-17518\" href=\"https:\/\/www.corriere.it\/economia\/consumi\/26_marzo_26\/dazi-ue-usa-il-parlamento-europeo-approva-l-intesa-via-libera-con-clausole-anti-ritorsioni-01392243-6f8a-48aa-ba90-c384fb366xlk.shtml\" rel=\"nofollow noopener\" target=\"_blank\">Dazi Ue-Usa, il Parlamento europeo approva l\u2019intesa: via libera con clausole anti-ritorsioni<\/a>di Francesca Basso, corrispondete da Bruxelles<\/p>\n<\/li>\n<\/ul>\n<p><a class=\"chiedi-esperto-box\" href=\"https:\/\/www.corriere.it\/economia\/chiedi-esperto\/fai-una-domanda\/\" rel=\"nofollow noopener\" target=\"_blank\"><img decoding=\"async\" src=\"https:\/\/www.europesays.com\/it\/wp-content\/uploads\/2026\/02\/box_esperto_dsk.png\" alt=\"Chiedi agli esperti\"\/><\/a><\/p>\n<p class=\"is-last-update\" datetime=\"2026-03-26T18:14:38+01:00\">26 marzo 2026 ( modifica il 26 marzo 2026 | 18:14)<\/p>\n<p class=\"is-copyright\">\n            \u00a9 RIPRODUZIONE RISERVATA\n        <\/p>\n","protected":false},"excerpt":{"rendered":"di Redazione Economia Il procedimento nato da un reclamo e due segnalazioni in cui si lamentava la ricezione&hellip;\n","protected":false},"author":3,"featured_media":414578,"comment_status":"","ping_status":"","sticky":false,"template":"","format":"standard","meta":{"footnotes":"","_share_on_mastodon":"0"},"categories":[172],"tags":[11468,178,868,5263,236174,236175,84832,917,2333,236176,177,26653,26654,23000,26652,236177,1064,665,3710,17288,728,29124,22566,88398,3566,724,21311,236171,1537,90,89,18494,693,5858,236172,236173,30890,33790,17299,28382,1359,26656,20133],"class_list":["post-414577","post","type-post","status-publish","format-standard","has-post-thumbnail","category-affari","tag-acquisizione","tag-affari","tag-afferma","tag-assenza","tag-assenza-idonea","tag-assenza-idonea-base","tag-assoutenti","tag-autorita","tag-base","tag-base-giuridica","tag-business","tag-call","tag-call-center","tag-center","tag-chiamate","tag-chiamate-indesiderate","tag-cittadini","tag-clienti","tag-commerciali","tag-consenso","tag-dati","tag-dati-personali","tag-enel","tag-enel-energia","tag-energia","tag-euro","tag-garante","tag-indesiderate","tag-it","tag-italia","tag-italy","tag-luce","tag-multa","tag-offerte","tag-offerte-commerciali","tag-opt","tag-personali","tag-procedimento","tag-proposte","tag-registro","tag-societa","tag-telemarketing","tag-trattamento"],"share_on_mastodon":{"url":"","error":"Validation failed: Text character limit of 500 exceeded"},"_links":{"self":[{"href":"https:\/\/www.europesays.com\/it\/wp-json\/wp\/v2\/posts\/414577","targetHints":{"allow":["GET"]}}],"collection":[{"href":"https:\/\/www.europesays.com\/it\/wp-json\/wp\/v2\/posts"}],"about":[{"href":"https:\/\/www.europesays.com\/it\/wp-json\/wp\/v2\/types\/post"}],"author":[{"embeddable":true,"href":"https:\/\/www.europesays.com\/it\/wp-json\/wp\/v2\/users\/3"}],"replies":[{"embeddable":true,"href":"https:\/\/www.europesays.com\/it\/wp-json\/wp\/v2\/comments?post=414577"}],"version-history":[{"count":0,"href":"https:\/\/www.europesays.com\/it\/wp-json\/wp\/v2\/posts\/414577\/revisions"}],"wp:featuredmedia":[{"embeddable":true,"href":"https:\/\/www.europesays.com\/it\/wp-json\/wp\/v2\/media\/414578"}],"wp:attachment":[{"href":"https:\/\/www.europesays.com\/it\/wp-json\/wp\/v2\/media?parent=414577"}],"wp:term":[{"taxonomy":"category","embeddable":true,"href":"https:\/\/www.europesays.com\/it\/wp-json\/wp\/v2\/categories?post=414577"},{"taxonomy":"post_tag","embeddable":true,"href":"https:\/\/www.europesays.com\/it\/wp-json\/wp\/v2\/tags?post=414577"}],"curies":[{"name":"wp","href":"https:\/\/api.w.org\/{rel}","templated":true}]}}