{"id":415169,"date":"2026-03-27T12:42:15","date_gmt":"2026-03-27T12:42:15","guid":{"rendered":"https:\/\/www.europesays.com\/it\/415169\/"},"modified":"2026-03-27T12:42:15","modified_gmt":"2026-03-27T12:42:15","slug":"eva-grimaldi-operata-durgenza-al-seno-per-una-protesi-ho-rischiato-la-vita","status":"publish","type":"post","link":"https:\/\/www.europesays.com\/it\/415169\/","title":{"rendered":"Eva Grimaldi operata d&#8217;urgenza al seno: &#8220;Per una protesi ho rischiato la vita&#8221;"},"content":{"rendered":"<p align=\"left\">Marzo \u00e8 stato un mese complicato per <a href=\"https:\/\/www.ilgiornale.it\/persone\/eva-grimaldi-135946.html\" data-datalayer-click-event-target=\"internal\" rel=\"nofollow noopener\" target=\"_blank\">Eva Grimaldi<\/a>: l&#8217;attrice romana ha infatti dovuto affrontare un grave problema di salute. Il peggio \u00e8 passato e l&#8217;attrice \u00e8 gi\u00e0 tornata a casa, ma due settimane fa ha rischiato la vita per colpa di una protesi al seno. &#8220;Tutta colpa di una capsulite che mi ha fatto finire in ospedale&#8221;, ha raccontato Eva Grimaldi nello studio di Caterina Balivo a &#8220;La volta buona&#8221;.<\/p>\n<p align=\"left\">Da circa due settimane Eva Grimaldi era sparita dai social network, ma i suoi fan non immaginavano che il motivo della sua assenza fosse dovuto a problemi di salute. Invece a met\u00e0 marzo l&#8217;attrice ha affrontato l&#8217;ennesimo calvario legato al seno, conseguenza di alcune mastoplastiche subite nel corso degli anni.<\/p>\n<p> Il dolore e il ricovero<\/p>\n<p align=\"left\">Nello studio del programma televisivo di Caterina Balivo, Eva ha raccontato: &#8220;Da due mesi Imma (Battaglia, la moglie ndr) continuava a dirmi che il seno si stava gonfiando, la mammella era sempre pi\u00f9 grossa. Ma io facevo finta di niente perch\u00e9 volevo evitare di tornare in sala operatoria dopo i traumi del passato&#8221;. Pi\u00f9 i giorni passavano, per\u00f2, pi\u00f9 il dolore aumentava: &#8220;Avvertivo un fortissimo dolore sotto l&#8217;ascella perch\u00e9 la protesi si era spostata. Mi sono guardata allo specchio, ho visto che la forma era cambiata e sono andata dal medico&#8221;. Proprio in quei giorni l&#8217;attrice sarebbe dovuta partire per un viaggio all&#8217;estero, ma i problemi di salute l&#8217;hanno fatta fortunatamente desistere: &#8220;Menomale che non sono andata. Ho rischiato la vita per la protesi&#8221;.<\/p>\n<p> L&#8217;intervento chirurgico<\/p>\n<p align=\"left\">Ricoverata d&#8217;urgenza in una clinica di Roma Eva Grimaldi si \u00e8 sottoposta a un intervento chirurgico per aspirare il liquido che si era formato tra la protesi e le ghiandole del seno sinistro, scatenando la dolorosa infiammazione. &#8220;Eva ha una storia clinica complessa con molti interventi alle spalle. C&#8217;era una raccolta di siero significativa ed era corretto intervenire subito per evitare ulteriori complicanze e infezioni&#8221;, ha spiegato il professor Lorenzetti, il chirurgo che ha operato l&#8217;attrice. In realt\u00e0 non \u00e8 la prima volta che Eva Grimaldi finisce in ospedale per problemi alle protesi.\n<\/p>\n<p> Negli anni \u201890 l&#8217;attrice si sottopose a una serie di interventi per aumentare il seno, che le sono costati nel tempo gravi e ripetute infezioni. La pi\u00f9 grave nel 2000, dovuta a un batterio resistente, rischi\u00f2 addirittura di farla morire. &#8220;A causa di quell&#8217;infezione sono rimasta con<a href=\"https:\/\/www.ilgiornale.it\/news\/spettacoli\/lalcolismo-setticemia-lacrime-eva-grimaldi-crolla-gf-vip-2000034.html\" data-datalayer-click-event-target=\"internal\" rel=\"nofollow noopener\" target=\"_blank\"> un solo seno per un anno<\/a>. Sono rimasta traumatizzata&#8221;, dichiar\u00f2 anni fa.<\/p>\n","protected":false},"excerpt":{"rendered":"Marzo \u00e8 stato un mese complicato per Eva Grimaldi: l&#8217;attrice romana ha infatti dovuto affrontare un grave problema&hellip;\n","protected":false},"author":3,"featured_media":415170,"comment_status":"","ping_status":"","sticky":false,"template":"","format":"standard","meta":{"footnotes":"","_share_on_mastodon":"0"},"categories":[1451],"tags":[1621,1620,203,96408,204,1537,90,89,22876],"class_list":["post-415169","post","type-post","status-publish","format-standard","has-post-thumbnail","category-celebrita","tag-celebrita","tag-celebrities","tag-entertainment","tag-eva-grimaldi","tag-intrattenimento","tag-it","tag-italia","tag-italy","tag-seno"],"share_on_mastodon":{"url":"https:\/\/pubeurope.com\/@it\/116301198032892140","error":""},"_links":{"self":[{"href":"https:\/\/www.europesays.com\/it\/wp-json\/wp\/v2\/posts\/415169","targetHints":{"allow":["GET"]}}],"collection":[{"href":"https:\/\/www.europesays.com\/it\/wp-json\/wp\/v2\/posts"}],"about":[{"href":"https:\/\/www.europesays.com\/it\/wp-json\/wp\/v2\/types\/post"}],"author":[{"embeddable":true,"href":"https:\/\/www.europesays.com\/it\/wp-json\/wp\/v2\/users\/3"}],"replies":[{"embeddable":true,"href":"https:\/\/www.europesays.com\/it\/wp-json\/wp\/v2\/comments?post=415169"}],"version-history":[{"count":0,"href":"https:\/\/www.europesays.com\/it\/wp-json\/wp\/v2\/posts\/415169\/revisions"}],"wp:featuredmedia":[{"embeddable":true,"href":"https:\/\/www.europesays.com\/it\/wp-json\/wp\/v2\/media\/415170"}],"wp:attachment":[{"href":"https:\/\/www.europesays.com\/it\/wp-json\/wp\/v2\/media?parent=415169"}],"wp:term":[{"taxonomy":"category","embeddable":true,"href":"https:\/\/www.europesays.com\/it\/wp-json\/wp\/v2\/categories?post=415169"},{"taxonomy":"post_tag","embeddable":true,"href":"https:\/\/www.europesays.com\/it\/wp-json\/wp\/v2\/tags?post=415169"}],"curies":[{"name":"wp","href":"https:\/\/api.w.org\/{rel}","templated":true}]}}