{"id":415359,"date":"2026-03-27T15:23:19","date_gmt":"2026-03-27T15:23:19","guid":{"rendered":"https:\/\/www.europesays.com\/it\/415359\/"},"modified":"2026-03-27T15:23:19","modified_gmt":"2026-03-27T15:23:19","slug":"mlacic-un-onore-che-linter-mi-abbia-contattato-ho-detto-no-perche","status":"publish","type":"post","link":"https:\/\/www.europesays.com\/it\/415359\/","title":{"rendered":"Mlacic: &#8220;Un onore che l&#8217;Inter mi abbia contattato. Ho detto no perch\u00e9&#8230;&#8221;"},"content":{"rendered":"<p>L&#8217;Inter \u00e8 stata vicina a prendere Mlacic ma il giocatore ha rifiutato la destinazione e a Sportske Novosti ha spiegato il perch\u00e9<\/p>\n<p>Branimir <a href=\"https:\/\/www.fcinter1908.it\/serie-a\/fantacalcio-atalanta-udinese-palladino-runjaic\/\" rel=\"nofollow noopener\" target=\"_blank\">Mlacic<\/a>, difensore croato classe 2007, \u00e8 stato vicino all&#8217;Inter ma la trattativa non si \u00e8 concretizzata sul pi\u00f9 bello e cos\u00ec l&#8217;Udinese lo ha preso dall&#8217;Hajduk Spalato negli ultimi giorni di mercato a gennaio. Intervistato da Sportske Novosti, proprio Mlacic ha spiegato il motivo del suo no all&#8217;Inter.<\/p>\n<p><strong>Si \u00e8 scritto molto sul fatto che tu abbia rifiutato l&#8217;Inter e altri club come la Roma. Quanto c&#8217;\u00e8 di vero in tutto questo?<\/strong><\/p>\n<p>&#8220;\u00c8 un onore essere contattato da un gigante come l&#8217;Inter, ma non credo si debbano saltare delle tappe. Spero che arrivi il momento in cui sar\u00f2 pronto per quel livello. Quanto alla Roma, in quel momento non si \u00e8 concretizzato e ho optato per l&#8217;Udinese&#8221;<\/p>\n<p><strong>Sull&#8217;ambientamento a Udine<\/strong><\/p>\n<p>&#8220;Mi sono ambientato bene e sto giocando. I miei compagni di squadra mi hanno accolto benissimo, quindi \u00e8 tutto molto pi\u00f9 semplice. Le condizioni sono eccellenti e l&#8217;allenatore mi aiuta molto e comunica costantemente con me. Mi hanno detto che non erano sicuri che avrei giocato subito in questa mezza stagione, ma che avrei avuto un&#8217;opportunit\u00e0 e un po&#8217; di tempo. Ovviamente, mi sto preparando principalmente per la prossima stagione e sto usando questo periodo per adattarmi&#8221;.<\/p>\n<p><strong>Non escludi un prestito per la prossima stagione?<\/strong><\/p>\n<p>&#8220;Per ora non \u00e8 nei miei piani. Mi alleno, lavoro e tutto verr\u00e0 definito di comune accordo con il club al momento opportuno&#8221;.<\/p>\n<p class=\"is-copyright\">\u00a9 RIPRODUZIONE RISERVATA<\/p>\n","protected":false},"excerpt":{"rendered":"L&#8217;Inter \u00e8 stata vicina a prendere Mlacic ma il giocatore ha rifiutato la destinazione e a Sportske Novosti&hellip;\n","protected":false},"author":3,"featured_media":415360,"comment_status":"","ping_status":"","sticky":false,"template":"","format":"standard","meta":{"footnotes":"","_share_on_mastodon":"0"},"categories":[1452],"tags":[721,554,19348,1740,350,1537,90,89,142582,138935,11044,8159,35591,7188,987,1739,11268,245,244,577],"class_list":["post-415359","post","type-post","status-publish","format-standard","has-post-thumbnail","category-calcio","tag-calcio","tag-club","tag-contattato","tag-football","tag-inter","tag-it","tag-italia","tag-italy","tag-mlacic","tag-novosti","tag-onore","tag-prossima","tag-prossima-stagione","tag-rifiutato","tag-roma","tag-soccer","tag-spiegato","tag-sport","tag-sports","tag-stagione"],"share_on_mastodon":{"url":"https:\/\/pubeurope.com\/@it\/116301830944134066","error":""},"_links":{"self":[{"href":"https:\/\/www.europesays.com\/it\/wp-json\/wp\/v2\/posts\/415359","targetHints":{"allow":["GET"]}}],"collection":[{"href":"https:\/\/www.europesays.com\/it\/wp-json\/wp\/v2\/posts"}],"about":[{"href":"https:\/\/www.europesays.com\/it\/wp-json\/wp\/v2\/types\/post"}],"author":[{"embeddable":true,"href":"https:\/\/www.europesays.com\/it\/wp-json\/wp\/v2\/users\/3"}],"replies":[{"embeddable":true,"href":"https:\/\/www.europesays.com\/it\/wp-json\/wp\/v2\/comments?post=415359"}],"version-history":[{"count":0,"href":"https:\/\/www.europesays.com\/it\/wp-json\/wp\/v2\/posts\/415359\/revisions"}],"wp:featuredmedia":[{"embeddable":true,"href":"https:\/\/www.europesays.com\/it\/wp-json\/wp\/v2\/media\/415360"}],"wp:attachment":[{"href":"https:\/\/www.europesays.com\/it\/wp-json\/wp\/v2\/media?parent=415359"}],"wp:term":[{"taxonomy":"category","embeddable":true,"href":"https:\/\/www.europesays.com\/it\/wp-json\/wp\/v2\/categories?post=415359"},{"taxonomy":"post_tag","embeddable":true,"href":"https:\/\/www.europesays.com\/it\/wp-json\/wp\/v2\/tags?post=415359"}],"curies":[{"name":"wp","href":"https:\/\/api.w.org\/{rel}","templated":true}]}}