{"id":416056,"date":"2026-03-28T01:03:15","date_gmt":"2026-03-28T01:03:15","guid":{"rendered":"https:\/\/www.europesays.com\/it\/416056\/"},"modified":"2026-03-28T01:03:15","modified_gmt":"2026-03-28T01:03:15","slug":"fascicolo-sanitario-elettronico-dal-31-marzo-novita-per-medici-e-cittadini-cose-e-cosa-cambiera-la-guida-il-messaggero","status":"publish","type":"post","link":"https:\/\/www.europesays.com\/it\/416056\/","title":{"rendered":"\u200bFascicolo sanitario elettronico, dal 31 marzo novit\u00e0 per medici e cittadini: cos&#039;\u00e8 e cosa cambier\u00e0. La guida &#8211; Il Messaggero"},"content":{"rendered":"<ol>\n<li><a href=\"https:\/\/news.google.com\/rss\/articles\/CBMiqwFBVV95cUxPNGdXV0MtVExLZm1MY1BEdEJIVWMwWWVlQlNBOVBhX1pLNkZkUUZfOWpCLUdzcjRNb2x3d0JfM2dCTTlFWnNpcVhZaHpweS03REJOdDZQY1ZEQnBFdm5hZDZkeDBwNGtnZU5GZDNObkZLRGxvU1JRdm9odlJ2V0RFeHBoaDBDelV0UkJNVXpGbXVoMl9RaW8tWGhKdXlEVVo1TFpJNVIwd0RTaTDSAbABQVVfeXFMTzdoYzJaRm91ZHA5eVpDWFlKdDZJWldUZnA1b3lvdHZSbVdpUVFOd28xcmNjd3djeDJfT1A2NnAtZXJZY0FqdVAwcjJ6cHlBRmtfT1Uta0F6Sm1NSk5pVzk0RUE0d0dHNmtlcVFHZW8xUEhYNlBBOEZvU0pHVm45RFZmV1NHajdmSjNOX1A3ajRpZkpvWW1vVnR3WDlpWjBDWmxmeFVLbHRjSHp1UTZWU1c?oc=5\" target=\"_blank\" rel=\"nofollow noopener\">\u200bFascicolo sanitario elettronico, dal 31 marzo novit\u00e0 per medici e cittadini: cos&#8217;\u00e8 e cosa cambier\u00e0. La guida<\/a>&nbsp;&nbsp;Il Messaggero<\/li>\n<li><a href=\"https:\/\/news.google.com\/rss\/articles\/CBMipgJBVV95cUxOWHBraG5fbDJKZXhLN1RYeHVqM0JjRnJLQnFmTFZZekEyNFprNTM3QUxNc0lrSGpGelUwQ3A0TnlUNWFUcWh1b2JBZFJfVHZqUGtPTzhneXhndVo2bUZRYW8yQW1ZM1h6SkJjWVZveUx5elBBYzY5QVBSS19reWRPWjBCU1UyZERLWHF4NEZZU29LZmY2a0NLTVo1QlNDVFJkT0dNMVJJV0xMTXY3SVdTMF95V1RqRWpjVzZlUVhNWVZ3WU8wRFcyNVRWM3A2Y1N2S1lULUk2SlM2WjFXa0RUREJPbWRCYnB5VWFmcXo4M1d3TkZySUFVRGtnNjNWeFBTQk9ENk5yQk9DWl92dVplLVNRMkZUa0NvYWpfZnM4STZrUVVqQ1HSAasCQVVfeXFMTlFWMVNOSF9kSUphU0hjR2MyeWpleDdKNWZxVTFqSVR6MWlvUTI0MUJNdUFlOWxzdXZLbU1aRWNpZkhwQjJhTE1laXAtVUY0a1JzTTR3Sm83VjNlMS1abFRvdVFDc0dfaUdILWRRT1pQMjRxb3hSSzhIdjZac2k0aDd6bEdBU24wa2xZMmgydDNjSm03eUFhdWdZN1drUHAzdURtdnFnczQzMURhRDBnN19oT2M4RV9maEg2RjcyUHE2Z09zZ3BBNThuSi10dE02M0h1VU1PT2lyTWJoblhXcnRjQnR5QnM4dld6STdCdTlRN1lkeWx0SXZJY0hkdkF0LTYzRTRaYV9VRlR4d0hVdllGVk0xd2hkZ2FMb3JialQxOGotSGQtcE9HOUU?oc=5\" target=\"_blank\" rel=\"nofollow noopener\">Fascicolo sanitario elettronico 2.0, dal 31 marzo tutte le novit\u00e0 per i cittadini e gli operatori sanitari<\/a>&nbsp;&nbsp;Corriere della Sera<\/li>\n<li><a href=\"https:\/\/news.google.com\/rss\/articles\/CBMitwFBVV95cUxPZFpqQ1RINDhDNDVJNmtZSWFOYzc3T1pyTUZRYkRqSUZVcHd5eEJtMV9IU1BmdzVSWWxQV2F6LUtOUUprM3dxWTRrcXRHdFY4Q0JkYjNGM3ZESVBrYlBLa041c1BySW1fX0x2VmhwNG5GaHpsZUh2SjR6ZWtBTWtoVTBQQnA4Z294NXdrc3d6dTcxTWI0aWdzUTQtalNtemE3ZDhhZHduNGREaWVSOC1JU1BlcUo1YVE?oc=5\" target=\"_blank\" rel=\"nofollow noopener\">Abruzzo. La Regione presenta il progetto sul Fascicolo Sanitario Elettronico<\/a>&nbsp;&nbsp;Quotidiano Sanit\u00e0<\/li>\n<li><a href=\"https:\/\/news.google.com\/rss\/articles\/CBMipwFBVV95cUxOUFVjWkhWZk16OXN4SlR5R0Y3T1JIZkp3SEd4Yk9fWkJ4LVFlZHdraEVreHZUamtvdThsTU5vSUY5M2ZQb29CLVJmWUJNT3FJbXRnZFhWM0tqUTB5RDZPbFNGMUd6VFhGOWgtLWFDTzJ1ZHNWLXdtY1pVOERLY0dySHlGUUhLdDJPNmFvYWROd0pYbzM3WGhIdFJBMnlQODR6WnlVaG5hWQ?oc=5\" target=\"_blank\" rel=\"nofollow noopener\">FSE 2.0, ecco la fase tre: cosa cambia per strutture e cittadini<\/a>&nbsp;&nbsp;Agenda Digitale<\/li>\n<li><a href=\"https:\/\/news.google.com\/rss\/articles\/CBMiogFBVV95cUxPamJIRWN4V2tyTUl2UjBMeHpXVHM5OFR6OEZOcHFPSDUtZlNfbVRPQVlRcHEycGNNcktpRmx0RlMtR2xJX2pTTlVlVFNicU5nMVhPS2xkVDRpLS1DbW5BRTlDVWROUXprZEpCWnlnb25jdGdvMVBfM1IwdngyNGtDdDZaRDhYX2w2WW5JUXZISS1iN0VlQjRfT3k0VEUwal9xa2c?oc=5\" target=\"_blank\" rel=\"nofollow noopener\">Fascicolo sanitario elettronico, dal 31 marzo novit\u00e0 per medici e cittadini: cosa succede<\/a>&nbsp;&nbsp;Adnkronos<\/li>\n<\/ol>\n","protected":false},"excerpt":{"rendered":"\u200bFascicolo sanitario elettronico, dal 31 marzo novit\u00e0 per medici e cittadini: cos&#8217;\u00e8 e cosa cambier\u00e0. La guida&nbsp;&nbsp;Il Messaggero&hellip;\n","protected":false},"author":3,"featured_media":416057,"comment_status":"","ping_status":"","sticky":false,"template":"","format":"standard","meta":{"footnotes":"","_share_on_mastodon":"0"},"categories":[79],"tags":[14,93,94,3643,1537,90,89,7,15,240,21280,9468,11,84,91,12,85,92],"class_list":["post-416056","post","type-post","status-publish","format-standard","has-post-thumbnail","category-italia","tag-cronaca","tag-cronaca-italiana","tag-cronacaitaliana","tag-fascicolo-sanitario-elettronico","tag-it","tag-italia","tag-italy","tag-news","tag-notizie","tag-salute","tag-sanit","tag-sistema-sanitario","tag-ultime-notizie","tag-ultime-notizie-e-news-di-oggi","tag-ultime-notizie-italia","tag-ultimenotizie","tag-ultimenotizieenewsdioggi","tag-ultimenotizieitalia"],"share_on_mastodon":{"url":"https:\/\/pubeurope.com\/@it\/116304111572645817","error":""},"_links":{"self":[{"href":"https:\/\/www.europesays.com\/it\/wp-json\/wp\/v2\/posts\/416056","targetHints":{"allow":["GET"]}}],"collection":[{"href":"https:\/\/www.europesays.com\/it\/wp-json\/wp\/v2\/posts"}],"about":[{"href":"https:\/\/www.europesays.com\/it\/wp-json\/wp\/v2\/types\/post"}],"author":[{"embeddable":true,"href":"https:\/\/www.europesays.com\/it\/wp-json\/wp\/v2\/users\/3"}],"replies":[{"embeddable":true,"href":"https:\/\/www.europesays.com\/it\/wp-json\/wp\/v2\/comments?post=416056"}],"version-history":[{"count":0,"href":"https:\/\/www.europesays.com\/it\/wp-json\/wp\/v2\/posts\/416056\/revisions"}],"wp:featuredmedia":[{"embeddable":true,"href":"https:\/\/www.europesays.com\/it\/wp-json\/wp\/v2\/media\/416057"}],"wp:attachment":[{"href":"https:\/\/www.europesays.com\/it\/wp-json\/wp\/v2\/media?parent=416056"}],"wp:term":[{"taxonomy":"category","embeddable":true,"href":"https:\/\/www.europesays.com\/it\/wp-json\/wp\/v2\/categories?post=416056"},{"taxonomy":"post_tag","embeddable":true,"href":"https:\/\/www.europesays.com\/it\/wp-json\/wp\/v2\/tags?post=416056"}],"curies":[{"name":"wp","href":"https:\/\/api.w.org\/{rel}","templated":true}]}}